{"id":151392,"date":"2025-10-01T20:34:13","date_gmt":"2025-10-01T20:34:13","guid":{"rendered":"https:\/\/www.europesays.com\/es\/151392\/"},"modified":"2025-10-01T20:34:13","modified_gmt":"2025-10-01T20:34:13","slug":"fc-barcelona-eric-garcia-y-cubarsi-la-pareja-de-centrales-ante-el-psg","status":"publish","type":"post","link":"https:\/\/www.europesays.com\/es\/151392\/","title":{"rendered":"FC Barcelona | Eric Garcia y Cubars\u00ed, la pareja de centrales ante el PSG"},"content":{"rendered":"<p>                        Flick opta por los dos defensas catalanes para enfrentarse al equipo franc\u00e9s en el Llu\u00eds Companys<\/p>\n<p><img src=\"https:\/\/www.mundodeportivo.com\/files\/image_449_220\/files\/fp\/uploads\/2025\/05\/06\/681a70f0721b4.r_d.1225-795.jpeg\" data-full-src=\"https:\/\/www.europesays.com\/es\/wp-content\/uploads\/2025\/10\/681a70f0721b4.jpeg\" alt=\"Horizontal\" width=\"449\" height=\"220\" class=\"nolazy\" decoding=\"async\" fetchpriority=\"high\"\/><\/p>\n<p class=\"caption-title \">Cubars\u00ed y Eric, durante un partido del Bar\u00e7a la pasada temporada<\/p>\n<p>Carl Recine \/ Getty<\/p>\n<p>                <img loading=\"lazy\" decoding=\"async\" width=\"60\" height=\"60\" alt=\"Eric Garcia y Cubars\u00ed, la pareja de centrales ante el PSG\" title=\"\" src=\"\/files\/image_60_60\/uploads\/2021\/08\/04\/610a60bc00227.png\" class=\"lazy\"\/><\/p>\n<p>\n                        Actualizado a  01\/10\/2025 19:56 CEST\n                    <\/p>\n<p data-gtm-element-container=\"modulo-texto-link\" class=\"paragraph\">Una de las inc\u00f3gnitas que hab\u00eda en el once de <strong>Hansi Flick<\/strong> de cara al partido contra el PSG de Champions League estaba en el eje de la defensa. Seg\u00fan ha podido saber MD, finalmente ser\u00e1n<strong> Eric Garcia y Pau Cubars\u00ed<\/strong> los dos escogidos por el entrenador alem\u00e1n para formar la pareja de centrales contra los franceses.<\/p>\n<p data-gtm-element-container=\"modulo-texto-link\" class=\"paragraph\">El damnificado en este caso es<strong> Ronald Araujo<\/strong>, que ya jug\u00f3 en Newcastle, pero que volver\u00e1 al banquillo despu\u00e9s de dos partidos como titular en Liga. Por su parte, Eric volver\u00e1 al eje de la zaga junto a <strong>Cubars\u00ed<\/strong>, dosificado las \u00faltimas semanas porque arrastraba molestias.<\/p>\n<p>    Lee tambi\u00e9n<\/p>\n<p data-gtm-element-container=\"modulo-texto-link\" class=\"paragraph\">Con la presencia de Eric y Cubars\u00ed, Flick potencia la salida de bal\u00f3n ante un equipo atrevido que vendr\u00e1 a presionar arriba como acostumbra a hacer el conjunto entrenado por Luis Enrique.<\/p>\n<p>\n        Mostrar comentarios\n    <\/p>\n<p>{\u00aballowComment\u00bb:\u00bballowed\u00bb,\u00bbarticleId\u00bb:\u00bbarticle-1002542951&#8243;,\u00bburl\u00bb:\u00bbhttps:\\\/\\\/www.mundodeportivo.com\\\/futbol\\\/fc-barcelona\\\/20251001\\\/1002542951\\\/eric-garcia-cubarsi-pareja-centrales-psg.html\u00bb,\u00bblivefyre-url\u00bb:\u00bbarticle-1002542951&#8243;}<\/p>\n<p>Cargando siguiente contenido&#8230;\n                <\/p>\n","protected":false},"excerpt":{"rendered":"Flick opta por los dos defensas catalanes para enfrentarse al equipo franc\u00e9s en el Llu\u00eds Companys Cubars\u00ed y&hellip;\n","protected":false},"author":2,"featured_media":151393,"comment_status":"","ping_status":"","sticky":false,"template":"","format":"standard","meta":{"footnotes":""},"categories":[5],"tags":[17,18,25,24,13,14,11,19,20,9,10,15,16,23,12,21,22],"class_list":{"0":"post-151392","1":"post","2":"type-post","3":"status-publish","4":"format-standard","5":"has-post-thumbnail","7":"category-titulares","8":"tag-breaking-news","9":"tag-breakingnews","10":"tag-es","11":"tag-espana","12":"tag-featured-news","13":"tag-featurednews","14":"tag-headlines","15":"tag-latest-news","16":"tag-latestnews","17":"tag-news","18":"tag-noticias","19":"tag-noticias-destacadas","20":"tag-noticiasdestacadas","21":"tag-spain","22":"tag-titulares","23":"tag-ultimas-noticias","24":"tag-ultimasnoticias"},"share_on_mastodon":{"url":"","error":""},"_links":{"self":[{"href":"https:\/\/www.europesays.com\/es\/wp-json\/wp\/v2\/posts\/151392","targetHints":{"allow":["GET"]}}],"collection":[{"href":"https:\/\/www.europesays.com\/es\/wp-json\/wp\/v2\/posts"}],"about":[{"href":"https:\/\/www.europesays.com\/es\/wp-json\/wp\/v2\/types\/post"}],"author":[{"embeddable":true,"href":"https:\/\/www.europesays.com\/es\/wp-json\/wp\/v2\/users\/2"}],"replies":[{"embeddable":true,"href":"https:\/\/www.europesays.com\/es\/wp-json\/wp\/v2\/comments?post=151392"}],"version-history":[{"count":0,"href":"https:\/\/www.europesays.com\/es\/wp-json\/wp\/v2\/posts\/151392\/revisions"}],"wp:featuredmedia":[{"embeddable":true,"href":"https:\/\/www.europesays.com\/es\/wp-json\/wp\/v2\/media\/151393"}],"wp:attachment":[{"href":"https:\/\/www.europesays.com\/es\/wp-json\/wp\/v2\/media?parent=151392"}],"wp:term":[{"taxonomy":"category","embeddable":true,"href":"https:\/\/www.europesays.com\/es\/wp-json\/wp\/v2\/categories?post=151392"},{"taxonomy":"post_tag","embeddable":true,"href":"https:\/\/www.europesays.com\/es\/wp-json\/wp\/v2\/tags?post=151392"}],"curies":[{"name":"wp","href":"https:\/\/api.w.org\/{rel}","templated":true}]}}