{"id":151394,"date":"2025-10-01T20:35:19","date_gmt":"2025-10-01T20:35:19","guid":{"rendered":"https:\/\/www.europesays.com\/es\/151394\/"},"modified":"2025-10-01T20:35:19","modified_gmt":"2025-10-01T20:35:19","slug":"la-unlam-volvio-a-la-victoria-luego-de-cuatro-fechas","status":"publish","type":"post","link":"https:\/\/www.europesays.com\/es\/151394\/","title":{"rendered":"la UNLaM volvi\u00f3 a la victoria luego de cuatro fechas"},"content":{"rendered":"<p>Tras el comienzo con el pie derecho en la <strong>Zona Permanencia<\/strong>, la <strong>Universidad Nacional de La Matanza<\/strong> (UNLaM) entr\u00f3 en un bache propio del desgaste f\u00edsico de la temporada. Adem\u00e1s de la merma en el rendimiento, tambi\u00e9n sufri\u00f3 bajas importantes por lesi\u00f3n que condicion\u00f3 el armado del equipo durante algunas jornadas. Con este contexto, sumaba cuatro partidos sin sumar de a tres, con un empate y tres derrotas. Sin embargo, el s\u00e1bado pasado recibi\u00f3 a Villa Calzada y regres\u00f3 al triunfo con un contundente <strong>33-17<\/strong>.<\/p>\n<p>El conjunto de <strong>Lucas Roggero<\/strong> comenz\u00f3 el encuentro priorizando el orden y apostando a las transiciones r\u00e1pidas. De a poco, forzando los errores del rival y recuperando la posesi\u00f3n de la pelota de manera efectiva, fue plasmando la ventaja en el marcador. Reparti\u00e9ndose el protagonismo y sin una individualidad destacada por encima de otra, se fueron al descanso 14-8.<\/p>\n<p>En el complemento sac\u00f3 su jerarqu\u00eda, mostr\u00f3 los dientes y termin\u00f3 por liquidar el tr\u00e1mite. Manteni\u00e9ndose firme en defensa y con ataques punzantes de sus extremos y laterales, estir\u00f3 las diferencias en la red. <strong>Agustina Chapman<\/strong> fue la goleadora de la escuadra universitaria con cinco tantos, mientras que la m\u00e1xima anotadora del equipo en el campeonato, <strong>Agostina Mongelluzzo<\/strong>, marc\u00f3 tres.<\/p>\n<p>Con los tres puntos en el bolsillo, alcanz\u00f3 la l\u00ednea de las 17 unidades, escalando hasta la octava posici\u00f3n. El pr\u00f3ximo compromiso ser\u00e1 por la fecha 9 ante <strong>Deportivo Merlo<\/strong>, en condici\u00f3n de visitante este <strong>s\u00e1bado desde las 18<\/strong>.<\/p>\n<p>Las inferiores hicieron tablas<\/p>\n<p>Por otro lado, las <strong>categor\u00edas formativas<\/strong> visitaron el domingo a la Municipalidad de Ezeiza en el Polideportivo Villa Guillermina. All\u00ed, acabaron con el balance en cero luego de repartir los puntos:<\/p>\n<ul class=\"wp-block-list\">\n<li><strong>Juniors<\/strong>: se impusieron por 17-14 tras hacer un gran segundo tiempo en el que obtuvieron la ventaja. Siguen peleando el campeonato a tres puntos del l\u00edder.<\/li>\n<li><strong>Juveniles<\/strong>: cayeron 19-18 en los \u00faltimos segundos y se quedaron cerca de la remontada. De todas formas, tambi\u00e9n siguen a tres unidades de la punta.<\/li>\n<li><strong>Cadetas<\/strong>: hicieron una buena segunda mitad, pero se llevaron la derrota por 18-15. Cruzando el ecuador del campeonato, transitan en la media tabla.<\/li>\n<li><strong>Menores<\/strong>: fueron superiores de principio a fin y se llevaron el triunfo por 19-13. Habiendo perdido un solo encuentro hasta la fecha, se encuentran terceras a dos puntos de los l\u00edderes.<\/li>\n<\/ul>\n<p>Este <strong>domingo<\/strong>, a partir de las <strong>11.30<\/strong>, se medir\u00e1n ante <strong>Villa Elisa<\/strong> en el <strong>Microestadio de Usos M\u00faltiples<\/strong>.<\/p>\n<p>\t\tContinue Reading<\/p>\n","protected":false},"excerpt":{"rendered":"Tras el comienzo con el pie derecho en la Zona Permanencia, la Universidad Nacional de La Matanza (UNLaM)&hellip;\n","protected":false},"author":2,"featured_media":151395,"comment_status":"","ping_status":"","sticky":false,"template":"","format":"standard","meta":{"footnotes":""},"categories":[278],"tags":[376,20484,168,25,24,375,23,167,20485],"class_list":{"0":"post-151394","1":"post","2":"type-post","3":"status-publish","4":"format-standard","5":"has-post-thumbnail","7":"category-balonmano","8":"tag-balonmano","9":"tag-deporte-universitario-argentino","10":"tag-deportes","11":"tag-es","12":"tag-espana","13":"tag-handball","14":"tag-spain","15":"tag-sports","16":"tag-universidad-nacional-de-la-matanza"},"share_on_mastodon":{"url":"","error":""},"_links":{"self":[{"href":"https:\/\/www.europesays.com\/es\/wp-json\/wp\/v2\/posts\/151394","targetHints":{"allow":["GET"]}}],"collection":[{"href":"https:\/\/www.europesays.com\/es\/wp-json\/wp\/v2\/posts"}],"about":[{"href":"https:\/\/www.europesays.com\/es\/wp-json\/wp\/v2\/types\/post"}],"author":[{"embeddable":true,"href":"https:\/\/www.europesays.com\/es\/wp-json\/wp\/v2\/users\/2"}],"replies":[{"embeddable":true,"href":"https:\/\/www.europesays.com\/es\/wp-json\/wp\/v2\/comments?post=151394"}],"version-history":[{"count":0,"href":"https:\/\/www.europesays.com\/es\/wp-json\/wp\/v2\/posts\/151394\/revisions"}],"wp:featuredmedia":[{"embeddable":true,"href":"https:\/\/www.europesays.com\/es\/wp-json\/wp\/v2\/media\/151395"}],"wp:attachment":[{"href":"https:\/\/www.europesays.com\/es\/wp-json\/wp\/v2\/media?parent=151394"}],"wp:term":[{"taxonomy":"category","embeddable":true,"href":"https:\/\/www.europesays.com\/es\/wp-json\/wp\/v2\/categories?post=151394"},{"taxonomy":"post_tag","embeddable":true,"href":"https:\/\/www.europesays.com\/es\/wp-json\/wp\/v2\/tags?post=151394"}],"curies":[{"name":"wp","href":"https:\/\/api.w.org\/{rel}","templated":true}]}}