{"id":1514,"date":"2025-07-25T06:02:09","date_gmt":"2025-07-25T06:02:09","guid":{"rendered":"https:\/\/www.europesays.com\/es\/1514\/"},"modified":"2025-07-25T06:02:09","modified_gmt":"2025-07-25T06:02:09","slug":"alfredo-jaar-artista-el-arte-es-politico-cualquier-creacion-humana-contiene-una-dimension-ideologica-el-pais-semanal","status":"publish","type":"post","link":"https:\/\/www.europesays.com\/es\/1514\/","title":{"rendered":"Alfredo Jaar, artista: \u201cEl arte es pol\u00edtico. Cualquier creaci\u00f3n humana contiene una dimensi\u00f3n ideol\u00f3gica\u201d | EL PA\u00cdS Semanal"},"content":{"rendered":"<p class=\"\">Alfredo Jaar (Santiago de Chile, 69 a\u00f1os) podr\u00eda ejercer como el canario en la mina de este planeta en crisis. Cuando nadie prestaba atenci\u00f3n a las problem\u00e1ticas asociadas a la extracci\u00f3n de tierras raras y minerales cr\u00edticos, el artista chileno ya estaba trabajando en una obra sobre el tema, un gris\u00fa de proporciones inabarcables. <a href=\"https:\/\/elpais.com\/noticias\/alfredo-jaar\/\" target=\"_self\" rel=\"nofollow noopener\" title=\"https:\/\/elpais.com\/noticias\/alfredo-jaar\/\">Jaar<\/a> no est\u00e1 muerto, pero anda tremendamente alarmado ante la situaci\u00f3n geopol\u00edtica que se desprende de este rompecabezas. De ese miedo surge The End of the World (el fin del mundo), la pieza que exhibi\u00f3 hasta el pasado 1 de junio en <a href=\"https:\/\/www.kindl-berlin.com\/\" target=\"_self\" rel=\"nofollow noopener\" title=\"https:\/\/www.kindl-berlin.com\/\">KINDL, una antigua f\u00e1brica de cervezas del barrio berlin\u00e9s de Neuk\u00f6lln <\/a>reconvertida en espacio para la creaci\u00f3n contempor\u00e1nea, y que podr\u00e1 volver a verse en Bruselas, en la galer\u00eda La Patinoire Royale Bach, a partir del pr\u00f3ximo 4 de septiembre. M\u00e1s adelante recalar\u00e1 en el Museo Oscar Niemeyer de Curitiba.<\/p>\n<p><img alt=\"'The End of the World', de Alfredo Jaar, un peque\u00f1o cubo de cuatro cent\u00edmetros de lado hecho de capas de 10 minerales cr\u00edticos.\" decoding=\"auto\" class=\"_re lazyload a_m-h\" height=\"277\"  width=\"414\"  src=\"https:\/\/www.europesays.com\/es\/wp-content\/uploads\/2025\/07\/HWOXQXDYNZGEXBKJBXV6IPSADE.jpg\" loading=\"lazy\"\/>&#8216;The End of the World&#8217;, de Alfredo Jaar, un peque\u00f1o cubo de cuatro cent\u00edmetros de lado hecho de capas de 10 minerales cr\u00edticos.Lena Mucha<\/p>\n<p class=\"\">\u201cEl nombre es una provocaci\u00f3n, pero los \u00faltimos meses han confirmado la l\u00f3gica de la obra\u201d, reconoce sentado ante los ventanales de la cafeter\u00eda de KINDL. \u201cCuando Trump le pide al presidente Zelenski <a href=\"https:\/\/elpais.com\/internacional\/2025-02-12\/trump-quiere-las-tierras-raras-de-ucrania-y-zelenski-esta-dipuesto-a-darselas.html\" target=\"_self\" rel=\"nofollow noopener\" title=\"https:\/\/elpais.com\/internacional\/2025-02-12\/trump-quiere-las-tierras-raras-de-ucrania-y-zelenski-esta-dipuesto-a-darselas.html\">que pague con tierras raras<\/a> por lo que ha hecho EE UU por Ucrania o cuando pretende anexionarse Groenlandia, todo apunta hacia el mismo lugar. Soy muy cartesiano y leo las noticias a diario y no veo otra salida: es el fin del mundo\u201d. Arquitecto, fot\u00f3grafo, cineasta y activista, es el artista chileno contempor\u00e1neo m\u00e1s reconocido internacionalmente: obtuvo el Premio Nacional de Artes Pl\u00e1sticas de Chile en 2013 y ha participado en las Bienales de Venecia, S\u00e3o Paulo y Whitney, adem\u00e1s de en la <a href=\"https:\/\/documenta.de\/en\" target=\"_self\" rel=\"nofollow noopener\" title=\"https:\/\/documenta.de\/en\">Documenta de Kassel. <\/a>El mes pasado fue galardonado con la Medalla Edward MacDowell, un reconocimiento que anteriormente han recibido Jasper Johns, John Updike o Norman Mailer.<\/p>\n<p class=\"\">Jaar, que reside en Nueva York desde 1982, comenz\u00f3 a hacerse un nombre en el mundo del arte con Gold in the Morning, una serie de fotograf\u00edas de una mina de oro en Sierra Pelada (Brasil) que supuso un primer embri\u00f3n para este proyecto. Fue el momento en el que se percat\u00f3 de las consecuencias de la miner\u00eda en los pa\u00edses del sur y de la explotaci\u00f3n de sus recursos por parte de empresas y Estados como China, EE UU o Rusia.<\/p>\n<p class=\"\">\u201cLlegu\u00e9 a Nueva York escap\u00e1ndome de la dictadura militar. Quer\u00eda ser artista y ten\u00eda claro que ah\u00ed estaba el centro del mundo del arte\u201d, rememora. All\u00ed descubri\u00f3 que, a pesar de su prestigio, ese ambiente le resultaba muy provinciano. \u201cEn los ochenta, cualquier exposici\u00f3n estaba copada por estadounidenses y alemanes. No hab\u00eda ning\u00fan latino\u00adamericano, africano o asi\u00e1tico. Y las tem\u00e1ticas eran hacia dentro: todos se miraban el ombligo. Me preguntaba: \u00bfD\u00f3nde est\u00e1 el mundo? Mi estrategia fue traer el mundo a Nueva York\u201d. Aunque admite que con ese proyecto no estaba pensando en el planeta. \u201cEstaba m\u00e1s interesado en c\u00f3mo esos trabajadores eran explotados de manera miserable\u201d.<\/p>\n<p class=\"\">\u201cNunca me hab\u00eda preocupado por el tema ecol\u00f3gico, pero en la \u00faltima d\u00e9cada me empec\u00e9 a sentir culpable. Me di cuenta de que ten\u00eda que hacer algo al respecto\u201d, concede. As\u00ed naci\u00f3 este proyecto que tiene detr\u00e1s una investigaci\u00f3n de cinco a\u00f1os. Una instalaci\u00f3n espec\u00edfica para el Kesselhaus de KINDL, una gigantesca sala c\u00fabica con un techo de 20 metros. En medio de ese espacio posindustrial, un diminuto cubo de cuatro cent\u00edmetros de lado compuesto por capas de 10 materias primas (cobalto, tierras raras, cobre, esta\u00f1o, n\u00edquel, litio, manganeso, colt\u00e1n, germanio y platino), tan escasas como vitales para la digitalizaci\u00f3n, la electromovilidad y la industria militar.<\/p>\n<p class=\"\">\u201cHay m\u00e1s minerales involucrados, pero estos son los m\u00e1s importantes\u201d, explica. \u201cYo no soy experto en el asunto, yo soy un artista conceptual. Y un artista conceptual no tiene talento para nada, no sabe de nada. Trabajamos con ideas y buscamos a especialistas. Yo encontr\u00e9 a <a href=\"https:\/\/www.lacult.unesco.org\/noticias\/showitem.php?uid_ext=&amp;getipr=172.24.10.32&amp;lg=1&amp;pais=0&amp;id=6201\" target=\"_self\" rel=\"nofollow noopener\" title=\"https:\/\/www.lacult.unesco.org\/noticias\/showitem.php?uid_ext=&amp;getipr=172.24.10.32&amp;lg=1&amp;pais=0&amp;id=6201\">Adam Bobbette<\/a>, un ge\u00f3logo pol\u00edtico, el \u00fanico que existe en la actualidad\u201d, declara. La obra viene acompa\u00f1ada por un demoledor ensayo de Bobbette, profesor de la Facultad de Ciencias Geogr\u00e1ficas y de la Tierra de la Universidad de Glasgow, que desvela las consecuencias sociales, pol\u00edticas y econ\u00f3micas de esta miner\u00eda. Una lectura incomod\u00edsima que arranca con un bofet\u00f3n. Tal que as\u00ed: \u201cEl cambio clim\u00e1tico es una guerra por los recursos. Los conflictos se intensifican para desarrollar tecnolog\u00edas renovables. El af\u00e1n por extraer minerales preciosos contribuye al genocidio. Las empresas mineras se benefician de la destrucci\u00f3n ecol\u00f3gica y la devastaci\u00f3n de las comunidades negras, mestizas e ind\u00edgenas. La transici\u00f3n energ\u00e9tica es colonialismo (\u2026). Vivimos otra revoluci\u00f3n industrial, una recreaci\u00f3n traum\u00e1tica del pasado donde la tect\u00f3nica de placas geopol\u00edtica est\u00e1 cambiando. Estamos al borde de un mundo nuevo y aterrador\u201d.<\/p>\n<p><img alt=\"Alfredo Jaar en su exposici\u00f3n 'The end of the world' en Berl\u00edn. El artista chileno reivindica la dimensi\u00f3n pol\u00edtica y social del arte.\" decoding=\"auto\" class=\"_re lazyload a_m-h\" height=\"276\"  width=\"414\"  src=\"https:\/\/www.europesays.com\/es\/wp-content\/uploads\/2025\/07\/7INRZLGTE5DZRCMDN34F555MHI.jpg\" loading=\"lazy\"\/>Alfredo Jaar en su exposici\u00f3n &#8216;The end of the world&#8217; en Berl\u00edn. El artista chileno reivindica la dimensi\u00f3n pol\u00edtica y social del arte.Lena Mucha<\/p>\n<p class=\"\">Jaar asiente y cierra los ojos, como dialogando con su interior. \u201cLa primera sensaci\u00f3n es de impotencia, pero hay que pasar esa barrera y pensar qu\u00e9 se puede hacer\u201d, reflexiona. \u201cCuando Trump le impuso a China un arancel del 34%, todos los medios recogieron la respuesta china de contraatacar con otro 34%. Aunque esa solo fue la segunda reacci\u00f3n de Pek\u00edn. La primera fue prohibir la exportaci\u00f3n de siete elementos de los que componen las tierras raras. Ellos saben que tienen la sart\u00e9n por el mango. Poseen el 80% de las tierras raras del planeta. Y sin ellas no se pueden fabricar computadoras, ni tel\u00e9fonos ni bater\u00edas el\u00e9ctricas. Por eso titul\u00e9 la obra as\u00ed. Porque me di cuenta de que la posici\u00f3n privilegiada de China respecto a estos minerales iba a obligar a Estados Unidos a provocar una guerra por Taiw\u00e1n. Porque all\u00ed es donde se produce la mayor\u00eda de los microprocesadores de alta calidad. Es un conflicto que se viene, no queda otra: EE UU no sobrevive sin Taiw\u00e1n y sin tierras raras\u201d.<\/p>\n<p class=\"\">Mucho de lo que rodea a estos materiales est\u00e1 asociado a violaciones de los derechos humanos y a la destrucci\u00f3n del medio ambiente. Bobbette afirma en su ensayo que todos nuestros tel\u00e9fonos inteligentes contienen cobalto extra\u00eddo mediante mano de obra infantil. Adem\u00e1s, este es un elemento t\u00f3xico que acaba matando a muchos de los ni\u00f1os que trabajan en las <a href=\"https:\/\/elpais.com\/planeta-futuro\/2025-03-22\/dentro-de-la-mina-en-el-congo-pero-lejos-de-los-beneficios-las-mujeres-viven-en-una-completa-inseguridad-fisica-y-economica.html\" target=\"_self\" rel=\"nofollow noopener\" title=\"https:\/\/elpais.com\/planeta-futuro\/2025-03-22\/dentro-de-la-mina-en-el-congo-pero-lejos-de-los-beneficios-las-mujeres-viven-en-una-completa-inseguridad-fisica-y-economica.html\">minas de la Rep\u00fablica Democr\u00e1tica del Congo<\/a>, el primer productor global. \u201cEste es uno de los ejemplos m\u00e1s dram\u00e1ticos\u201d, reconoce Jaar. \u201cEl Congo es un pa\u00eds pobre y la abundancia de esas excavaciones ha atra\u00eddo a todo tipo de trabajadores. El cobalto es otra demostraci\u00f3n de que China es la que domina la situaci\u00f3n, con el 80% del suministro total. Los yacimientos est\u00e1n en el Congo, pero China es la propietaria\u201d. Algunos de ellos est\u00e1n protegidos por mercenarios rusos del Grupo Wagner a cambio de un porcentaje de los beneficios. \u201cSe puede hablar de una mafia respecto a estas minas, s\u00ed\u201d, confirma tajante.<\/p>\n<p class=\"\">Tambi\u00e9n describe c\u00f3mo China y EE UU han tenido estrategias divergentes. En 2013, Pek\u00edn cre\u00f3 la llamada Iniciativa Franja y Ruta (<a href=\"https:\/\/eng.yidaiyilu.gov.cn\/\" target=\"_self\" rel=\"nofollow noopener\" title=\"https:\/\/eng.yidaiyilu.gov.cn\/\">Belt and Road Initiative<\/a>, en ingl\u00e9s), una estrategia global para el desarrollo de infraestructuras y la cooperaci\u00f3n internacional, firmada por m\u00e1s de 150 Estados. Una nueva ruta de la seda. \u201cChina llega a un pa\u00eds como el Congo y dice: \u2018Vamos a construir el aeropuerto, carreteras, hospitales, puertos\u2026\u2019. Y a cambio demanda ciertas materias primas\u201d, expone. Al principio son acuerdos comerciales muy favorables para esas naciones, pero a largo plazo el beneficiado es el gigante asi\u00e1tico. \u201cLo hacen para ganar influencia internacional y porque tuvieron la visi\u00f3n de conseguir esos minerales. Durante este tiempo, EE UU ha participado en una docena de guerras en Oriente Pr\u00f3ximo: Irak, Afganist\u00e1n\u2026 Han muerto m\u00e1s de cuatro millones y medio de personas y han gastado billones de d\u00f3lares\u201d.<\/p>\n<p><img alt=\"Proceso de trabajo de la obra 'The end of the world' a cargo de Jaar en su estudio de Chelsea, en Nueva York.\" decoding=\"auto\" class=\"_re lazyload a_m-h\" height=\"359\"  width=\"414\"  src=\"https:\/\/www.europesays.com\/es\/wp-content\/uploads\/2025\/07\/CXI3LDPCKRAY3DMEOXUBK77EIM.jpg\" loading=\"lazy\"\/>Proceso de trabajo de la obra &#8216;The end of the world&#8217; a cargo de Jaar en su estudio de Chelsea, en Nueva York.Fotograf\u00eda cedida por Alfredo Jaar<\/p>\n<p class=\"\">Cuenta que cuando naci\u00f3 Tesla fue pionera en apostar por los coches el\u00e9ctricos y tuvo un \u00e9xito brutal. Hace tres a\u00f1os que BYD, su rival china, lo ha superado. \u201cEn 2024, Tesla vendi\u00f3 1,8 millones de unidades. Ese mismo a\u00f1o BYD vendi\u00f3 4,4 millones. Y a mitad de precio\u201d, indica. Groenlandia, que Donald Trump quiere anexionar, es otra de las grandes reservas de cobalto y tierras raras. \u201cPor todos lados veo conflictos potenciales a los cuales no les veo la salida sin violencia\u201d, concluye.<\/p>\n<p class=\"\">La extracci\u00f3n de tierras raras, b\u00e1sicas para tel\u00e9fonos y semiconductores, es sumamente contaminante. Y mortal para muchos de sus jornaleros, como en la regi\u00f3n china de Mongolia Interior. \u201cEn los a\u00f1os sesenta, setenta y ochenta, en Europa y EE UU hab\u00eda minas de tierras raras, pero cuando el movimiento ecologista comenz\u00f3 a ganar terreno, se cerraron por razones medioambientales\u201d, apunta. \u201cY ten\u00edan raz\u00f3n en hacerlo. Pero China nunca tuvo conflictos con ecologistas porque es una dictadura. Decidieron que les daba lo mismo el planeta y la pobre gente que extrae estos recursos. Por eso hoy en d\u00eda China se encuentra en esta situaci\u00f3n privilegiada. Es una iron\u00eda extraordinaria\u201d.<\/p>\n<p class=\"\">Otro elemento fundamental para la transici\u00f3n energ\u00e9tica es el litio (utilizado en las bater\u00edas recargables de veh\u00edculos), del cual las empresas chinas controlan el 80%, lo que supone otra fuente de tensiones. Para Jaar, uno de los objetivos de Rusia al invadir Ucrania era hacerse con uno de los mayores yacimientos de litio de Europa, adem\u00e1s de las <a href=\"https:\/\/elpais.com\/internacional\/2025-04-30\/estados-unidos-y-ucrania-acarician-su-acuerdo-para-la-explotacion-de-minerales.html\" target=\"_self\" rel=\"nofollow noopener\" title=\"https:\/\/elpais.com\/internacional\/2025-04-30\/estados-unidos-y-ucrania-acarician-su-acuerdo-para-la-explotacion-de-minerales.html\">minas de manganeso en el Donb\u00e1s<\/a>. \u201cUcrania tiene la mayor\u00eda del litio del continente. Y si miras el territorio que ya controla Rusia, es justo la zona donde est\u00e1 ese mineral. Cuesta creer que Putin no estuviera pensando en eso para desencadenar la guerra\u201d.<\/p>\n<p class=\"\">Seg\u00fan el ensayo de Adam Bobbette, la mayor\u00eda de estos materiales se extraen en regiones africanas o latinoamericanas devastadas por el colonialismo europeo y estadounidense durante los siglos XIX y XX. Y ahora esos pa\u00edses son nuevamente colonizados por empresas chinas o por el propio Estado chino. Todos formamos parte de ese sistema. \u201cNo hay escapatoria\u201d, se lamenta. \u201cEs la paradoja y la tristeza. Estas nuevas tecnolog\u00edas aportan al bienestar, pero la extracci\u00f3n de esos elementos es devastadora para el ser humano y el planeta. \u00bfC\u00f3mo encontrar el equilibrio? No tengo la respuesta\u201d.<\/p>\n<p><img alt=\"El artista chileno Alfredo Jaar.\" decoding=\"auto\" class=\"_re lazyload a_m-v\" height=\"621\"  width=\"414\"  src=\"https:\/\/www.europesays.com\/es\/wp-content\/uploads\/2025\/07\/AE4REUHOQVHWHPG2K5DBMHDVVY.jpg\" loading=\"lazy\"\/>El artista chileno Alfredo Jaar.Lena Mucha<\/p>\n<p class=\"\">Jaar, que nunca quiso pedir la ciudadan\u00eda estado\u00adunidense por su apoyo al golpe de Estado en Chile, ha decidido abandonar EE UU despu\u00e9s de cuatro d\u00e9cadas. \u201cNo quiero vivir bajo la dictadura de Trump\u201d, proclama. \u201cViv\u00ed la dictadura militar, as\u00ed que puedo decir con seguridad que cuando veo lo que est\u00e1 ocurriendo all\u00ed, reconozco el fascismo al instante. Estudiantes siendo deportados por expresar sus ideas: eso me recuerda al Chile de Pinochet. Est\u00e1n expulsando a gente por expresar su resistencia al genocidio en Gaza. Es inaceptable\u201d.<\/p>\n<p class=\"\">Su taller en Nueva York pronto quedar\u00e1 vac\u00edo. A\u00fan no ha decidido ad\u00f3nde ir\u00e1, aunque apunta a Europa, para estar cerca de su hijo, el m\u00fasico Nicol\u00e1s Jaar. Otro m\u00e1s en la lista de cient\u00edficos, profesores y artistas que ya han resuelto emigrar tras la victoria de Trump. \u201cLo predije un a\u00f1o antes y muchos cre\u00edan que estaba loco\u201d, recuerda. \u201cEl \u00faltimo a\u00f1o de Biden mat\u00f3 la libertad de expresi\u00f3n. En los campus comenz\u00f3 a haber acampadas contra el genocidio en Gaza y el Gobierno envi\u00f3 a la polic\u00eda para disolverlas. Llam\u00e9 a antiguos alumnos en diferentes Estados donde hab\u00eda dado clases y les pregunt\u00e9 por las elecciones. Me dec\u00edan: \u2018Trump va a ser un monstruo, mucho peor que Biden y Harris, pero no podemos votar por ellos por lo que han hecho. La libertad de expresi\u00f3n es lo \u00fanico que tenemos\u201d.<\/p>\n<p class=\"\">La familia de Jaar es de origen palestino. \u201cSomos la cuarta generaci\u00f3n en Chile y es un tema demasiado doloroso. Nunca hab\u00eda querido ir para no ver el estado de apartheid que se vive en Palestina. En 2022 finalmente pas\u00e9 una semana all\u00ed y fui testigo del horror. Desde entonces he estado paralizado. Es mi gran desaf\u00edo profesional\u201d. No duda en calificar como genocidio lo que est\u00e1 sucediendo. Sin embargo, reniega del t\u00e9rmino \u201cartista pol\u00edtico\u201d. \u201cTodo arte es pol\u00edtico. Cualquier creaci\u00f3n humana contiene una dimensi\u00f3n ideol\u00f3gica. Creo en la capacidad pol\u00edtica y social del arte. Si una obra no tiene esa capacidad, la denomino decoraci\u00f3n\u201d.<\/p>\n<p class=\"\">Hace escasos meses, \u201c<a href=\"https:\/\/elpais.com\/ciencia\/2025-01-28\/el-reloj-del-fin-del-mundo-situa-a-la-humanidad-un-segundo-mas-cerca-del-apocalipsis.html\" target=\"_self\" rel=\"nofollow noopener\" title=\"https:\/\/elpais.com\/ciencia\/2025-01-28\/el-reloj-del-fin-del-mundo-situa-a-la-humanidad-un-segundo-mas-cerca-del-apocalipsis.html\">el reloj del fin del mundo<\/a>\u201d situ\u00f3 la humanidad a solo 89 segundos del apocalipsis, seg\u00fan los c\u00e1lculos de un comit\u00e9 de expertos de la Universidad de Chicago que alerta sobre lo cerca que est\u00e1 la humanidad de su autoexterminio. Jaar asegura que vivimos el momento m\u00e1s oscuro que haya conocido. \u201cJam\u00e1s he sido optimista. Creo en Gramsci, que pas\u00f3 a\u00f1os en las prisiones de Mussolini. Ofrec\u00eda una f\u00f3rmula para sobrevivir: era pesimista por intelecto y optimista por voluntad. Siempre he utilizado esa l\u00f3gica: cuando observo lo que sucede, soy muy muy pesimista, pero mi voluntad tiene que ser optimista. Si no, me pego un tiro y hasta ah\u00ed he llegado\u201d. <\/p>\n","protected":false},"excerpt":{"rendered":"Alfredo Jaar (Santiago de Chile, 69 a\u00f1os) podr\u00eda ejercer como el canario en la mina de este planeta&hellip;\n","protected":false},"author":2,"featured_media":1515,"comment_status":"","ping_status":"","sticky":false,"template":"","format":"standard","meta":{"footnotes":""},"categories":[173],"tags":[229,1799,233,231,230,1615,209,232,234,352,1800,146,147,25,24,241,1801,1802,23],"class_list":{"0":"post-1514","1":"post","2":"type-post","3":"status-publish","4":"format-standard","5":"has-post-thumbnail","7":"category-arte-y-diseno","8":"tag-arte","9":"tag-arte-conceptual","10":"tag-arte-y-diseno","11":"tag-arts","12":"tag-arts-and-design","13":"tag-china","14":"tag-cultura","15":"tag-design","16":"tag-diseno","17":"tag-donald-trump","18":"tag-ecologia","19":"tag-entertainment","20":"tag-entretenimiento","21":"tag-es","22":"tag-espana","23":"tag-exposiciones","24":"tag-mineralogia","25":"tag-politica-social","26":"tag-spain"},"share_on_mastodon":{"url":"","error":""},"_links":{"self":[{"href":"https:\/\/www.europesays.com\/es\/wp-json\/wp\/v2\/posts\/1514","targetHints":{"allow":["GET"]}}],"collection":[{"href":"https:\/\/www.europesays.com\/es\/wp-json\/wp\/v2\/posts"}],"about":[{"href":"https:\/\/www.europesays.com\/es\/wp-json\/wp\/v2\/types\/post"}],"author":[{"embeddable":true,"href":"https:\/\/www.europesays.com\/es\/wp-json\/wp\/v2\/users\/2"}],"replies":[{"embeddable":true,"href":"https:\/\/www.europesays.com\/es\/wp-json\/wp\/v2\/comments?post=1514"}],"version-history":[{"count":0,"href":"https:\/\/www.europesays.com\/es\/wp-json\/wp\/v2\/posts\/1514\/revisions"}],"wp:featuredmedia":[{"embeddable":true,"href":"https:\/\/www.europesays.com\/es\/wp-json\/wp\/v2\/media\/1515"}],"wp:attachment":[{"href":"https:\/\/www.europesays.com\/es\/wp-json\/wp\/v2\/media?parent=1514"}],"wp:term":[{"taxonomy":"category","embeddable":true,"href":"https:\/\/www.europesays.com\/es\/wp-json\/wp\/v2\/categories?post=1514"},{"taxonomy":"post_tag","embeddable":true,"href":"https:\/\/www.europesays.com\/es\/wp-json\/wp\/v2\/tags?post=1514"}],"curies":[{"name":"wp","href":"https:\/\/api.w.org\/{rel}","templated":true}]}}