{"id":151400,"date":"2025-10-01T20:41:12","date_gmt":"2025-10-01T20:41:12","guid":{"rendered":"https:\/\/www.europesays.com\/es\/151400\/"},"modified":"2025-10-01T20:41:12","modified_gmt":"2025-10-01T20:41:12","slug":"un-exjefe-de-ferrari-f1-sobre-los-problemas-para-lewis-hamilton-y-charles-leclerc-en-2026-vamos-retrasados","status":"publish","type":"post","link":"https:\/\/www.europesays.com\/es\/151400\/","title":{"rendered":"Un exjefe de Ferrari F1, sobre los problemas para Lewis Hamilton y Charles Leclerc en 2026: \u00abVamos retrasados\u00bb"},"content":{"rendered":"<p data-journey-content=\"true\" data-node-id=\"3\" class=\"css-6wxqfj emevuu60\">La nueva normativa de 2026 es un aliento de esperanza para muchos equipos de la parrilla. Algunos intentar\u00e1n mantener el dominio que han logrado forjar con el paso de las temporadas, como es el caso de Red Bull o McLaren. Otros como Mercedes, Ferrari o Aston Martin tratar\u00e1n de dar un salto de calidad para pelear por el campeonato. En el caso de la Scuderia, los italianos estuvieron hasta la \u00faltima carrera de 2025 en la pelea por el mundial, aunque finalmente Lando Norris y Oscar Piastri lograr\u00edan imponerse.<\/p>\n<p>Maurizio Arrivabene hace saltar las alarmas en Ferrari F1<\/p>\n<p data-journey-content=\"true\" data-node-id=\"7\" class=\"css-6wxqfj emevuu60\">Esto se traduce en que los de Maranello no hayan logrado llevarse un t\u00edtulo desde la temporada 2008, con Felipe Massa y Kimi R\u00e4ikk\u00f6nen. A pesar de ello, de cara a la nueva ventana que se abre el a\u00f1o que viene, <strong data-node-id=\"7.1\">el equipo Ferrari espera volver a estar en la pelea dada la <a href=\"https:\/\/www.caranddriver.com\/es\/formula-1\/a65830740\/fia-mayores-preocupaciones-normativa-f1-2026-no-levanten-recta\/\" target=\"_blank\" data-vars-ga-outbound-link=\"https:\/\/www.caranddriver.com\/es\/formula-1\/a65830740\/fia-mayores-preocupaciones-normativa-f1-2026-no-levanten-recta\/\" data-vars-ga-ux-element=\"Hyperlink\" data-vars-ga-call-to-action=\"importancia que tendr\u00e1 la nueva unidad de potencial\" data-node-id=\"7.1.1\" class=\"body-link css-168zq96 emevuu60\" rel=\"nofollow noopener\">importancia que tendr\u00e1 la nueva unidad de potencial<\/a>,<\/strong> un elemento que tradicionalmente ha sido el fuerte de la Scuderia. Sin embargo, con la aparici\u00f3n de nuevos elementos aerodin\u00e1micos, entra en juego otros factores.<\/p>\n<p data-journey-content=\"true\" data-node-id=\"9\" class=\"css-6wxqfj emevuu60\">La sustituci\u00f3n del DRS por el \u00abManual Override Mode\u00bb, la reducci\u00f3n del peso m\u00ednimo de los monoplazas a 768 kg y una longitud y estrechez menor son algunos de los elementos que alteran de <strong data-node-id=\"9.1\">manera directa o indirecta la aerodin\u00e1mica del monoplaza, y ah\u00ed es donde se ha querido centrar el exjefe de la Scuderia, Maurizio Arrivabene,<\/strong> quien ha detallado cu\u00e1les ser\u00e1n las mayores <a href=\"https:\/\/www.caranddriver.com\/es\/formula-1\/a65206438\/charles-leclerc-teme-peor-ferrari-f1-normativa-2026-no-imagino-carreras\/\" target=\"_blank\" data-vars-ga-outbound-link=\"https:\/\/www.caranddriver.com\/es\/formula-1\/a65206438\/charles-leclerc-teme-peor-ferrari-f1-normativa-2026-no-imagino-carreras\/\" data-vars-ga-ux-element=\"Hyperlink\" data-vars-ga-call-to-action=\"dificultades que tendr\u00e1 el equipo de cara a 2026\" data-node-id=\"9.3\" class=\"body-link css-168zq96 emevuu60\" rel=\"nofollow noopener\">dificultades que tendr\u00e1 el equipo de cara a 2026<\/a>, y que afectar\u00e1 a Lewis Hamilton y Charles Leclerc. <\/p>\n<p><img draggable=\"true\" alt=\"charles leclerc ferrari f1\" title=\"Charles Leclerc Ferrari F1\" loading=\"lazy\" width=\"3074\" height=\"2049\" decoding=\"async\" data-nimg=\"1\" style=\"color:transparent;width:100%;height:auto;\"   src=\"https:\/\/www.europesays.com\/es\/wp-content\/uploads\/2025\/10\/gettyimages-2236206258-68dd3813958c6.jpg\" class=\"css-0 e1g79fud0\"\/><a target=\"_blank\" rel=\"noopener nofollow\" data-theme-key=\"base-link\" href=\"https:\/\/pinterest.com\/pin\/create\/button\/?url=https:\/\/www.caranddriver.com\/es\/formula-1\/a68151027\/exjefe-ferrari-f1-problemas-lewis-hamilton-charles-leclerc-2026-retrasados\/&amp;description=&amp;media=https:\/\/hips.hearstapps.com\/hmg-prod\/images\/gettyimages-2236206258-68dd3813958c6.jpg?resize=1600:*\" class=\"pinterest css-on9hn5 e1c1bym14\"><img decoding=\"async\" data-dynamic-svg=\"true\" src=\"https:\/\/www.caranddriver.com\/_assets\/design-tokens\/fre\/static\/icons\/social\/pinterest.e8cf655.svg?primary=%2523ffffff\" loading=\"lazy\" data-testid=\"dynamic-svg-base\" height=\"auto\" width=\"auto\" alt=\"pinterest\" class=\"css-4lml0h e1mlxuuw1\"\/><\/a><\/p>\n<p>NurPhoto<\/p>\n<p data-journey-content=\"true\" data-node-id=\"14\" class=\"css-6wxqfj emevuu60\">\u201c<strong data-node-id=\"14.1\">Estamos un poco atrasados en cuanto a los compuestos y la aerodin\u00e1mica, porque seguimos fabricando los mejores motores<\/strong>\u201d, dec\u00eda el exjefe de Ferrari.<\/p>\n<p data-journey-content=\"true\" data-node-id=\"16\" class=\"css-6wxqfj emevuu60\">\u201cLos ingleses de la zona de Oxford han desarrollado ese tipo de tecnolog\u00eda y est\u00e1n m\u00e1s adelantados. <strong data-node-id=\"16.1\">Para recuperar esta brecha, basada en la tradici\u00f3n, pero tambi\u00e9n en las competencias y las universidades que est\u00e1n muy cerca de la producci\u00f3n,<\/strong> tenemos que trabajar mucho\u201d, prosigui\u00f3 visiblemente emocionado.<\/p>\n<p data-journey-content=\"true\" data-node-id=\"18\" class=\"css-6wxqfj emevuu60\">\u201c<strong data-node-id=\"18.1\">Hay que tener paciencia, pero Ferrari va por buen camino. En Inglaterra trabajan 30 000 personas, no se trata solo de ganar carreras, sino de progresar a nivel industrial<\/strong>\u201d, concluy\u00f3 Maurizio Arrivabene.<\/p>\n<p data-journey-content=\"true\" data-node-id=\"20\" class=\"css-6wxqfj emevuu60\">Es as\u00ed como el <a href=\"https:\/\/www.caranddriver.com\/es\/formula-1\/equipos\/a3478\/ferrari\/\" target=\"_blank\" data-vars-ga-outbound-link=\"https:\/\/www.caranddriver.com\/es\/formula-1\/equipos\/a3478\/ferrari\/\" data-vars-ga-ux-element=\"Hyperlink\" data-vars-ga-call-to-action=\"exjefe de Ferrari\" data-node-id=\"20.1\" class=\"body-link css-168zq96 emevuu60\" rel=\"nofollow noopener\">exjefe de Ferrari<\/a> ha explicado cu\u00e1les son las debilidades a las que tendr\u00e1 que hacer frente la Scuderia de cara a la nueva normativa de 2026.<\/p>\n<p>Contenidos relacionados<\/p>\n","protected":false},"excerpt":{"rendered":"La nueva normativa de 2026 es un aliento de esperanza para muchos equipos de la parrilla. Algunos intentar\u00e1n&hellip;\n","protected":false},"author":2,"featured_media":151401,"comment_status":"","ping_status":"","sticky":false,"template":"","format":"standard","meta":{"footnotes":""},"categories":[270],"tags":[168,253,25,24,306,271,272,23,167],"class_list":{"0":"post-151400","1":"post","2":"type-post","3":"status-publish","4":"format-standard","5":"has-post-thumbnail","7":"category-formula-1","8":"tag-deportes","9":"tag-discover","10":"tag-es","11":"tag-espana","12":"tag-f1","13":"tag-formula-1","14":"tag-formula1","15":"tag-spain","16":"tag-sports"},"share_on_mastodon":{"url":"","error":""},"_links":{"self":[{"href":"https:\/\/www.europesays.com\/es\/wp-json\/wp\/v2\/posts\/151400","targetHints":{"allow":["GET"]}}],"collection":[{"href":"https:\/\/www.europesays.com\/es\/wp-json\/wp\/v2\/posts"}],"about":[{"href":"https:\/\/www.europesays.com\/es\/wp-json\/wp\/v2\/types\/post"}],"author":[{"embeddable":true,"href":"https:\/\/www.europesays.com\/es\/wp-json\/wp\/v2\/users\/2"}],"replies":[{"embeddable":true,"href":"https:\/\/www.europesays.com\/es\/wp-json\/wp\/v2\/comments?post=151400"}],"version-history":[{"count":0,"href":"https:\/\/www.europesays.com\/es\/wp-json\/wp\/v2\/posts\/151400\/revisions"}],"wp:featuredmedia":[{"embeddable":true,"href":"https:\/\/www.europesays.com\/es\/wp-json\/wp\/v2\/media\/151401"}],"wp:attachment":[{"href":"https:\/\/www.europesays.com\/es\/wp-json\/wp\/v2\/media?parent=151400"}],"wp:term":[{"taxonomy":"category","embeddable":true,"href":"https:\/\/www.europesays.com\/es\/wp-json\/wp\/v2\/categories?post=151400"},{"taxonomy":"post_tag","embeddable":true,"href":"https:\/\/www.europesays.com\/es\/wp-json\/wp\/v2\/tags?post=151400"}],"curies":[{"name":"wp","href":"https:\/\/api.w.org\/{rel}","templated":true}]}}