{"id":151402,"date":"2025-10-01T20:42:08","date_gmt":"2025-10-01T20:42:08","guid":{"rendered":"https:\/\/www.europesays.com\/es\/151402\/"},"modified":"2025-10-01T20:42:08","modified_gmt":"2025-10-01T20:42:08","slug":"deja-el-valencia-basket-para-fichar-por-primer-rival-de-las-taronja-en-la-liga","status":"publish","type":"post","link":"https:\/\/www.europesays.com\/es\/151402\/","title":{"rendered":"Deja el Valencia Basket para fichar por primer rival de las taronja en la Liga"},"content":{"rendered":"<p class=\"ft-text\"><a class=\"ft-link ft-link--decoration\" href=\"https:\/\/www.superdeporte.es\/valencia-basket\/2025\/07\/15\/valencia-basket-conoce-rival-debut-de-la-lf-endesa-en-el-roig-arena-liga-f-endesa-119717373.html\" rel=\"nofollow noopener\" target=\"_blank\"> El Valencia Basket debutar\u00e1 este s\u00e1bado, 4 de octubre (19:00 h.) en la Liga F Endesa<\/a> en la cancha del<a class=\"ft-link ft-link--decoration\" href=\"https:\/\/www.superdeporte.es\/tags\/baxi-ferrol\/\" rel=\"nofollow noopener\" target=\"_blank\"> Baxi Ferrol,<\/a> en la primera jornada de la competici\u00f3n. Un partido en el que <strong>el conjunto gallego contar\u00e1 con una &#8216;esp\u00eda&#8217; de primera mano<\/strong> para conocer las t\u00e1cticas y secretos del juego de las de <a class=\"ft-link ft-link--decoration\" href=\"https:\/\/www.superdeporte.es\/tags\/ruben-burgos\/\" rel=\"nofollow noopener\" target=\"_blank\">Rub\u00e9n Burgos<\/a>. Se trata de <strong>Elena Rodr\u00edguez, <\/strong>una jugadora que en apenas 24 horas ha pasado de vestir de taronja a fichar por el Baxi Ferrol. El Valencia Basket anunciaba la desvinculaci\u00f3n del club de la jugadora canaria que ha hecho toda la pretemporada con el <a class=\"ft-link ft-link--decoration\" href=\"https:\/\/www.valenciabasket.com\/\" rel=\"nofollow noopener\" target=\"_blank\">Valencia Basket<\/a> y que tambi\u00e9n form\u00f3 parte de la expedici\u00f3n que viaj\u00f3 a Huesca para disputar la Supercopa y tan s\u00f3lo unas horas despu\u00e9s <strong>el Baxi Ferrol ha hecho oficial el fichaje de Rodr\u00edguez.<\/strong><\/p>\n<p>Sustituye a Bego\u00f1a de Santiago<\/p>\n<p class=\"ft-text\"><strong>El Baxi, a su vez, el martes anunciaba a baja de Bego\u00f1a de Santiago, que se perder\u00e1 toda la temporada por una lesi\u00f3n durante la Copa del Mundo de baloncesto 3&#215;3,<\/strong> en la que compiti\u00f3 con la selecci\u00f3n espa\u00f1ola sub-23.<\/p>\n<p class=\"ft-text\"><a class=\"ft-link ft-link--decoration\" href=\"https:\/\/www.superdeporte.es\/valencia-basket\/2025\/09\/26\/brillar-harvard-supercopa-valencia-basket-elena-rodriguez-121980656.html\" rel=\"nofollow noopener\" target=\"_blank\">El cuadro universitario subray\u00f3 la experiencia de Elena Rodr\u00edguez en el equipo de la Universidad de Harvard,<\/a> en la que se gradu\u00f3 el pasado curso, y destac\u00f3 su \u00abgran proyecci\u00f3n internacional\u00bb al acumular m\u00e1s de un centenar de partidos en esa escuadra norteamericana de la NCAA, en la que permaneci\u00f3 durante cuatro ejercicios.<\/p>\n<p class=\"ft-text\">\u00abLlega para aportar talento, energ\u00eda y un v\u00ednculo especial con Ferrol\u00bb, valor\u00f3 la entidad, en referencia al pasado de su hermana, Natalia Rodr\u00edguez, en el conjunto entrenado por Lino L\u00f3pez.<\/p>\n<p>Viaj\u00f3 a Huesca pero no jug\u00f3<\/p>\n<p class=\"ft-text\"><strong>Rub\u00e9n Burgos convoc\u00f3 a Elena Rodr\u00edguez para la <\/strong><a class=\"ft-link ft-link--decoration\" href=\"https:\/\/www.superdeporte.es\/tags\/supercopa\/\" rel=\"nofollow noopener\" target=\"_blank\"><strong>Supercopa <\/strong><\/a><strong>de la pasada semana en Huesca,<\/strong> aunque no dispuso de minutos, y el v\u00ednculo entre las partes expiraba en noviembre, con la posibilidad de adelantar su salida al inicio de octubre. La oferta del Baxi Ferrol ha adelantado el fin del contrato y as\u00ed, la jugadora podr\u00e1 debutar con el conjunto gallego precisamente ante el Valencia Basket.<\/p>\n<p class=\"ft-text\">La entidad naval anunci\u00f3 este martes que su jugadora Bego\u00f1a de Santiago ser\u00e1 intervenida en los pr\u00f3ximos d\u00edas en Madrid, por lo que se perder\u00e1 toda la campa\u00f1a, ante una \u00abgrave lesi\u00f3n\u00bb en su ligamento cruzado durante su reciente participaci\u00f3n con la selecci\u00f3n espa\u00f1ola sub-23 de baloncesto 3&#215;3, que compiti\u00f3 en la Copa del Mundo en China.<\/p>\n","protected":false},"excerpt":{"rendered":"El Valencia Basket debutar\u00e1 este s\u00e1bado, 4 de octubre (19:00 h.) en la Liga F Endesa en la&hellip;\n","protected":false},"author":2,"featured_media":151403,"comment_status":"","ping_status":"","sticky":false,"template":"","format":"standard","meta":{"footnotes":""},"categories":[269],"tags":[299,1918,298,45873,51,168,25,24,11241,1035,17894,977,17893,23,167,235,2916],"class_list":{"0":"post-151402","1":"post","2":"type-post","3":"status-publish","4":"format-standard","5":"has-post-thumbnail","7":"category-baloncesto","8":"tag-baloncesto","9":"tag-basket","10":"tag-basketball","11":"tag-baxi-ferrol","12":"tag-deja","13":"tag-deportes","14":"tag-es","15":"tag-espana","16":"tag-ferrol","17":"tag-fichar","18":"tag-liga-f-endesa","19":"tag-primer","20":"tag-ruben-burgos","21":"tag-spain","22":"tag-sports","23":"tag-valencia","24":"tag-valencia-basket"},"share_on_mastodon":{"url":"","error":""},"_links":{"self":[{"href":"https:\/\/www.europesays.com\/es\/wp-json\/wp\/v2\/posts\/151402","targetHints":{"allow":["GET"]}}],"collection":[{"href":"https:\/\/www.europesays.com\/es\/wp-json\/wp\/v2\/posts"}],"about":[{"href":"https:\/\/www.europesays.com\/es\/wp-json\/wp\/v2\/types\/post"}],"author":[{"embeddable":true,"href":"https:\/\/www.europesays.com\/es\/wp-json\/wp\/v2\/users\/2"}],"replies":[{"embeddable":true,"href":"https:\/\/www.europesays.com\/es\/wp-json\/wp\/v2\/comments?post=151402"}],"version-history":[{"count":0,"href":"https:\/\/www.europesays.com\/es\/wp-json\/wp\/v2\/posts\/151402\/revisions"}],"wp:featuredmedia":[{"embeddable":true,"href":"https:\/\/www.europesays.com\/es\/wp-json\/wp\/v2\/media\/151403"}],"wp:attachment":[{"href":"https:\/\/www.europesays.com\/es\/wp-json\/wp\/v2\/media?parent=151402"}],"wp:term":[{"taxonomy":"category","embeddable":true,"href":"https:\/\/www.europesays.com\/es\/wp-json\/wp\/v2\/categories?post=151402"},{"taxonomy":"post_tag","embeddable":true,"href":"https:\/\/www.europesays.com\/es\/wp-json\/wp\/v2\/tags?post=151402"}],"curies":[{"name":"wp","href":"https:\/\/api.w.org\/{rel}","templated":true}]}}