{"id":151406,"date":"2025-10-01T20:44:10","date_gmt":"2025-10-01T20:44:10","guid":{"rendered":"https:\/\/www.europesays.com\/es\/151406\/"},"modified":"2025-10-01T20:44:10","modified_gmt":"2025-10-01T20:44:10","slug":"asi-es-la-nueva-casa-de-kiko-rivera-valorada-en-600-000-euros","status":"publish","type":"post","link":"https:\/\/www.europesays.com\/es\/151406\/","title":{"rendered":"As\u00ed es la nueva casa de Kiko Rivera valorada en 600.000 euros"},"content":{"rendered":"<p><img decoding=\"async\" class=\"voc-author__img\" src=\"https:\/\/www.europesays.com\/es\/wp-content\/uploads\/2025\/08\/autor-6797-foto-1.png\" alt=\"Daniella Bejarano\"\/><\/p>\n<p class=\"voc-p\" style=\"\"><a href=\"https:\/\/www.abc.es\/gente\/shakirazo-kiko-rivera-prepara-cancion-sobre-ruptura-20250924124844-nt.html\" target=\"_self\" data-voc-vtm-id=\"in-text-traffic\" title=\"Kiko Rivera\" data-mrf-link=\"www.abc.es\" rel=\"nofollow noopener\">Kiko Rivera<\/a> (41 a\u00f1os) ha decidido empezar de cero tras su ruptura con Irene Rosales. Apenas un mes depu\u00e9s de anunciar su separaci\u00f3n tras once a\u00f1os juntos, el hijo de <a href=\"https:\/\/www.abc.es\/gente\/encarna-sanchez-quiso-ver-isabel-pantoja-fallecer-20250902211253-nt.html\" target=\"_self\" data-voc-vtm-id=\"in-text-traffic\" title=\"Isabel Pantoja\" data-mrf-link=\"www.abc.es\" rel=\"nofollow noopener\">Isabel Pantoja<\/a> ha estrenado un nuevo hogar en una de las ubarnizaciones m\u00e1s exclusivas de Sevilla. Con casi 400 metros cuadrados construidos, cinco habitaciones y otros lujos, la nueva adquisi\u00f3n del DJ est\u00e1 valorada en m\u00e1s de 600.000 euros, seg\u00fan ha revelado la revista &#8216;SEMANA&#8217;. <\/p>\n<p class=\"voc-p\" style=\"\">As\u00ed, Kiko deja atr\u00e1s la casa familiar de Castilleja de la Cuesta para instalarse en Mairena del Aljarafe, ubicado a apenas siete kil\u00f3metros de la anterior residencia, con el objetivo de mantenerse cerca de sus hija, Ana y Carlota. \u00abHe buscado una casa para que mis hijos la vivan, que cubra todas sus necesidades y que ellos tambi\u00e9n la sientan como su propia casa. Eso es lo m\u00e1s importante\u00bb, coment\u00f3 \u00e9l mismo en su cuenta de TikTok. <\/p>\n<p class=\"voc-p\" style=\"\">La vivienda cuenta con cinco dormitorios, uno de ellos en suite con un amplio vestidor, varias zonas de estar y una cocina de dise\u00f1o. Pero, sin duda, lo que m\u00e1s llama la atenci\u00f3n es el espacio destinado al ocio: una <strong>sala de cine privada<\/strong>, un <strong>cuarto de entretenimiento<\/strong> que podr\u00eda convertirse en su set de grabaci\u00f3n para redes sociales, y una <strong>espectacular piscina<\/strong> rodeada de una amplia zona ajardinada.<\/p>\n<p class=\"voc-p\" style=\"\">\u00abYa que he tenido que cambiar mi vida y comenzar una nueva etapa, he decidido convertirme en &#8216;streamer&#8217; de verdad\u00bb, confesaba Kiko, ilusionado con aprovechar su nueva casa tambi\u00e9n como centro de trabajo y creaci\u00f3n de contenido digital.<\/p>\n<p class=\"voc-p\" style=\"\">Cabe resaltar que dicha compra ha sorprendido a muchos, sobre todo porque en el pasado Kiko habl\u00f3 sobre sus problemas econ\u00f3micos. Sin embargo, fuentes cercanas aseguran que su situaci\u00f3n actual es estable y que ha podido afrontar esta adquisici\u00f3n sin dificultad. \u00abEl \u00fanico requisito que ten\u00eda era vivir cerca de sus hijas\u00bb, desvel\u00f3 Luis Roll\u00e1n, \u00edntimo amigo del artista.<\/p>\n<p class=\"voc-p\" style=\"\">Su mudanza ha coincidido con un momento crucial en su vida personal. Mientras \u00e9l disfruta de la inauguraci\u00f3n de su hogar junto a sus ni\u00f1as, con fiesta incluida y pizzas caseras preparadas por el propio Kiko, Irene Rosales se prepara para <strong>regresar a la televisi\u00f3n<\/strong> como invitada en &#8216;Bailando con las estrellas&#8217;, donde se reencontrar\u00e1 con Anabel Pantoja.<\/p>\n<p>\nUna inauguraci\u00f3n \u00edntima y especial\n<\/p>\n<p class=\"voc-p\" style=\"\">El DJ quiso que sus hijas fueran las primeras en estrenar oficialmente la vivienda. Ana y Carlota pasaron una noche especial junto a su padre en la nueva casa, con una divertida velada en la que <strong>no faltaron risas<\/strong>, juegos y pizza reci\u00e9n hecha. Incluso revel\u00f3 que pronto se sumar\u00e1 a estas reuniones su hijo mayor, Fran, fruto de su relaci\u00f3n con Jessica Bueno.<\/p>\n<p class=\"voc-p\" style=\"\">Aunque el momento no es f\u00e1cil, Kiko intenta poner el foco en lo positivo: sus hijos, su nueva casa y su faceta profesional como DJ y creador de contenido. \u00abHe intentado buscar una casa para que mis hijos la disfruten. Que tenga todas las comodidades para ellos y que sientan tambi\u00e9n la casa como su nuevo hogar. Eso es lo principal\u00bb, reiter\u00f3 en redes sociales.<\/p>\n<p>Reportar un error<\/p>\n","protected":false},"excerpt":{"rendered":"Kiko Rivera (41 a\u00f1os) ha decidido empezar de cero tras su ruptura con Irene Rosales. Apenas un mes&hellip;\n","protected":false},"author":2,"featured_media":151407,"comment_status":"","ping_status":"","sticky":false,"template":"","format":"standard","meta":{"footnotes":""},"categories":[174],"tags":[11172,385,255,146,147,25,24,1557,256,3523,795,10787,23,45874],"class_list":{"0":"post-151406","1":"post","2":"type-post","3":"status-publish","4":"format-standard","5":"has-post-thumbnail","7":"category-famosos","8":"tag-11172","9":"tag-casa","10":"tag-celebrities","11":"tag-entertainment","12":"tag-entretenimiento","13":"tag-es","14":"tag-espana","15":"tag-euros","16":"tag-famosos","17":"tag-kiko","18":"tag-nueva","19":"tag-rivera","20":"tag-spain","21":"tag-valorada"},"share_on_mastodon":{"url":"","error":""},"_links":{"self":[{"href":"https:\/\/www.europesays.com\/es\/wp-json\/wp\/v2\/posts\/151406","targetHints":{"allow":["GET"]}}],"collection":[{"href":"https:\/\/www.europesays.com\/es\/wp-json\/wp\/v2\/posts"}],"about":[{"href":"https:\/\/www.europesays.com\/es\/wp-json\/wp\/v2\/types\/post"}],"author":[{"embeddable":true,"href":"https:\/\/www.europesays.com\/es\/wp-json\/wp\/v2\/users\/2"}],"replies":[{"embeddable":true,"href":"https:\/\/www.europesays.com\/es\/wp-json\/wp\/v2\/comments?post=151406"}],"version-history":[{"count":0,"href":"https:\/\/www.europesays.com\/es\/wp-json\/wp\/v2\/posts\/151406\/revisions"}],"wp:featuredmedia":[{"embeddable":true,"href":"https:\/\/www.europesays.com\/es\/wp-json\/wp\/v2\/media\/151407"}],"wp:attachment":[{"href":"https:\/\/www.europesays.com\/es\/wp-json\/wp\/v2\/media?parent=151406"}],"wp:term":[{"taxonomy":"category","embeddable":true,"href":"https:\/\/www.europesays.com\/es\/wp-json\/wp\/v2\/categories?post=151406"},{"taxonomy":"post_tag","embeddable":true,"href":"https:\/\/www.europesays.com\/es\/wp-json\/wp\/v2\/tags?post=151406"}],"curies":[{"name":"wp","href":"https:\/\/api.w.org\/{rel}","templated":true}]}}