{"id":151410,"date":"2025-10-01T20:48:24","date_gmt":"2025-10-01T20:48:24","guid":{"rendered":"https:\/\/www.europesays.com\/es\/151410\/"},"modified":"2025-10-01T20:48:24","modified_gmt":"2025-10-01T20:48:24","slug":"wendy-james-anuncia-gira-espanola-con-sus-transvision-vamp","status":"publish","type":"post","link":"https:\/\/www.europesays.com\/es\/151410\/","title":{"rendered":"Wendy James anuncia gira espa\u00f1ola con sus Transvision Vamp"},"content":{"rendered":"<p>A medio camino entre el pop y el punk, Transvision Vamp se convirtieron a base de hit singles en uno de los grupos brit\u00e1nicos m\u00e1s vendedores y populares internacionalmente de su momento. Wendy James se convirti\u00f3 con ello en una de las sex symbol de su tiempo, copando portadas y apariciones televisivas. Pero la noticia es que han vuelto a la actividad una vez m\u00e1s para inaugurar una nueva etapa.<\/p>\n<p>Primero girar\u00e1n por Reino Unido con una ampl\u00edsima lista de conciertos, posteriormente se ir\u00e1n hasta Australia para ofrecer varios conciertos y, posteriormente, volver\u00e1n a viajar para ofrecer dos conciertos muy exclusivos en nuestro pa\u00eds, territorio en el que contaron con miles y miles de fans y en el que seguro que la gira vuelve a triunfar.<\/p>\n","protected":false},"excerpt":{"rendered":"A medio camino entre el pop y el punk, Transvision Vamp se convirtieron a base de hit singles&hellip;\n","protected":false},"author":2,"featured_media":151411,"comment_status":"","ping_status":"","sticky":false,"template":"","format":"standard","meta":{"footnotes":""},"categories":[170],"tags":[146,147,25,24,184,185,23],"class_list":{"0":"post-151410","1":"post","2":"type-post","3":"status-publish","4":"format-standard","5":"has-post-thumbnail","7":"category-musica","8":"tag-entertainment","9":"tag-entretenimiento","10":"tag-es","11":"tag-espana","12":"tag-music","13":"tag-musica","14":"tag-spain"},"share_on_mastodon":{"url":"","error":""},"_links":{"self":[{"href":"https:\/\/www.europesays.com\/es\/wp-json\/wp\/v2\/posts\/151410","targetHints":{"allow":["GET"]}}],"collection":[{"href":"https:\/\/www.europesays.com\/es\/wp-json\/wp\/v2\/posts"}],"about":[{"href":"https:\/\/www.europesays.com\/es\/wp-json\/wp\/v2\/types\/post"}],"author":[{"embeddable":true,"href":"https:\/\/www.europesays.com\/es\/wp-json\/wp\/v2\/users\/2"}],"replies":[{"embeddable":true,"href":"https:\/\/www.europesays.com\/es\/wp-json\/wp\/v2\/comments?post=151410"}],"version-history":[{"count":0,"href":"https:\/\/www.europesays.com\/es\/wp-json\/wp\/v2\/posts\/151410\/revisions"}],"wp:featuredmedia":[{"embeddable":true,"href":"https:\/\/www.europesays.com\/es\/wp-json\/wp\/v2\/media\/151411"}],"wp:attachment":[{"href":"https:\/\/www.europesays.com\/es\/wp-json\/wp\/v2\/media?parent=151410"}],"wp:term":[{"taxonomy":"category","embeddable":true,"href":"https:\/\/www.europesays.com\/es\/wp-json\/wp\/v2\/categories?post=151410"},{"taxonomy":"post_tag","embeddable":true,"href":"https:\/\/www.europesays.com\/es\/wp-json\/wp\/v2\/tags?post=151410"}],"curies":[{"name":"wp","href":"https:\/\/api.w.org\/{rel}","templated":true}]}}