{"id":151414,"date":"2025-10-01T20:50:07","date_gmt":"2025-10-01T20:50:07","guid":{"rendered":"https:\/\/www.europesays.com\/es\/151414\/"},"modified":"2025-10-01T20:50:07","modified_gmt":"2025-10-01T20:50:07","slug":"el-valencia-sobrevive-al-fisico-asvel-sostenido-por-moore-77-80-baloncesto-deportes","status":"publish","type":"post","link":"https:\/\/www.europesays.com\/es\/151414\/","title":{"rendered":"El Valencia sobrevive al f\u00edsico ASVEL sostenido por Moore (77-80) | Baloncesto | Deportes"},"content":{"rendered":"<p class=\"\">El Valencia Basket debut\u00f3 este mi\u00e9rcoles en la Euroliga con un trabajado triunfo en la cancha de un ASVEL Villeurbanne que con un enorme despliegue f\u00edsico multiplic\u00f3 el impacto de su talento pero al que supo controlar de la mano de un notable Omari Moore, que acab\u00f3 con 12 puntos, 8 rebotes y 10 asistencias.<\/p>\n<p class=\"\">Tras verse cinco puntos abajo en el inicio del \u00faltimo cuarto (65-60, m.32), el Valencia mantuvo la calma, se refugi\u00f3 en la defensa y en el tiro exterior para agarrarse al partido. Despu\u00e9s la determinaci\u00f3n de Moore y la calma de Darius Thompson le permiti\u00f3 darle la vuelta al marcador y acabar el choque con un 12-20 de parcial. Saltaron ambos equipos dispuestos a jugar muy r\u00e1pido, pero los locales adem\u00e1s a hacerlo muy agresivo.<\/p>\n<p class=\"\">Tras un par de minutos de dudas, el Valencia reaccion\u00f3. Subi\u00f3 la presi\u00f3n en su primera l\u00ednea defensiva para meterse en el partido y un par de triples de un endurecido Nate Reuvers le dieron impulso en ataque.<\/p>\n<p class=\"\">La presencia de Jaime Pradilla neutraliz\u00f3 a Zachary Seljaas, que hab\u00eda sostenido a los locales con varias acciones, y el acierto de Omari Moore desde la l\u00ednea de tres puntos permiti\u00f3 al Valencia abrir una peque\u00f1a brecha y Nate Sestina, que hab\u00eda sido el \u2018sacrificado\u2019 por Pedro Mart\u00ednez en la Supercopa, la ampli\u00f3 con otro triple (24-32, m.16).<\/p>\n<p class=\"\">Cuando parec\u00eda que el equipo franc\u00e9s pod\u00eda perder el hilo del encuentro, el veterano Nando de Colo tir\u00f3 de los locales y consigui\u00f3 con los puntos que anot\u00f3 y que regal\u00f3 que el trabajo defensivo de sus compa\u00f1eros tuviera cierto premio. Ver al ASVEL de nuevo enganchado al partido, merm\u00f3 las fuerzas del Valencia, que perdi\u00f3 determinaci\u00f3n en ataque y al que se le hizo largo el final del segundo cuarto.<\/p>\n<p class=\"\">Entre el escurridizo Watson y el rocoso Vautier permitieron al equipo franc\u00e9s llegar por delante al descanso (35-34, m.20). El Valencia regres\u00f3 a la pista con dos nuevas armas, una presi\u00f3n en toda la pista tras algunas canastas y la \u2018magia\u2019 de Darius Thompson. Con su equipo algo atascado, el estadounidense asumi\u00f3 el mando y aliment\u00f3 el marcador visitante, pero igual lo hizo De Colo de nuevo con el local.<\/p>\n<p class=\"\">Fue de nuevo Watson el que remat\u00f3 el trabajo de su compa\u00f1ero (52-52, m.26). Los minutos cayeron y el guion no cambiaba: el Valencia ten\u00eda la iniciativa pero no se despegaba incapaz de sacar provecho de la defensa de cambios de su rival y el ASVEL se manten\u00eda enganchado (60-60, m.30). En el arranque del \u00faltimo cuarto, al Valencia le asaltaron las dudas o empez\u00f3 a notar el cansancio. O las dos cosas.<\/p>\n<p class=\"\">Se agarr\u00f3 al tiro exterior para aguantar la embestida local y la aparici\u00f3n en ese apartado de Matt Costello y alguna acci\u00f3n de Moore y Thompson le volvieron a dar aire y le permitieron entrar por delante a los \u00faltimos tres minutos (73-77, m.37).<\/p>\n<p class=\"\">No acert\u00f3 a matar el partido el Valencia en est\u00e1tico pero su defensa le permiti\u00f3 correr para mantener el choque bajo control. Un gorrazo de Ndiaye evit\u00f3 que Moore sentenciara el choque con un mate pero otro de Pradilla, que ya hab\u00eda puesto uno en la jugada anterior, tampoco dej\u00f3 al ASVEL empatar.<\/p>\n<p class=\"\">A falta de 23 segundos y con dos abajo, el ASVEL decidi\u00f3 defender y aunque el Valencia jug\u00f3 una buena acci\u00f3n con Moore y Reuvers, el p\u00edvot solo acert\u00f3 uno de sus dos tiros libres y dej\u00f3 al conjunto franc\u00e9s la opci\u00f3n de empatar. Pero Shaquille Harrison se resbal\u00f3 y con \u00e9l las opciones locales.<\/p>\n","protected":false},"excerpt":{"rendered":"El Valencia Basket debut\u00f3 este mi\u00e9rcoles en la Euroliga con un trabajado triunfo en la cancha de un&hellip;\n","protected":false},"author":2,"featured_media":151415,"comment_status":"","ping_status":"","sticky":false,"template":"","format":"standard","meta":{"footnotes":""},"categories":[93],"tags":[45875,299,1540,168,25,24,833,6000,8283,23,167,44772],"class_list":{"0":"post-151414","1":"post","2":"type-post","3":"status-publish","4":"format-standard","5":"has-post-thumbnail","7":"category-deportes","8":"tag-asvel-basket","9":"tag-baloncesto","10":"tag-competiciones","11":"tag-deportes","12":"tag-es","13":"tag-espana","14":"tag-euroliga","15":"tag-jaime-pradilla","16":"tag-jugadores-baloncesto","17":"tag-spain","18":"tag-sports","19":"tag-valencia-basket-club"},"share_on_mastodon":{"url":"","error":""},"_links":{"self":[{"href":"https:\/\/www.europesays.com\/es\/wp-json\/wp\/v2\/posts\/151414","targetHints":{"allow":["GET"]}}],"collection":[{"href":"https:\/\/www.europesays.com\/es\/wp-json\/wp\/v2\/posts"}],"about":[{"href":"https:\/\/www.europesays.com\/es\/wp-json\/wp\/v2\/types\/post"}],"author":[{"embeddable":true,"href":"https:\/\/www.europesays.com\/es\/wp-json\/wp\/v2\/users\/2"}],"replies":[{"embeddable":true,"href":"https:\/\/www.europesays.com\/es\/wp-json\/wp\/v2\/comments?post=151414"}],"version-history":[{"count":0,"href":"https:\/\/www.europesays.com\/es\/wp-json\/wp\/v2\/posts\/151414\/revisions"}],"wp:featuredmedia":[{"embeddable":true,"href":"https:\/\/www.europesays.com\/es\/wp-json\/wp\/v2\/media\/151415"}],"wp:attachment":[{"href":"https:\/\/www.europesays.com\/es\/wp-json\/wp\/v2\/media?parent=151414"}],"wp:term":[{"taxonomy":"category","embeddable":true,"href":"https:\/\/www.europesays.com\/es\/wp-json\/wp\/v2\/categories?post=151414"},{"taxonomy":"post_tag","embeddable":true,"href":"https:\/\/www.europesays.com\/es\/wp-json\/wp\/v2\/tags?post=151414"}],"curies":[{"name":"wp","href":"https:\/\/api.w.org\/{rel}","templated":true}]}}