{"id":151416,"date":"2025-10-01T20:51:07","date_gmt":"2025-10-01T20:51:07","guid":{"rendered":"https:\/\/www.europesays.com\/es\/151416\/"},"modified":"2025-10-01T20:51:07","modified_gmt":"2025-10-01T20:51:07","slug":"distinguen-dos-perfiles-geneticos-dentro-del-autismo-asociados-a-la-edad-de-diagnostico","status":"publish","type":"post","link":"https:\/\/www.europesays.com\/es\/151416\/","title":{"rendered":"Distinguen dos perfiles gen\u00e9ticos dentro del autismo asociados a la edad de diagn\u00f3stico"},"content":{"rendered":"<p>Lo que se conoce como <a href=\"https:\/\/www.huffingtonpost.es\/life\/salud\/un-equipo-investigadores-espanoles-identifica-mecanismo-causar-tipos-autismo.html\" rel=\"nofollow noopener\" target=\"_blank\">autismo<\/a> es todo un espectro de trastornos altamente hereditarios, hasta en aspectos como la edad de diagn\u00f3stico. Un estudio recogido este mi\u00e9rcoles en la revista Nature ha identificado dos perfiles gen\u00e9ticos diferentes asociados a diagn\u00f3sticos m\u00e1s tempranos y m\u00e1s tard\u00edos.<\/p>\n<p>El trabajo, fruto de una amplia colaboraci\u00f3n internacional que ha dirigido <b>el departamento de psiquiatr\u00eda de la Universidad brit\u00e1nica de Cambridge,<\/b> concluye que los menores diagnosticados tempranamente, antes de los seis a\u00f1os, forman un subgrupo muy diferente de aquellos a los que se le detecta el trastorno m\u00e1s tarde, y confirma que el autismo no es una condici\u00f3n unitaria.<\/p>\n<p>Los datos gen\u00e9ticos proceden de m\u00e1s de <b>45.000 personas<\/b> de m\u00faltiples cohortes de Europa y Estados Unidos, y los de comportamiento de muestras m\u00e1s peque\u00f1as, de entre 89 y 188 personas autistas por grupo, obtenidas a trav\u00e9s de cuestionarios de fortalezas y dificultades respondidos por los cuidadores.<\/p>\n<p>Los hallazgos indican que los ni\u00f1os diagnosticados con autismo a una edad m\u00e1s temprana (normalmente antes de los seis a\u00f1os) son m\u00e1s propensos a mostrar <b>dificultades de comportamiento desde la primera infancia<\/b>, como problemas de interacci\u00f3n social.<\/p>\n<p>Los diagnosticados con autismo m\u00e1s tarde, hacia la adolescencia o incluso m\u00e1s all\u00e1, son m\u00e1s propensos a experimentar dificultades sociales y de comportamiento durante la adolescencia y tienen <b>m\u00e1s probabilidades de padecer trastornos de salud mental, como la depresi\u00f3n.<\/b><\/p>\n<p>Investigando las caracter\u00edsticas gen\u00e9ticas en funci\u00f3n de la edad de diagn\u00f3stico, los cient\u00edficos vieron dos perfiles muy diferentes.<\/p>\n<p>M\u00e1s cerca de la depresi\u00f3n<\/p>\n<p>Descubrieron que el perfil gen\u00e9tico medio del autismo diagnosticado m\u00e1s tarde se acerca m\u00e1s al del Trastorno por D\u00e9ficit de Atenci\u00f3n e Hiperactividad (TDAH), al Trastorno de Estr\u00e9s Postraum\u00e1tico y a la depresi\u00f3n, que al del autismo diagnosticado en la primera infancia.<\/p>\n<p>Esa mayor coincidencia gen\u00e9tica entre el autismo diagnosticado a partir de la adolescencia y ciertos trastornos psiqui\u00e1tricos indicar\u00eda, seg\u00fan los cient\u00edficos, que<b> puede haber algunos factores gen\u00e9ticos que aumentan el riesgo de trastornos mentales e<\/b>ntre las personas diagnosticadas con autismo m\u00e1s tarde.<\/p>\n<p>El diagn\u00f3stico tard\u00edo tambi\u00e9n implica m\u00e1s falta de apoyo en la primera infancia, lo que influir\u00eda en el aumento del riesgo de problemas de salud mental en el grupo diagnosticado m\u00e1s tarde, al ser m\u00e1s vulnerables al acoso escolar entre otros, se\u00f1alan los investigadores.<\/p>\n<p>El equipo advirti\u00f3 adem\u00e1s que los factores g\u00e9nicos com\u00fanmente hereditarios en estos trastornos influyen en la edad de diagn\u00f3stico, que tambi\u00e9n se heredar\u00eda.<\/p>\n<p>\u00abYa hemos descubierto que el autismo diagnosticado de forma temprana y tard\u00eda tiene perfiles biol\u00f3gicos y de desarrollo diferentes, <b>el siguiente paso ser\u00e1 comprender la compleja interacci\u00f3n entre la gen\u00e9tica y los factores sociales <\/b>que implican una peor salud mental entre las personas autistas diagnosticadas tard\u00edamente\u00bb, se\u00f1ala uno de los autores, Varun Warrier, investigador de la Universidad de Cambridge.<\/p>\n<p>\u00abHay influencias gen\u00e9ticas que predisponen a las personas a mostrar rasgos autistas desde una edad muy temprana que pueden identificarse m\u00e1s f\u00e1cilmente, lo que conduce a un diagn\u00f3stico m\u00e1s precoz, mientras que hay otras que hacen que los rasgos no sean evidentes hasta al \u00faltima etapa de la infancia o la adolescencia\u00bb, a\u00f1ade Warrier.<\/p>\n<p>\u00abComprender c\u00f3mo emergen las caracter\u00edsticas del autismo no solo en la primera infancia, sino tambi\u00e9n m\u00e1s tarde, podr\u00eda ayudarnos a reconocer, diagnosticar y apoyar mejor a las personas autistas de todas las edades\u00bb, concluye.<\/p>\n","protected":false},"excerpt":{"rendered":"Lo que se conoce como autismo es todo un espectro de trastornos altamente hereditarios, hasta en aspectos como&hellip;\n","protected":false},"author":2,"featured_media":151417,"comment_status":"","ping_status":"","sticky":false,"template":"","format":"standard","meta":{"footnotes":""},"categories":[92],"tags":[3349,119,25,24,165,166,23],"class_list":{"0":"post-151416","1":"post","2":"type-post","3":"status-publish","4":"format-standard","5":"has-post-thumbnail","7":"category-salud","8":"tag-autismo","9":"tag-ciencia","10":"tag-es","11":"tag-espana","12":"tag-health","13":"tag-salud","14":"tag-spain"},"share_on_mastodon":{"url":"","error":""},"_links":{"self":[{"href":"https:\/\/www.europesays.com\/es\/wp-json\/wp\/v2\/posts\/151416","targetHints":{"allow":["GET"]}}],"collection":[{"href":"https:\/\/www.europesays.com\/es\/wp-json\/wp\/v2\/posts"}],"about":[{"href":"https:\/\/www.europesays.com\/es\/wp-json\/wp\/v2\/types\/post"}],"author":[{"embeddable":true,"href":"https:\/\/www.europesays.com\/es\/wp-json\/wp\/v2\/users\/2"}],"replies":[{"embeddable":true,"href":"https:\/\/www.europesays.com\/es\/wp-json\/wp\/v2\/comments?post=151416"}],"version-history":[{"count":0,"href":"https:\/\/www.europesays.com\/es\/wp-json\/wp\/v2\/posts\/151416\/revisions"}],"wp:featuredmedia":[{"embeddable":true,"href":"https:\/\/www.europesays.com\/es\/wp-json\/wp\/v2\/media\/151417"}],"wp:attachment":[{"href":"https:\/\/www.europesays.com\/es\/wp-json\/wp\/v2\/media?parent=151416"}],"wp:term":[{"taxonomy":"category","embeddable":true,"href":"https:\/\/www.europesays.com\/es\/wp-json\/wp\/v2\/categories?post=151416"},{"taxonomy":"post_tag","embeddable":true,"href":"https:\/\/www.europesays.com\/es\/wp-json\/wp\/v2\/tags?post=151416"}],"curies":[{"name":"wp","href":"https:\/\/api.w.org\/{rel}","templated":true}]}}