{"id":151424,"date":"2025-10-01T20:55:07","date_gmt":"2025-10-01T20:55:07","guid":{"rendered":"https:\/\/www.europesays.com\/es\/151424\/"},"modified":"2025-10-01T20:55:07","modified_gmt":"2025-10-01T20:55:07","slug":"mas-de-400-detenciones-y-cerca-de-300-heridos-en-violencia-tras-manifestaciones-en-marruecos","status":"publish","type":"post","link":"https:\/\/www.europesays.com\/es\/151424\/","title":{"rendered":"M\u00e1s de 400 detenciones y cerca de 300 heridos en violencia tras manifestaciones en Marruecos"},"content":{"rendered":"<p>    <img src=\"https:\/\/www.europesays.com\/es\/wp-content\/uploads\/2025\/10\/2025-10-01T173A443A21Z-90100491.jpg\" width=\"1024\" height=\"682\" alt=\"\" loading=\"eager\" decoding=\"sync\" fetchpriority=\"high\"\/><\/p>\n<p>            afp_tickers        <\/p>\n<p>        Este contenido fue publicado en    <\/p>\n<p>        01 octubre 2025 &#8211; 19:44\n<\/p>\n<p>M\u00e1s de 400 personas fueron detenidas y cerca de 300 resultaron heridas en los enfrentamientos que se desataron el martes en Marruecos, donde una serie de manifestaciones exigen mayor justicia social, indic\u00f3 el Ministerio del Interior el mi\u00e9rcoles.<\/p>\n<p>Los choques se produjeron tras el cuarto d\u00eda de protestas no autorizadas convocadas por el grupo GenZ 212. El movimiento naci\u00f3 en la plataforma Discord y se describe a s\u00ed mismo como un \u00abespacio de debate\u00bb sobre \u00abcuestiones que afectan a todos los ciudadanos, como la salud, la educaci\u00f3n y la lucha contra la corrupci\u00f3n\u00bb.<\/p>\n<p>Las manifestaciones derivaron el martes en enfrentamientos con las fuerzas de seguridad en ciudades como Oujda, en el este, e Inzegane, en las afueras de Agadir, una ciudad del sur del pa\u00eds.<\/p>\n<p>Las protestas empezaron precisamente en esta localidad tras la muerte de ocho mujeres embarazadas que hab\u00edan sido admitidas en un hospital p\u00fablico para que le practicaran ces\u00e1reas.\u00a0<\/p>\n<p>Las siguientes manifestaciones denunciaron la degradaci\u00f3n de los servicios p\u00fablicos en el pa\u00eds. \u00abLos estadios est\u00e1n ah\u00ed, pero \u00bfd\u00f3nde est\u00e1n los hospitales?\u00bb, gritaron en los \u00faltimos d\u00edas algunos j\u00f3venes, en alusi\u00f3n a la Copa Africana de Naciones que se celebrar\u00e1 a finales de a\u00f1o en Marruecos y al Mundial de 2026, coorganizado por Espa\u00f1a y Portugal.<\/p>\n<p>El portavoz del Ministerio del Interior, Rachid El Khalfi, indic\u00f3 que durante las violencias del martes, algunas personas \u00abusaron armas blancas, c\u00f3cteles molotov y piedras\u00bb.<\/p>\n<p>El funcionario inform\u00f3 de 263 heridos entre las fuerzas de seguridad y 23 entre los manifestantes. Tambi\u00e9n precis\u00f3 que 409 personas fueron detenidas tras estos enfrentamientos, en los que se incendiaron m\u00e1s de 140 veh\u00edculos policiales y 20 autom\u00f3viles particulares.<\/p>\n<p>Nuevas marchas est\u00e1n previstas el mi\u00e9rcoles por la noche en una decena de ciudades.\u00a0<\/p>\n<p>En Marruecos, las desigualdades sociales siguen siendo un problema importante, con grandes disparidades regionales y una brecha entre los sectores p\u00fablico y privado.<\/p>\n<p>kao\/fka\/ila\/sag\/mb<\/p>\n","protected":false},"excerpt":{"rendered":"afp_tickers Este contenido fue publicado en 01 octubre 2025 &#8211; 19:44 M\u00e1s de 400 personas fueron detenidas y&hellip;\n","protected":false},"author":2,"featured_media":151425,"comment_status":"","ping_status":"","sticky":false,"template":"","format":"standard","meta":{"footnotes":""},"categories":[42],"tags":[17066,17,18,3675,636,18680,13,14,11,165,61,62,63,64,19,20,7657,17067,9,10,15,16,1384,90,12,21,22,65,66,67],"class_list":{"0":"post-151424","1":"post","2":"type-post","3":"status-publish","4":"format-standard","5":"has-post-thumbnail","7":"category-internacional","8":"tag-arrest","9":"tag-breaking-news","10":"tag-breakingnews","11":"tag-civil-unrest","12":"tag-conflict","13":"tag-demonstration","14":"tag-featured-news","15":"tag-featurednews","16":"tag-headlines","17":"tag-health","18":"tag-internacional","19":"tag-international","20":"tag-international-news","21":"tag-internationalnews","22":"tag-latest-news","23":"tag-latestnews","24":"tag-law-and-order","25":"tag-law-enforcement","26":"tag-news","27":"tag-noticias","28":"tag-noticias-destacadas","29":"tag-noticiasdestacadas","30":"tag-police","31":"tag-ticker","32":"tag-titulares","33":"tag-ultimas-noticias","34":"tag-ultimasnoticias","35":"tag-world","36":"tag-world-news","37":"tag-worldnews"},"share_on_mastodon":{"url":"","error":""},"_links":{"self":[{"href":"https:\/\/www.europesays.com\/es\/wp-json\/wp\/v2\/posts\/151424","targetHints":{"allow":["GET"]}}],"collection":[{"href":"https:\/\/www.europesays.com\/es\/wp-json\/wp\/v2\/posts"}],"about":[{"href":"https:\/\/www.europesays.com\/es\/wp-json\/wp\/v2\/types\/post"}],"author":[{"embeddable":true,"href":"https:\/\/www.europesays.com\/es\/wp-json\/wp\/v2\/users\/2"}],"replies":[{"embeddable":true,"href":"https:\/\/www.europesays.com\/es\/wp-json\/wp\/v2\/comments?post=151424"}],"version-history":[{"count":0,"href":"https:\/\/www.europesays.com\/es\/wp-json\/wp\/v2\/posts\/151424\/revisions"}],"wp:featuredmedia":[{"embeddable":true,"href":"https:\/\/www.europesays.com\/es\/wp-json\/wp\/v2\/media\/151425"}],"wp:attachment":[{"href":"https:\/\/www.europesays.com\/es\/wp-json\/wp\/v2\/media?parent=151424"}],"wp:term":[{"taxonomy":"category","embeddable":true,"href":"https:\/\/www.europesays.com\/es\/wp-json\/wp\/v2\/categories?post=151424"},{"taxonomy":"post_tag","embeddable":true,"href":"https:\/\/www.europesays.com\/es\/wp-json\/wp\/v2\/tags?post=151424"}],"curies":[{"name":"wp","href":"https:\/\/api.w.org\/{rel}","templated":true}]}}