{"id":151426,"date":"2025-10-01T20:56:16","date_gmt":"2025-10-01T20:56:16","guid":{"rendered":"https:\/\/www.europesays.com\/es\/151426\/"},"modified":"2025-10-01T20:56:16","modified_gmt":"2025-10-01T20:56:16","slug":"vox-adelanta-al-psoe-y-ya-seria-la-segunda-fuerza-en-murcia-tras-aranar-tres-escanos-al-pp-que-lo-necesitara-para-gobernar","status":"publish","type":"post","link":"https:\/\/www.europesays.com\/es\/151426\/","title":{"rendered":"Vox adelanta al PSOE y ya ser\u00eda la segunda fuerza en Murcia tras ara\u00f1ar tres esca\u00f1os al PP, que lo necesitar\u00e1 para gobernar"},"content":{"rendered":"<p class=\"article-text\">\n        El Partido Popular volver\u00e1 a ganar las elecciones en la Regi\u00f3n de Murcia, pero no podr\u00e1 gobernar en solitario, seg\u00fan el bar\u00f3metro de verano del Centro de Estudios Murciano de Opini\u00f3n P\u00fablica (CEMOP). Tendr\u00e1 que pactar con Vox, que se convertir\u00e1 en la segunda fuerza de la Asamblea Regional, sorpasando al Partido Socialista.\n    <\/p>\n<p>    <a href=\"https:\/\/www.eldiario.es\/murcia\/politica\/presupuestos-vox-doblegado-pp-murcia-golpe-mensajes-migracion_1_12438601.html\" data-mrf-recirculation=\"saber-mas\" data-dl-event=\"saber-mas\" rel=\"nofollow noopener\" target=\"_blank\"><\/p>\n<p class=\"know-more__title\">\u00bfTodo por los presupuestos?: c\u00f3mo Vox ha doblegado al PP en Murcia a golpe de mensajes contra la migraci\u00f3n<\/p>\n<p>            <img decoding=\"async\" class=\"lazy\" loading=\"lazy\" data-src=\"https:\/\/static.eldiario.es\/clip\/8fbbcb36-c2cf-4af2-8cf2-e9fccd06bffb_16-9-aspect-ratio_default_0.jpg\" src=\"data:image\/svg+xml,%3Csvg xmlns=\" http:=\"\" viewbox=\"0 0 880 495\" alt=\"\u00bfTodo por los presupuestos?: c\u00f3mo Vox ha doblegado al PP en Murcia a golpe de mensajes contra la migraci\u00f3n\"\/><\/p>\n<p>                        <\/a><\/p>\n<p class=\"article-text\">\n        Si quieren gobernar, los populares tendr\u00e1n que pactar con sus antiguos socios de gobierno. Los de L\u00f3pez Miras han experimentado un descenso en las encuestas, pasando de los 21 esca\u00f1os que tienen en la actualidad a un total de 18. Por su parte, Vox gana un total de cuatro esca\u00f1os: \u201cEl ascenso de Vox es un fen\u00f3meno nacional, pero se agrava en el caso de la Regi\u00f3n de Murcia, que es la zona 0 de experimentaci\u00f3n del asalto al poder de la extrema derecha\u201d, han valorado desde el CEMOP.\n    <\/p>\n<p class=\"article-text\">\n        Para el CEMOP, el giro pol\u00edtico a favor de Vox se ha visto exacerbado tras la &#8216;cacer\u00eda&#8217; de migrantes en Torre Pacheco: \u201cEste suceso cambi\u00f3 de manera brusca las preferencias de los electores. El PP qued\u00f3 atrapado el marco de un discurso de confrontaci\u00f3n entre el odio de la extrema derecha hacia la poblaci\u00f3n migrante de origen magreb\u00ed y las cr\u00edticas de la izquierda a lo que consideran una ola fascista y reaccionaria\u201d.\n    <\/p>\n<p class=\"article-text\">\n        El discurso de odio racista y xen\u00f3fobo inund\u00f3 las <a href=\"https:\/\/www.eldiario.es\/murcia\/sociedad\/odio-inundo-redes-sucesos-torre-pacheco-bulos-llamadas-violencia_1_12489046.html\" target=\"_blank\" data-mrf-recirculation=\"links-noticia\" class=\"link\" rel=\"nofollow noopener\">redes sociales<\/a> durante los disturbios, con m\u00e1s de 138.000 mensajes de odio entre los d\u00edas 6 y 22 de julio, la mayor\u00eda de ellos dirigidos contra personas del norte de \u00c1frica, seg\u00fan un informe extraordinario del Observatorio Espa\u00f1ol del Racismo y la Xenofobia (Oberaxe), dependiente del Ministerio de Inclusi\u00f3n, Seguridad Social y Migraciones.\n    <\/p>\n<p class=\"article-text\">\n        A esto le han seguido otros episodios de corte racista protagonizados por Vox y secundados, con mayor o menor reticencia, por el Partido Popular. El \u00faltimo de ellos ha sido la pol\u00e9mica en torno al cierre del centro de menores en la pedan\u00eda murciana de <a href=\"https:\/\/www.eldiario.es\/murcia\/politica\/gobierno-murcia-cierre-centro-menores-santa-cruz-no-hablamos-paquete-amazon_1_12595998.html\" target=\"_blank\" data-mrf-recirculation=\"links-noticia\" class=\"link\" rel=\"nofollow noopener\">Santa Cruz<\/a>, parte del acuerdo presupuestario entre ambas formaciones. El Partido Popular se ha comprometido a cerrar de forma inminente este lugar de acogida para m\u00e1s de 60 menores, aunque a\u00fan se desconoce donde ser\u00e1n reubicados, o si esto es posible. Mientras, los de Abascal han intentado sin \u00e9xito orquestar concentraciones al frente de estas instalaciones.\n    <\/p>\n<p class=\"article-text\">\n        \u201cEl PP deja en la gatera a m\u00e1s de 37 mil votantes que manda a Vox, pero tiene el mayor n\u00famero -entre todos los partidos- de electores que en 2023 votaron a esta formaci\u00f3n, y que ahora est\u00e1n dudosos de hacia donde dirigir su voto\u201d, han matizado en el bar\u00f3metro. El CEMOP tambi\u00e9n ha considerado que Vox tiene \u201cmargen de crecimiento\u201d por la incorporaci\u00f3n de nuevos votantes y el voto protesta de procedencias ideol\u00f3gicas dispares, incluida la extrema izquierda.\n    <\/p>\n<p class=\"article-text\">\n        Los otros grandes damnificados de este bar\u00f3metro son los socialistas, que pierden un esca\u00f1o si las elecciones tuvieran lugar este mi\u00e9rcoles. Dejar\u00e1n, por lo tanto, de ser la principal fuerza de la oposici\u00f3n, pasando de 13 a 12 diputados: \u201cEl PSRM tiene margen de crecimiento con un l\u00edder renovado\u201d, ha augurado el bar\u00f3metro.\n    <\/p>\n<p class=\"article-text\">\n        Por su parte, Podemos ni crece ni se desinfla en la encuesta, manteniendo los dos diputados que conserva en la Asamblea Regional.\n    <\/p>\n<p>    <strong>La inmigraci\u00f3n, segunda preocupaci\u00f3n para los murcianos<\/strong><\/p>\n<p class=\"article-text\">\n        \u201cLa inmigraci\u00f3n se convirti\u00f3 en el centro de un debate donde Vox propuso soluciones simplistas a un problema complejo aprovechando su hegemon\u00eda en el mundo de las redes sociales\u201d, ha se\u00f1alado el bar\u00f3metro. El resultado de esta campa\u00f1a pol\u00edtica es que la cuesti\u00f3n de la inmigraci\u00f3n ha ido escalando puestos con bastante rapidez en la Regi\u00f3n de Murcia durante el \u00faltimo a\u00f1o.\n    <\/p>\n<p class=\"article-text\">\n        En la actualidad, esta cuesti\u00f3n preocupa a casi el 11% de los encuestados, solo superado por los pol\u00edticos, la pol\u00edtica y los partidos, con un 13%. Entre los votantes que muestran inquietud por la inmigraci\u00f3n -por recuerdo de voto- se encuentra un 22% del electorado de Vox, un 15% del partido cantonalista cartagenero Movimiento Ciudadano, y un 13% de Ciudadanos. Por otro lado, los electores de izquierdas muestran una menor preocupaci\u00f3n por la inmigraci\u00f3n, con un 3% del PSOE y un 7% de Podemos.\n    <\/p>\n<p class=\"article-text\">\n        Entre el resto de inquietudes se sit\u00faan el desempleo (7,9%), el Gobierno regional (7,2%), la vivienda (6,2%), los problemas de \u00edndole econ\u00f3mica (4,8), la sanidad (3,4%), el agua (3,3%), la seguridad ciudadana (3%) y la calidad del empleo (2,6%).\n    <\/p>\n<p class=\"article-text\">\n        Desaparece una constante entre las preocupaciones entre los murcianos, la situaci\u00f3n del Mar Menor. Por primera vez desde 2019, el estado de la laguna salada no causa ninguna inquietud entre los habitantes de la Regi\u00f3n. Encuesta tras encuesta, esta cuesti\u00f3n se ha ido desinflando hasta alcanzar el und\u00e9cimo puesto en el anterior bar\u00f3metro.\n    <\/p>\n<p>    <strong>Los presupuestos, otro acercamiento<\/strong><\/p>\n<p class=\"article-text\">\n        Se desconoce si PP y Vox firmar\u00e1n un acuerdo de gobierno en la Regi\u00f3n de Murcia de cumplirse las predicciones del CEMOP. No ser\u00eda la primera vez que ambos partidos gobiernan juntos en esta comunidad: en septiembre de 2023 sellaron un pacto de gobernabilidad, tras unas negociaciones de tres meses. La uni\u00f3n de ambos partidos no cumpli\u00f3 el a\u00f1o, ya que a los diez meses los de Abascal <a href=\"https:\/\/www.eldiario.es\/murcia\/politica\/ruptura-gobierno-murciano-pp-vox-acogida-ninos-ninas-migrantes-canarias_1_11514173.html\" target=\"_blank\" data-mrf-recirculation=\"links-noticia\" class=\"link\" rel=\"nofollow noopener\">rompieron<\/a> con los de L\u00f3pez Miras en la Regi\u00f3n de Murcia y en cuatro autonom\u00edas m\u00e1s -Extremadura, Baleares, Arag\u00f3n, Comunidad Valenciana, y Castilla y Le\u00f3n-, por el acogimiento de menores migrantes.\n    <\/p>\n<p>    <a href=\"https:\/\/www.eldiario.es\/murcia\/politica\/pp-vox-punto-firmar-presupuestos-region-murcia_1_12359432.html\" data-mrf-recirculation=\"saber-mas-abajo\" data-dl-event=\"saber-mas-abajo\" rel=\"nofollow noopener\" target=\"_blank\"><\/p>\n<p class=\"know-more__title\">\nPP y Vox sellan un acuerdo para los presupuestos de Murcia: \u201cHemos encontrado una voluntad de di\u00e1logo\u201d<\/p>\n<p>            <img decoding=\"async\" class=\"lazy\" loading=\"lazy\" data-src=\"https:\/\/static.eldiario.es\/clip\/df2a9011-af05-4a4c-9223-1b4e7afaa5a1_16-9-aspect-ratio_default_0.jpg\" src=\"data:image\/svg+xml,%3Csvg xmlns=\" http:=\"\" viewbox=\"0 0 880 495\" alt=\"PP y Vox sellan un acuerdo para los presupuestos de Murcia: &quot;Hemos encontrado una voluntad de di\u00e1logo&quot;\"\/><\/p>\n<p>                        <\/a><\/p>\n<p class=\"article-text\">\n        Recientemente, PP y Vox han experimentado otro acercamiento con la firma de los presupuestos de la Regi\u00f3n de Murcia de este a\u00f1o. En el <a href=\"https:\/\/www.eldiario.es\/murcia\/documento-texto-integro-pacto-cesiones-pp-vox-murcia-aprobar-presupuestos_1_12362712.html\" target=\"_blank\" data-mrf-recirculation=\"links-noticia\" class=\"link\" rel=\"nofollow noopener\">texto<\/a>, los populares adoptaban todas las condiciones impuestas por la extrema derecha, especialmente en lo relativo al rechazo y al se\u00f1alamiento de los migrantes, su disconformidad con las pol\u00edticas verdes europeas, la modificaci\u00f3n de la reforma del Mar Menor y la eliminaci\u00f3n de las ayudas p\u00fablicas a sindicatos y patronal.\n    <\/p>\n","protected":false},"excerpt":{"rendered":"El Partido Popular volver\u00e1 a ganar las elecciones en la Regi\u00f3n de Murcia, pero no podr\u00e1 gobernar en&hellip;\n","protected":false},"author":2,"featured_media":151427,"comment_status":"","ping_status":"","sticky":false,"template":"","format":"standard","meta":{"footnotes":""},"categories":[8],"tags":[17,18,45877,4374,25,24,13,14,8720,11,19,20,1478,9,10,15,16,7411,1699,6192,3745,45876,23,12,21,22,624],"class_list":{"0":"post-151426","1":"post","2":"type-post","3":"status-publish","4":"format-standard","5":"has-post-thumbnail","7":"category-espana","8":"tag-breaking-news","9":"tag-breakingnews","10":"tag-convertiria","11":"tag-elecciones","12":"tag-es","13":"tag-espana","14":"tag-featured-news","15":"tag-featurednews","16":"tag-fuerza","17":"tag-headlines","18":"tag-latest-news","19":"tag-latestnews","20":"tag-murcia","21":"tag-news","22":"tag-noticias","23":"tag-noticias-destacadas","24":"tag-noticiasdestacadas","25":"tag-proximas","26":"tag-psoe","27":"tag-region","28":"tag-segunda","29":"tag-sorpasa","30":"tag-spain","31":"tag-titulares","32":"tag-ultimas-noticias","33":"tag-ultimasnoticias","34":"tag-vox"},"share_on_mastodon":{"url":"","error":""},"_links":{"self":[{"href":"https:\/\/www.europesays.com\/es\/wp-json\/wp\/v2\/posts\/151426","targetHints":{"allow":["GET"]}}],"collection":[{"href":"https:\/\/www.europesays.com\/es\/wp-json\/wp\/v2\/posts"}],"about":[{"href":"https:\/\/www.europesays.com\/es\/wp-json\/wp\/v2\/types\/post"}],"author":[{"embeddable":true,"href":"https:\/\/www.europesays.com\/es\/wp-json\/wp\/v2\/users\/2"}],"replies":[{"embeddable":true,"href":"https:\/\/www.europesays.com\/es\/wp-json\/wp\/v2\/comments?post=151426"}],"version-history":[{"count":0,"href":"https:\/\/www.europesays.com\/es\/wp-json\/wp\/v2\/posts\/151426\/revisions"}],"wp:featuredmedia":[{"embeddable":true,"href":"https:\/\/www.europesays.com\/es\/wp-json\/wp\/v2\/media\/151427"}],"wp:attachment":[{"href":"https:\/\/www.europesays.com\/es\/wp-json\/wp\/v2\/media?parent=151426"}],"wp:term":[{"taxonomy":"category","embeddable":true,"href":"https:\/\/www.europesays.com\/es\/wp-json\/wp\/v2\/categories?post=151426"},{"taxonomy":"post_tag","embeddable":true,"href":"https:\/\/www.europesays.com\/es\/wp-json\/wp\/v2\/tags?post=151426"}],"curies":[{"name":"wp","href":"https:\/\/api.w.org\/{rel}","templated":true}]}}