{"id":151428,"date":"2025-10-01T20:57:10","date_gmt":"2025-10-01T20:57:10","guid":{"rendered":"https:\/\/www.europesays.com\/es\/151428\/"},"modified":"2025-10-01T20:57:10","modified_gmt":"2025-10-01T20:57:10","slug":"comparecencia-ante-los-medios-de-comunicacion-del-presidente-del-gobierno-pedro-sanchez-a-su-llegada-a-la-reunion-informal-de-jefes-de-estado-y-de-gobierno-de-la-union-europea","status":"publish","type":"post","link":"https:\/\/www.europesays.com\/es\/151428\/","title":{"rendered":"Comparecencia ante los medios de comunicaci\u00f3n del presidente del Gobierno, Pedro S\u00e1nchez, a su llegada a la reuni\u00f3n informal de Jefes de Estado y de Gobierno de la Uni\u00f3n Europea"},"content":{"rendered":"<p class=\"news-location\">Copenhague (Dinamarca)<\/p>\n<p class=\"Centrado\"><strong>INTERVENCI\u00d3N DEL PRESIDENTE DEL GOBIERNO, PEDRO S\u00c1NCHEZ<\/strong><\/p>\n<p class=\"Justificado\">Vamos a empezar ya.<\/p>\n<p class=\"Justificado\">Bueno, sab\u00e9is que este es un Consejo muy importante para Europa, en un contexto dif\u00edcil, complejo, que estamos viviendo en el este de la frontera europea como consecuencia de los ataques h\u00edbridos que est\u00e1 sufriendo Europa y tambi\u00e9n, l\u00f3gicamente, de la guerra en Ucrania perpetrada por Putin y su neoimperialismo.<\/p>\n<p class=\"Justificado\">Vamos a hablar del apoyo que Europa le va a seguir dando a Ucrania. A un pueblo que lo que quiere es decidir libremente sobre su futuro y, por tanto, integrarse en Europa. Y, por supuesto, tambi\u00e9n hablar del importante reto de la industria de la defensa y de la seguridad en distintos \u00e1mbitos.<\/p>\n<p class=\"Justificado\">Uno, evidentemente, la industria de la defensa cl\u00e1sica que nos provea de la autonom\u00eda suficiente y de las capacidades para poder responder al desaf\u00edo geopol\u00edtico que representa el neoimperialismo de Putin.<\/p>\n<p class=\"Justificado\">En segundo lugar, desde el punto de vista tambi\u00e9n del \u00e1mbito digital, de todo lo que tiene que ver con la desinformaci\u00f3n. Y, lamentablemente, hemos visto a lo largo de estas \u00faltimas semanas, como consecuencia de las elecciones en Moldavia, un ataque h\u00edbrido de desinformaci\u00f3n muy importante y, adem\u00e1s, sin ning\u00fan tapujo ni ning\u00fan tipo de, digamos, de secretismo por parte de Rusia para tratar de influir en el resultado electoral de Moldavia. Y, afortunadamente, las fuerzas proeuropeas han ganado.<\/p>\n<p class=\"Justificado\">Y, finalmente, de todo lo que tiene que ver, que tambi\u00e9n para Espa\u00f1a es importante, con la emergencia clim\u00e1tica. Saben ustedes que a lo largo de estos \u00faltimos diez a\u00f1os los costes materiales provenientes de la emergencia clim\u00e1tica, que desgraciadamente estamos volviendo a sufrir en buena parte de la Pen\u00ednsula Ib\u00e9rica, en nuestro territorio, en Espa\u00f1a, han representado en torno a m\u00e1s de 30.000 millones de euros en p\u00e9rdidas materiales.<\/p>\n<p class=\"Justificado\">Ese es el coste de la adaptaci\u00f3n a la emergencia clim\u00e1tica. Y, por supuesto, tambi\u00e9n en vidas: m\u00e1s de 20.000 vidas perdidas como consecuencia de la emergencia clim\u00e1tica durante esta \u00faltima d\u00e9cada en nuestro pa\u00eds.<\/p>\n<p class=\"Justificado\">Bueno, este aspecto de seguridad tambi\u00e9n va a ser incorporado por parte del Gobierno de Espa\u00f1a a este debate.<\/p>\n<p class=\"Justificado\">Con lo cual tenemos, en fin, un Consejo Europeo importante. Ma\u00f1ana sab\u00e9is que tendremos tambi\u00e9n la Comunidad Pol\u00edtica Europea, donde ampliaremos el debate a otros muchos pa\u00edses que no son miembros de la Uni\u00f3n Europea, pero que son, por supuesto, importantes.<\/p>\n<p class=\"Justificado\">En fin, tenemos dos d\u00edas por delante de intenso trabajo, muy relevantes tambi\u00e9n para la ciudadan\u00eda espa\u00f1ola. Y, bueno, pues aqu\u00ed estar\u00e1 Espa\u00f1a, siempre participando de manera constructiva.<\/p>\n<p class=\"Justificado\"><strong>P.- [Ininteligible]<\/strong><\/p>\n<p class=\"Justificado\"><strong>Presidente.-<\/strong> Bueno, sobre la flotilla, simplemente decir, hemos estado en contacto con ellos, hemos estado en contacto tambi\u00e9n con otros pa\u00edses que tienen integrantes de sus sociedades y de estas flotillas. Estamos hablando de m\u00e1s de un millar de personas.<\/p>\n<p class=\"Justificado\">Hay que recordar que es una misi\u00f3n humanitaria que no hubiera tenido lugar si el Gobierno de Israel hubiera permitido la entrada de UNRWA y el reparto de esa ayuda humanitaria por parte de Naciones Unidas.<\/p>\n<p class=\"Justificado\">En todo caso, creo que lo que es relevante para los miembros espa\u00f1oles de la flotilla, y tambi\u00e9n para la ciudadan\u00eda espa\u00f1ola, es que hemos estado en contacto con ellos, que, l\u00f3gicamente, hemos enviado una fragata, en nuestro caso, para poder, desde el punto de vista humanitario y desde el punto de vista del rescate, poder asistir a los miembros de la fragata. Estamos, como he dicho antes, en coordinaci\u00f3n con otros muchos pa\u00edses.<\/p>\n<p class=\"Justificado\">Y, en fin, yo lo que he trasladado desde el primer minuto siempre al Gobierno de Israel es que, l\u00f3gicamente, los nacionales, aquellos compatriotas que est\u00e1n en la flotilla, van a contar con toda la protecci\u00f3n diplom\u00e1tica, como no puede ser de otra manera.<\/p>\n<p class=\"Justificado\">No representan un peligro ni una amenaza para Israel y, por tanto, espero que Israel, en este caso el Gobierno de Netanyahu, no represente tampoco, no provea de ninguna amenaza a esta flotilla.<\/p>\n<p class=\"Derecha\">(Transcripci\u00f3n editada por la Secretar\u00eda de Estado de Comunicaci\u00f3n)<br \/>(Intervenci\u00f3n original en espa\u00f1ol)<\/p>\n","protected":false},"excerpt":{"rendered":"Copenhague (Dinamarca) INTERVENCI\u00d3N DEL PRESIDENTE DEL GOBIERNO, PEDRO S\u00c1NCHEZ Vamos a empezar ya. Bueno, sab\u00e9is que este es&hellip;\n","protected":false},"author":2,"featured_media":121663,"comment_status":"","ping_status":"","sticky":false,"template":"","format":"standard","meta":{"footnotes":""},"categories":[5],"tags":[17,18,25,24,13,14,11,19,20,9,10,15,16,23,12,21,22],"class_list":{"0":"post-151428","1":"post","2":"type-post","3":"status-publish","4":"format-standard","5":"has-post-thumbnail","7":"category-titulares","8":"tag-breaking-news","9":"tag-breakingnews","10":"tag-es","11":"tag-espana","12":"tag-featured-news","13":"tag-featurednews","14":"tag-headlines","15":"tag-latest-news","16":"tag-latestnews","17":"tag-news","18":"tag-noticias","19":"tag-noticias-destacadas","20":"tag-noticiasdestacadas","21":"tag-spain","22":"tag-titulares","23":"tag-ultimas-noticias","24":"tag-ultimasnoticias"},"share_on_mastodon":{"url":"","error":""},"_links":{"self":[{"href":"https:\/\/www.europesays.com\/es\/wp-json\/wp\/v2\/posts\/151428","targetHints":{"allow":["GET"]}}],"collection":[{"href":"https:\/\/www.europesays.com\/es\/wp-json\/wp\/v2\/posts"}],"about":[{"href":"https:\/\/www.europesays.com\/es\/wp-json\/wp\/v2\/types\/post"}],"author":[{"embeddable":true,"href":"https:\/\/www.europesays.com\/es\/wp-json\/wp\/v2\/users\/2"}],"replies":[{"embeddable":true,"href":"https:\/\/www.europesays.com\/es\/wp-json\/wp\/v2\/comments?post=151428"}],"version-history":[{"count":0,"href":"https:\/\/www.europesays.com\/es\/wp-json\/wp\/v2\/posts\/151428\/revisions"}],"wp:featuredmedia":[{"embeddable":true,"href":"https:\/\/www.europesays.com\/es\/wp-json\/wp\/v2\/media\/121663"}],"wp:attachment":[{"href":"https:\/\/www.europesays.com\/es\/wp-json\/wp\/v2\/media?parent=151428"}],"wp:term":[{"taxonomy":"category","embeddable":true,"href":"https:\/\/www.europesays.com\/es\/wp-json\/wp\/v2\/categories?post=151428"},{"taxonomy":"post_tag","embeddable":true,"href":"https:\/\/www.europesays.com\/es\/wp-json\/wp\/v2\/tags?post=151428"}],"curies":[{"name":"wp","href":"https:\/\/api.w.org\/{rel}","templated":true}]}}