{"id":151432,"date":"2025-10-01T21:01:10","date_gmt":"2025-10-01T21:01:10","guid":{"rendered":"https:\/\/www.europesays.com\/es\/151432\/"},"modified":"2025-10-01T21:01:10","modified_gmt":"2025-10-01T21:01:10","slug":"donald-trump-responde-al-vacile-del-equipo-europeo-tras-ganar-la-ryder-cup-frente-a-estados-unidos","status":"publish","type":"post","link":"https:\/\/www.europesays.com\/es\/151432\/","title":{"rendered":"Donald Trump responde al vacile del equipo europeo tras ganar la Ryder Cup frente a Estados Unidos"},"content":{"rendered":"<p class=\"paragraph\" id=\"paragraph_1\">Tras la victoria del equipo europeo en la <a href=\"https:\/\/www.elespanol.com\/temas\/ryder_cup\/?utm_cmp_rs=linksinline\" rel=\"nofollow noopener\" target=\"_blank\"><strong>Ryder Cup<\/strong><\/a>, el ambiente en la celebraci\u00f3n estuvo marcado no solo por la euforia por la victoria, sino tambi\u00e9n por un comentario que no tardar\u00eda en dar la vuelta al mundo.<strong> \u00ab\u00bfLo est\u00e1s viendo, Donald Trump?\u00bb<\/strong>.<\/p>\n<p class=\"paragraph\" id=\"paragraph_2\">El mensaje, lanzado por<strong>\u00a0Rory McIlroy, Justin Rose, Jon Rahm y compa\u00f1\u00eda<\/strong>, mientras Luke Donald, capit\u00e1n del equipo europeo,<a href=\"https:\/\/www.elespanol.com\/deportes\/golf\/20250928\/europa-consigue-retener-titulo-ryder-cup-ultima-jornada-infarto\/1003743945187_0.html?utm_cmp_rs=linksinline\" rel=\"nofollow noopener\" target=\"_blank\"> sosten\u00eda el trofeo que ha retenido el Viejo Continente<\/a>, tuvo su efecto y lleg\u00f3 hacia su destinatario, el presidente de los Estados Unidos, quien no dudar\u00eda en responder.<\/p>\n<p class=\"paragraph\" id=\"paragraph_3\">Era inevitable que Trump reaccionara. Nunca ha sido alguien que deje pasar una oportunidad en la que su nombre se instala en la conversaci\u00f3n p\u00fablica, menos a\u00fan en <strong>un deporte que considera parte de su legado personal y empresarial.<\/strong><\/p>\n<p><img loading=\"lazy\" decoding=\"async\" alt=\"Luke Donald levanta el trofeo de la Ryder Cup 2025\" height=\"180\" src=\"https:\/\/www.europesays.com\/es\/wp-content\/uploads\/2025\/10\/1003743945214_259047618_320x180.jpg\" width=\"320\" data-lazy-status=\"processed\" data-lazy-info=\"remove loading item 1\"\/><\/p>\n<p class=\"paragraph\" id=\"paragraph_4\">El presidente utiliz\u00f3 sus redes sociales para felicitar, a su manera, al conjunto europeo, pero no sin advertir duras cr\u00edticas hacia los suyos.<\/p>\n<p class=\"paragraph\" id=\"paragraph_5\">Seg\u00fan Trump, el equipo estadounidense <strong>\u00abcareci\u00f3 de liderazgo, energ\u00eda y mentalidad ganadora\u00bb<\/strong>, factores que en su opini\u00f3n fueron los que marcaron la diferencia en la competici\u00f3n.<\/p>\n<p class=\"paragraph\" id=\"paragraph_6\">No dud\u00f3 en se\u00f1alar decisiones \u00aberr\u00f3neas\u00bb en la elecci\u00f3n de los capitanes y la estrategia de juego, insinuando que con una direcci\u00f3n distinta los Estados Unidos habr\u00edan podido imponer su superioridad.<\/p>\n<p><img decoding=\"async\" alt=\"El presidente de Estados Unidos, Donald Trump\" data-imgm=\"true\" height=\"180\" loading=\"lazy\"  src=\"https:\/\/www.europesays.com\/es\/wp-content\/uploads\/2025\/10\/1003743950270_259112094_1024x576.jpg\"  width=\"320\"\/><\/p>\n<p>                                                            El presidente de Estados Unidos, Donald Trump<\/p>\n<p>                    Europa Press<\/p>\n<p class=\"paragraph\" id=\"paragraph_7\">Sobre el c\u00e1ntico en su contra, Trump opt\u00f3 por convertir la burla en un reconocimiento impl\u00edcito a su figura:<strong> \u00abPor supuesto que lo vi, y el mundo entero lo vio. \u00a1Felicidades!<\/strong> Cuando se habla de golf, se habla de Trump. No hay un nombre m\u00e1s grande en este deporte\u00bb, afirm\u00f3 con el tono grandilocuente que lo caracteriza.<\/p>\n<p class=\"paragraph\" id=\"paragraph_8\">A\u00f1adi\u00f3, incluso, que la Ryder Cup deber\u00eda considerar la posibilidad de regresar a uno de sus clubs en el futuro, ya que, seg\u00fan \u00e9l, sus instalaciones representan \u00abel mejor escenario imaginable para un espect\u00e1culo deportivo de esta magnitud\u00bb.<\/p>\n<p><img decoding=\"async\" alt=\"Jon Rahm y su euf\u00f3rica celebraci\u00f3n con aficionados tras ganar la Ryder Cup 2025\" height=\"180\" loading=\"lazy\" width=\"320\" data-lazy-status=\"processed\" id=\"43be98b29a\" src=\"https:\/\/www.elespanol.com\/deportes\/otros-deportes\/20251001\/donald-trump-responde-vacile-equipo-europeo-ganar-ryder-cup-frente-unidos\/[\" https:=\"\" data-lazy-info=\"changed src\"\/><\/p>\n<p class=\"paragraph\" id=\"paragraph_9\">La respuesta se movi\u00f3 entre<strong> la sorna y la autopromoci\u00f3n<\/strong>, reflejando el estilo con el que Trump ha marcado la pol\u00edtica estadounidense y, en este caso, hasta los ecos de un torneo de golf.<\/p>\n<p class=\"paragraph\" id=\"paragraph_10\">Para muchos seguidores, el mandatario se mostr\u00f3 h\u00e1bil al desviar una cr\u00edtica en una oportunidad para reforzar su identidad p\u00fablica. Otros, en cambio, consideraron que volvi\u00f3 a demostrar su incapacidad para reconocer una derrota estadounidense sin encontrar un culpable externo.<\/p>\n<p class=\"paragraph\" id=\"paragraph_11\">El episodio dej\u00f3 un sabor peculiar: una victoria europea te\u00f1ida de humor y canto, y una r\u00e9plica de Trump que lo devolvi\u00f3, por un instante, al centro de la conversaci\u00f3n global.<\/p>\n<p class=\"paragraph\" id=\"paragraph_12\">Al final, lo que naci\u00f3 como un momento l\u00fadico de vestuario termin\u00f3 siendo un nuevo cap\u00edtulo en la constante<strong> intersecci\u00f3n entre deporte, pol\u00edtica y espect\u00e1culo<\/strong> que rodea la figura del presidente.<\/p>\n","protected":false},"excerpt":{"rendered":"Tras la victoria del equipo europeo en la Ryder Cup, el ambiente en la celebraci\u00f3n estuvo marcado no&hellip;\n","protected":false},"author":2,"featured_media":151433,"comment_status":"","ping_status":"","sticky":false,"template":"","format":"standard","meta":{"footnotes":""},"categories":[275],"tags":[168,352,25,24,329,1915,23,167],"class_list":{"0":"post-151432","1":"post","2":"type-post","3":"status-publish","4":"format-standard","5":"has-post-thumbnail","7":"category-golf","8":"tag-deportes","9":"tag-donald-trump","10":"tag-es","11":"tag-espana","12":"tag-golf","13":"tag-otros-deportes","14":"tag-spain","15":"tag-sports"},"share_on_mastodon":{"url":"","error":""},"_links":{"self":[{"href":"https:\/\/www.europesays.com\/es\/wp-json\/wp\/v2\/posts\/151432","targetHints":{"allow":["GET"]}}],"collection":[{"href":"https:\/\/www.europesays.com\/es\/wp-json\/wp\/v2\/posts"}],"about":[{"href":"https:\/\/www.europesays.com\/es\/wp-json\/wp\/v2\/types\/post"}],"author":[{"embeddable":true,"href":"https:\/\/www.europesays.com\/es\/wp-json\/wp\/v2\/users\/2"}],"replies":[{"embeddable":true,"href":"https:\/\/www.europesays.com\/es\/wp-json\/wp\/v2\/comments?post=151432"}],"version-history":[{"count":0,"href":"https:\/\/www.europesays.com\/es\/wp-json\/wp\/v2\/posts\/151432\/revisions"}],"wp:featuredmedia":[{"embeddable":true,"href":"https:\/\/www.europesays.com\/es\/wp-json\/wp\/v2\/media\/151433"}],"wp:attachment":[{"href":"https:\/\/www.europesays.com\/es\/wp-json\/wp\/v2\/media?parent=151432"}],"wp:term":[{"taxonomy":"category","embeddable":true,"href":"https:\/\/www.europesays.com\/es\/wp-json\/wp\/v2\/categories?post=151432"},{"taxonomy":"post_tag","embeddable":true,"href":"https:\/\/www.europesays.com\/es\/wp-json\/wp\/v2\/tags?post=151432"}],"curies":[{"name":"wp","href":"https:\/\/api.w.org\/{rel}","templated":true}]}}