{"id":151438,"date":"2025-10-01T21:04:07","date_gmt":"2025-10-01T21:04:07","guid":{"rendered":"https:\/\/www.europesays.com\/es\/151438\/"},"modified":"2025-10-01T21:04:07","modified_gmt":"2025-10-01T21:04:07","slug":"quienes-son-los-jovenes-pilotos-que-intentaran-conseguir-un-asiento-en-la-formula-1","status":"publish","type":"post","link":"https:\/\/www.europesays.com\/es\/151438\/","title":{"rendered":"qui\u00e9nes son los j\u00f3venes pilotos que intentar\u00e1n conseguir un asiento en la F\u00f3rmula 1"},"content":{"rendered":"\n<p data-start=\"1079\" data-end=\"1418\">La <strong><a href=\"https:\/\/www.mdzol.com\/temas\/formula-661.html\" class=\"agrupador\" rel=\"22061 nofollow noopener\" target=\"_blank\">F\u00f3rmula 1<\/a><\/strong> atraviesa una etapa de relativa estabilidad en cuanto a sus alineaciones. Se espera que la mayor\u00eda de los <strong><a href=\"https:\/\/www.mdzol.com\/temas\/pilotos-2964.html\" class=\"agrupador\" rel=\"23350 nofollow noopener\" target=\"_blank\">pilotos<\/a><\/strong> actuales contin\u00fae en 2026, lo que reducir\u00e1 las oportunidades para los debutantes. A diferencia de la temporada pasada, donde varios j\u00f3venes encontraron su lugar, el pr\u00f3ximo a\u00f1o las puertas estar\u00e1n m\u00e1s cerradas.<\/p>\n<p data-start=\"1420\" data-end=\"1724\"> El mito de que los autos actuales eran demasiado complejos para los <strong><a href=\"https:\/\/www.mdzol.com\/temas\/novatos-41362.html\" class=\"agrupador\" rel=\"36590 nofollow noopener\" target=\"_blank\">novatos<\/a><\/strong> qued\u00f3 enterrado en 2024, cuando Oliver Bearman reemplaz\u00f3 a Carlos Sainz en Arabia Saudita y sorprendi\u00f3 con una actuaci\u00f3n impecable. Aquella demostraci\u00f3n cambi\u00f3 el enfoque de los equipos: la juventud estaba lista para competir.<\/p>\n<p data-start=\"1726\" data-end=\"1965\"> Ese mismo a\u00f1o, Liam Lawson eclips\u00f3 a Daniel Ricciardo y gan\u00f3 un asiento en Red Bull, mientras que <a href=\"https:\/\/www.mdzol.com\/deportes\/revelan-cuales-son-las-tres-condiciones-que-franco-colapinto-sea-piloto-alpine-2026-n1349801\" target=\"_blank\" rel=\"follow nofollow noopener\">Franco Colapinto se consolid\u00f3 en Alpine<\/a> como un fichaje prometedor. Incluso Jack Doohan tuvo su oportunidad, aunque su temporada fue breve.<\/p>\n<p data-start=\"1967\" data-end=\"2176\"> En 2025, el ingreso de Andrea Kimi Antonelli, Gabriel Bortoleto e Isack Hadjar confirm\u00f3 la apuesta por el recambio generacional, aunque tambi\u00e9n dej\u00f3 en claro que los errores son parte natural de ese proceso.<\/p>\n<p data-start=\"2234\" data-end=\"2568\">Con Cadillac priorizando la experiencia y la mayor\u00eda de los equipos manteniendo sus alineaciones, el escenario para 2026 se perfila mucho m\u00e1s complicado. El \u201ccuello de botella\u201d que se genera en el mercado de pilotos limita las opciones, dejando a un pu\u00f1ado de j\u00f3venes como los \u00fanicos con posibilidades reales de alcanzar un asiento.<\/p>\n<p> Arvid Lindblad, la apuesta de Red Bull <\/p>\n<p data-start=\"2614\" data-end=\"2908\">Uno de los nombres m\u00e1s mencionados es el de <strong>Arvid Lindblad<\/strong>, quien podr\u00eda convertirse en piloto de Racing Bulls. Aunque ocupa \u201csolo\u201d el s\u00e9ptimo puesto en su a\u00f1o debut en F\u00f3rmula 2, Helmut Marko ha expresado su admiraci\u00f3n por el anglo-sueco y todo indica que Red Bull lo tiene en consideraci\u00f3n.<\/p>\n<p data-start=\"2910\" data-end=\"3174\"><strong>Lindblad <\/strong>ya prob\u00f3 un monoplaza en el Gran Premio de Gran Breta\u00f1a, donde rod\u00f3 en FP1. Si bien estuvo a un segundo de Lewis Hamilton, qued\u00f3 apenas a medio segundo de Max Verstappen con neum\u00e1ticos blandos. Ese rendimiento refuerza la idea de que puede dar el salto.<\/p>\n<p> Arvid Lindblad   <\/p>\n<p>  <img decoding=\"async\" src=\"https:\/\/www.mdzol.com\/css-custom\/373\/lazy.svg\" data-td-src-property=\"https:\/\/media.mdzol.com\/p\/dc2a45a8ebd5209f29b59dc2fd713fbb\/adjuntos\/373\/imagenes\/001\/818\/0001818537\/760x0\/smart\/arvid-lindblad-podria-convertirse-piloto-racing-bulls-la-temporada-2026-la-formula-1.jpg\" alt=\"Arvid Lindblad podr\u00eda convertirse en piloto de Racing Bulls para la temporada 2026 de la F\u00f3rmula 1.\" title=\"Arvid Lindblad podr\u00eda convertirse en piloto de Racing Bulls para la temporada 2026 de la F\u00f3rmula 1.\" width=\"760\" height=\"undefined\" id=\"1822602-Libre-622561301_embed\"\/>  <\/p>\n<p> Arvid Lindblad podr\u00eda convertirse en piloto de Racing Bulls para la temporada 2026 de la F\u00f3rmula 1.<\/p>\n<p>Instagram @arvid.lindblad<\/p>\n<p data-start=\"3176\" data-end=\"3394\"> El dilema estar\u00e1 en c\u00f3mo se reconfigura la estructura de Red Bull: \u00bfqui\u00e9n quedar\u00e1 fuera entre Yuki Tsunoda y Lawson?, \u00bfy valdr\u00e1 la pena promover a Hadjar al equipo principal? La decisi\u00f3n final est\u00e1 en manos de Marko.<\/p>\n<p>Paul Aron y la inc\u00f3gnita en Alpine <\/p>\n<p data-start=\"3436\" data-end=\"3700\">En Alpine la situaci\u00f3n tambi\u00e9n genera expectativa. Con Pierre Gasly asegurado, Flavio Briatore dej\u00f3 en claro que<a href=\"https:\/\/www.mdzol.com\/deportes\/la-contundente-imagen-flavio-briatore-franco-colapinto-que-desperto-fuertes-rumores-n1342391\" target=\"_blank\" rel=\"follow nofollow noopener\"> el segundo asiento ser\u00e1 para un joven<\/a>. La opci\u00f3n m\u00e1s s\u00f3lida es mantener a Franco Colapinto, quien adem\u00e1s atrae el inter\u00e9s de marcas latinoamericanas.<\/p>\n<p data-start=\"3702\" data-end=\"4036\">No obstante, <strong><a href=\"https:\/\/www.mdzol.com\/paul-aron-a111546\" class=\"agrupador\" rel=\"111546 nofollow noopener\" target=\"_blank\">Paul Aron<\/a><\/strong> sigue en carrera. El estonio ha mostrado un nivel competitivo en pruebas privadas y en sus participaciones oficiales, aunque en Hungr\u00eda tuvo problemas con la unidad de potencia. Su rendimiento en F2, donde pele\u00f3 contra Bortoleto y Hadjar, lo respalda como alternativa si Alpine decide apostar por otro perfil.<\/p>\n<p> paul aron   <\/p>\n<p>  <img decoding=\"async\" src=\"https:\/\/www.mdzol.com\/css-custom\/373\/lazy.svg\" data-td-src-property=\"https:\/\/media.mdzol.com\/p\/293a6ea756cc02f829a13aa791536152\/adjuntos\/373\/imagenes\/001\/763\/0001763779\/760x0\/smart\/aron-reemplazara-colapinto-la-fp1-del-gran-premio-italia-monza.jpg\" alt=\"Paul Aron viene haciendo bien las cosas en Alpine, pero Franco Colapinto ser\u00eda la prioridad.\u00a0\" title=\"Paul Aron viene haciendo bien las cosas en Alpine, pero Franco Colapinto ser\u00eda la prioridad.\u00a0\" width=\"760\" height=\"undefined\" id=\"1766399-Libre-201932164_embed\"\/>  <\/p>\n<p> Paul Aron viene haciendo bien las cosas en Alpine, pero Franco Colapinto ser\u00eda la prioridad. <\/p>\n<p>Instagram @paularon_<\/p>\n<p> Fornaroli, Browning y Dunne: talentos de F2 en espera <\/p>\n<p data-start=\"4097\" data-end=\"4273\">M\u00e1s all\u00e1 de Lindblad y Aron, hay tres nombres que se destacan en la F\u00f3rmula 2 pero que parecen tener pocas chances inmediatas: Leonardo Fornaroli, Luke Browning y Alex Dunne.<\/p>\n<p data-start=\"4275\" data-end=\"4616\">Fornaroli ha sido el piloto m\u00e1s consistente, mostrando madurez pese a su juventud. Browning, miembro de la academia de Williams, se perfila como candidato a un rol de reserva gracias a su solidez en carreras largas. Dunne, en cambio, combina velocidad con errores que le han costado caro, como el choque en M\u00f3naco o la penalizaci\u00f3n en Spa.<\/p>\n<p data-start=\"4618\" data-end=\"4751\">Sin embargo, si logran asegurarse un lugar como pilotos de pruebas o de simulador, podr\u00edan ingresar progresivamente a la categor\u00eda.<\/p>\n<p>Rafael Camara, el pr\u00f3ximo proyecto de Ferrari <\/p>\n<p data-start=\"4804\" data-end=\"5008\">A largo plazo, los focos apuntan a Rafael Camara, reciente campe\u00f3n de la F3 con dominio absoluto. El brasile\u00f1o, respaldado por Ferrari, sue\u00f1a con replicar el camino de Bortoleto y llegar a F1 en 2027.<\/p>\n<p> rafael camara   <\/p>\n<p>  <img decoding=\"async\" src=\"https:\/\/www.mdzol.com\/css-custom\/373\/lazy.svg\" data-td-src-property=\"https:\/\/media.mdzol.com\/p\/1b023f79fb41043bdc8afe6b2d08b185\/adjuntos\/373\/imagenes\/001\/818\/0001818543\/760x0\/smart\/rafael-camara-junto-charles-leclerc.jpg\" alt=\"Rafael Camara junto a Charles Leclerc.\" title=\"Rafael Camara junto a Charles Leclerc.\" width=\"760\" height=\"undefined\" id=\"1822608-Libre-1602542616_embed\"\/>  <\/p>\n<p> Rafael Camara junto a Charles Leclerc.<\/p>\n<p>Instagram @fiaf3<\/p>\n<p data-start=\"5010\" data-end=\"5222\"> Camara demostr\u00f3 velocidad en clasificaci\u00f3n con m\u00faltiples poles y consistencia durante toda la temporada. Su desempe\u00f1o en F2 ser\u00e1 decisivo, pero con el apoyo de Ferrari tiene todas las herramientas para escalar.<\/p>\n<p>Una generaci\u00f3n lista para el desaf\u00edo <\/p>\n<p data-start=\"5266\" data-end=\"5558\">El presente de la <strong>F\u00f3rmula 1<\/strong> parece estar en manos de pilotos experimentados, pero el futuro inmediato guarda promesas. \u201cLos errores de novato\u201d seguir\u00e1n siendo parte del proceso, pero los nombres de Lindblad, Aron, Fornaroli, Browning, Dunne y Camara ya circulan en el paddock.<\/p>\n<p data-start=\"5560\" data-end=\"5752\">La pregunta es si los equipos estar\u00e1n dispuestos a abrir espacio en 2026, o si estos j\u00f3venes deber\u00e1n esperar para cumplir su sue\u00f1o de estar en la parrilla m\u00e1s codiciada del mundo.<\/p>\n","protected":false},"excerpt":{"rendered":"La F\u00f3rmula 1 atraviesa una etapa de relativa estabilidad en cuanto a sus alineaciones. Se espera que la&hellip;\n","protected":false},"author":2,"featured_media":151439,"comment_status":"","ping_status":"","sticky":false,"template":"","format":"standard","meta":{"footnotes":""},"categories":[270],"tags":[168,25,24,306,271,272,23,167],"class_list":{"0":"post-151438","1":"post","2":"type-post","3":"status-publish","4":"format-standard","5":"has-post-thumbnail","7":"category-formula-1","8":"tag-deportes","9":"tag-es","10":"tag-espana","11":"tag-f1","12":"tag-formula-1","13":"tag-formula1","14":"tag-spain","15":"tag-sports"},"share_on_mastodon":{"url":"","error":""},"_links":{"self":[{"href":"https:\/\/www.europesays.com\/es\/wp-json\/wp\/v2\/posts\/151438","targetHints":{"allow":["GET"]}}],"collection":[{"href":"https:\/\/www.europesays.com\/es\/wp-json\/wp\/v2\/posts"}],"about":[{"href":"https:\/\/www.europesays.com\/es\/wp-json\/wp\/v2\/types\/post"}],"author":[{"embeddable":true,"href":"https:\/\/www.europesays.com\/es\/wp-json\/wp\/v2\/users\/2"}],"replies":[{"embeddable":true,"href":"https:\/\/www.europesays.com\/es\/wp-json\/wp\/v2\/comments?post=151438"}],"version-history":[{"count":0,"href":"https:\/\/www.europesays.com\/es\/wp-json\/wp\/v2\/posts\/151438\/revisions"}],"wp:featuredmedia":[{"embeddable":true,"href":"https:\/\/www.europesays.com\/es\/wp-json\/wp\/v2\/media\/151439"}],"wp:attachment":[{"href":"https:\/\/www.europesays.com\/es\/wp-json\/wp\/v2\/media?parent=151438"}],"wp:term":[{"taxonomy":"category","embeddable":true,"href":"https:\/\/www.europesays.com\/es\/wp-json\/wp\/v2\/categories?post=151438"},{"taxonomy":"post_tag","embeddable":true,"href":"https:\/\/www.europesays.com\/es\/wp-json\/wp\/v2\/tags?post=151438"}],"curies":[{"name":"wp","href":"https:\/\/api.w.org\/{rel}","templated":true}]}}