{"id":151444,"date":"2025-10-01T21:07:11","date_gmt":"2025-10-01T21:07:11","guid":{"rendered":"https:\/\/www.europesays.com\/es\/151444\/"},"modified":"2025-10-01T21:07:11","modified_gmt":"2025-10-01T21:07:11","slug":"lucas-de-andy-y-lucas-pone-fecha-a-su-proxima-operacion-de-nariz-voy-a-callar-bocas","status":"publish","type":"post","link":"https:\/\/www.europesays.com\/es\/151444\/","title":{"rendered":"Lucas, de Andy y Lucas, pone fecha a su pr\u00f3xima operaci\u00f3n de nariz: \u201cVoy a callar bocas\u201d"},"content":{"rendered":"<p class=\"\">Los caminos de<b> Andy y Lucas<\/b> se unieron hace m\u00e1s de 20 a\u00f1os. Ambos hab\u00edan coincidido en el colegio y compartido las calles de <b>C\u00e1diz<\/b>, pasado que justificaba la conexi\u00f3n y la qu\u00edmica que les un\u00eda sobre el escenario y que, incluso, llev\u00f3 a medio pa\u00eds a preguntarse qui\u00e9n de los dos era cada uno. <b>Su carrera conjunta ha sido un \u00e9xito incontestable <\/b>que en apenas una semana deber\u00e1 ser tratada en pret\u00e9rito: su gira<b> <\/b><b>Nuestros \u00faltimos acordes<\/b> llega a su fin este 10 de octubre en Madrid; y, con su t\u00e9rmino, se producir\u00e1 la ruptura laboral entre ambos.<\/p>\n<p class=\"\">La evoluci\u00f3n de los hechos ha levantado la l\u00f3gica nube de <b>rumorolog\u00eda <\/b>que apunta a un distanciamiento entre ambos, teor\u00eda que ha sido categ\u00f3ricamente rechazada por ambos. <b>\u201cNo s\u00e9 de d\u00f3nde ha salido eso, pero somos familia\u201d<\/b>, ha dicho Lucas en una reciente entrevista con \u00a1Hola!, sosteniendo que <b>\u201ccomo cualquier pareja\u201d<\/b> han discutido y que le apena que esta avalancha medi\u00e1tica se produzca<b> \u201cahora, que no queda nada para el \u00faltimo concierto\u201d. <\/b>Pero no lo puede controlar. Y de una forma u otra, Andy y Lucas se encuentran en el <b>ojo del hurac\u00e1n informativo.<\/b><\/p>\n<p>Segunda operaci\u00f3n de nariz<\/p>\n<p class=\"\">Lo cierto es que dicha tormenta ha mojado m\u00e1s a Lucas que a Andy. El artista, acusado recientemente de contraer <a href=\"https:\/\/as.com\/tikitakas\/famosos\/lucas-de-andy-y-lucas-estalla-en-pleno-directo-de-espejo-publico-caradura-n\/\" target=\"_blank\" rel=\"noreferrer nofollow noopener\" title=\"https:\/\/as.com\/tikitakas\/famosos\/lucas-de-andy-y-lucas-estalla-en-pleno-directo-de-espejo-publico-caradura-n\/\">una deuda econ\u00f3mica alt\u00edsima<\/a> con un <b>promotor que particip\u00f3 en la gira<\/b>, ha enfrentado numerosos comentarios desde hace m\u00e1s de un calendario por el aspecto de su nariz, fruto de una cirug\u00eda y del <b>\u201crevent\u00f3n\u201d que se produjo tras ignorar las recomendaciones m\u00e9dicas.<\/b> Para poner fin a este quebradero de cabeza, Lucas ha dicho \u2018basta\u2019 y volver\u00e1 al sitio donde todo empez\u00f3: <b>el quir\u00f3fano.<\/b><\/p>\n<p class=\"\">Tal y como ha confesado en dicha entrevista, Lucas volver\u00e1 a operarse tan pronto como pueda. <b>\u201cNo me he operado todav\u00eda por la gira porque necesitar\u00eda como 30 d\u00edas para recuperarme\u201d<\/b>, ha reconocido, fechando la intervenci\u00f3n <b>\u201centre noviembre y enero\u201d<\/b>, ya que tiene que esperar porque tiene \u201cuna peque\u00f1a cicatriz\u201d y, si algo quiere tener claro esta vez,<b> \u201ctodo tiene que estar bien\u201d<\/b>. No quiere dar pie a una amalgama de palabras malintencionadas que, por otro lado, le parecen<b> \u201cuna falta de educaci\u00f3n\u201d.<\/b><\/p>\n<p>Noticias relacionadas<a href=\"https:\/\/as.com\/tikitakas\/virales\/venden-su-restaurante-de-200-metros-cuadrados-por-un-euro-al-ano-a-cambio-de-hacer-mas-ruido-y-que-se-empadronen-en-el-pueblo-n\/\" class=\"s_m_w\" title=\"En el Ayuntamiento de Coca de Alba ofrecen su local social acondicionado como bar para atraer m\u00e1s poblaci\u00f3n al peque\u00f1o municipio. \" data-tb-link=\"\" rel=\"nofollow noopener\" target=\"_blank\"><img decoding=\"async\" src=\"https:\/\/www.europesays.com\/es\/wp-content\/uploads\/2025\/10\/SVSEHNGKXVANJMNA3S26JEHRKA.jpg\" alt=\"Venden su restaurante de 200 metros cuadrados por un euro al a\u00f1o a cambio de \u2018hacer m\u00e1s ruido\u2019 y que \u201cse empadronen en el pueblo\u201d\" class=\"\" height=\"1\" width=\"1\"   loading=\"lazy\" data-tb-thumbnail=\"\"\/><\/a><a href=\"https:\/\/as.com\/tikitakas\/gastronomia\/el-chef-jose-andres-senala-su-desayuno-ideal-con-solo-dos-ingredientes-un-plato-que-te-lleva-a-un-lugar-feliz-n\/\" class=\"s_m_w\" title=\"El reputado cocinero ha confesado en su podcast \u2018Long Tables\u2019 qu\u00e9 comida le transporta a su infancia y qu\u00e9 ingrediente no falta nunca en su mesa.\" data-tb-link=\"\" rel=\"nofollow noopener\" target=\"_blank\"><img decoding=\"async\" src=\"https:\/\/www.europesays.com\/es\/wp-content\/uploads\/2025\/10\/VB2BLLRH5BFCZGBDDS62XHFEBM.jpg\" alt=\"El chef Jos\u00e9 Andr\u00e9s se\u00f1ala su desayuno ideal con solo dos ingredientes: \u201cUn plato que te lleva a un lugar feliz\u201d\" class=\"\" height=\"1\" width=\"1\"   loading=\"lazy\" data-tb-thumbnail=\"\"\/><\/a><\/p>\n<p class=\"\">Pero no le preocupa. <b>\u201cEs arreglable\u201d<\/b>, dice, agregando que \u201cel resultado se ver\u00e1 en cuatro meses\u201d: <b>\u201cEl doctor me dice: \u2018Te voy a dejar guap\u00edsimo\u2019. Voy a callar bocas\u201d.<\/b><\/p>\n<p class=\"\"><b>\u00a1Tus opiniones importan!<\/b> Comenta en los art\u00edculos y suscr\u00edbete gratis a nuestra <a href=\"https:\/\/asfan.as.com\/newsletters\/\" target=\"_blank\" rel=\"nofollow noopener\" title=\"https:\/\/asfan.as.com\/newsletters\/\">newsletter<\/a> y a las alertas informativas en la <a href=\"https:\/\/as.com\/aplicacion-de-as-n\/\" target=\"_blank\" rel=\"nofollow noopener\" title=\"https:\/\/as.com\/aplicacion-de-as-n\/\">App<\/a> o el canal de <a href=\"https:\/\/www.whatsapp.com\/channel\/0029VaAasdA7j6g745nz9M10\" target=\"_blank\" rel=\"nofollow noopener\" title=\"https:\/\/www.whatsapp.com\/channel\/0029VaAasdA7j6g745nz9M10\">WhatsApp<\/a>. \u00bfBuscas licenciar contenido? Haz clic <a href=\"https:\/\/profesional.elpais.com\/soluciones-sindicacion?utm_medium=interno&amp;utm_source=crosslinking&amp;utm_campaign=sindicacion_as_pie_articulos\" target=\"_blank\" rel=\"nofollow noopener\" title=\"https:\/\/profesional.elpais.com\/soluciones-sindicacion?utm_medium=interno&amp;utm_source=crosslinking&amp;utm_campaign=sindicacion_as_pie_articulos\">aqu\u00ed<\/a><\/p>\n","protected":false},"excerpt":{"rendered":"Los caminos de Andy y Lucas se unieron hace m\u00e1s de 20 a\u00f1os. Ambos hab\u00edan coincidido en el&hellip;\n","protected":false},"author":2,"featured_media":151445,"comment_status":"","ping_status":"","sticky":false,"template":"","format":"standard","meta":{"footnotes":""},"categories":[174],"tags":[255,146,147,25,24,256,23],"class_list":{"0":"post-151444","1":"post","2":"type-post","3":"status-publish","4":"format-standard","5":"has-post-thumbnail","7":"category-famosos","8":"tag-celebrities","9":"tag-entertainment","10":"tag-entretenimiento","11":"tag-es","12":"tag-espana","13":"tag-famosos","14":"tag-spain"},"share_on_mastodon":{"url":"","error":""},"_links":{"self":[{"href":"https:\/\/www.europesays.com\/es\/wp-json\/wp\/v2\/posts\/151444","targetHints":{"allow":["GET"]}}],"collection":[{"href":"https:\/\/www.europesays.com\/es\/wp-json\/wp\/v2\/posts"}],"about":[{"href":"https:\/\/www.europesays.com\/es\/wp-json\/wp\/v2\/types\/post"}],"author":[{"embeddable":true,"href":"https:\/\/www.europesays.com\/es\/wp-json\/wp\/v2\/users\/2"}],"replies":[{"embeddable":true,"href":"https:\/\/www.europesays.com\/es\/wp-json\/wp\/v2\/comments?post=151444"}],"version-history":[{"count":0,"href":"https:\/\/www.europesays.com\/es\/wp-json\/wp\/v2\/posts\/151444\/revisions"}],"wp:featuredmedia":[{"embeddable":true,"href":"https:\/\/www.europesays.com\/es\/wp-json\/wp\/v2\/media\/151445"}],"wp:attachment":[{"href":"https:\/\/www.europesays.com\/es\/wp-json\/wp\/v2\/media?parent=151444"}],"wp:term":[{"taxonomy":"category","embeddable":true,"href":"https:\/\/www.europesays.com\/es\/wp-json\/wp\/v2\/categories?post=151444"},{"taxonomy":"post_tag","embeddable":true,"href":"https:\/\/www.europesays.com\/es\/wp-json\/wp\/v2\/tags?post=151444"}],"curies":[{"name":"wp","href":"https:\/\/api.w.org\/{rel}","templated":true}]}}