{"id":151446,"date":"2025-10-01T21:10:08","date_gmt":"2025-10-01T21:10:08","guid":{"rendered":"https:\/\/www.europesays.com\/es\/151446\/"},"modified":"2025-10-01T21:10:08","modified_gmt":"2025-10-01T21:10:08","slug":"begona-descubre-que-esta-embarazada-en-los-proximos-capitulos-de-suenos-de-libertad","status":"publish","type":"post","link":"https:\/\/www.europesays.com\/es\/151446\/","title":{"rendered":"Bego\u00f1a descubre que est\u00e1 embarazada en los pr\u00f3ximos cap\u00edtulos de Sue\u00f1os de libertad"},"content":{"rendered":"<p>La enfermera lleva unos d\u00edas que no se encuentra del todo bien del est\u00f3mago. Aconsejada por su amiga y doctora, <b>Luz Borrell, <\/b>Bego\u00f1a se har\u00e1 un an\u00e1lisis para comprobar que est\u00e1 todo bien.<\/p>\n<p>Sin embargo, todo cambiar\u00e1 para siempre cuando descubra algo que, al menos de momento, no se encontraba en sus planes: <b>\u00a1Est\u00e1 embarazada! <\/b><\/p>\n<p><b>Luz<\/b> celebrar\u00e1 la noticia con alegr\u00eda mientras <b>Bego\u00f1a<\/b>, en shock, le dir\u00e1 que no est\u00e1 preparada para tener un beb\u00e9 y menos con<b> Gabriel.<\/b><\/p>\n<p>Su relaci\u00f3n no pasa por su mejor momento y adem\u00e1s&#8230;<b>\u00a1no est\u00e1 casada!<\/b> \u00bfQu\u00e9 pasar\u00e1 a partir de ahora?, \u00bfLe contar\u00e1 Bego\u00f1a a al abogado que van a convertirse en padres?, \u00bfC\u00f3mo reaccionar\u00e1 Andr\u00e9s si se entera de esta inesperada noticia?<\/p>\n<p>\u00a1No te pierdas todo lo que va a pasar en los pr\u00f3ximos cap\u00edtulos de <b>Sue\u00f1os de libertad<\/b>! \u00a1Desc\u00fabrelo la pr\u00f3xima semana, de lunes a viernes, a las 15:45h, en Antena 3!<\/p>\n","protected":false},"excerpt":{"rendered":"La enfermera lleva unos d\u00edas que no se encuentra del todo bien del est\u00f3mago. Aconsejada por su amiga&hellip;\n","protected":false},"author":2,"featured_media":151447,"comment_status":"","ping_status":"","sticky":false,"template":"","format":"standard","meta":{"footnotes":""},"categories":[171],"tags":[146,147,25,24,23,214],"class_list":{"0":"post-151446","1":"post","2":"type-post","3":"status-publish","4":"format-standard","5":"has-post-thumbnail","7":"category-tv","8":"tag-entertainment","9":"tag-entretenimiento","10":"tag-es","11":"tag-espana","12":"tag-spain","13":"tag-tv"},"share_on_mastodon":{"url":"","error":""},"_links":{"self":[{"href":"https:\/\/www.europesays.com\/es\/wp-json\/wp\/v2\/posts\/151446","targetHints":{"allow":["GET"]}}],"collection":[{"href":"https:\/\/www.europesays.com\/es\/wp-json\/wp\/v2\/posts"}],"about":[{"href":"https:\/\/www.europesays.com\/es\/wp-json\/wp\/v2\/types\/post"}],"author":[{"embeddable":true,"href":"https:\/\/www.europesays.com\/es\/wp-json\/wp\/v2\/users\/2"}],"replies":[{"embeddable":true,"href":"https:\/\/www.europesays.com\/es\/wp-json\/wp\/v2\/comments?post=151446"}],"version-history":[{"count":0,"href":"https:\/\/www.europesays.com\/es\/wp-json\/wp\/v2\/posts\/151446\/revisions"}],"wp:featuredmedia":[{"embeddable":true,"href":"https:\/\/www.europesays.com\/es\/wp-json\/wp\/v2\/media\/151447"}],"wp:attachment":[{"href":"https:\/\/www.europesays.com\/es\/wp-json\/wp\/v2\/media?parent=151446"}],"wp:term":[{"taxonomy":"category","embeddable":true,"href":"https:\/\/www.europesays.com\/es\/wp-json\/wp\/v2\/categories?post=151446"},{"taxonomy":"post_tag","embeddable":true,"href":"https:\/\/www.europesays.com\/es\/wp-json\/wp\/v2\/tags?post=151446"}],"curies":[{"name":"wp","href":"https:\/\/api.w.org\/{rel}","templated":true}]}}