{"id":151450,"date":"2025-10-01T21:12:09","date_gmt":"2025-10-01T21:12:09","guid":{"rendered":"https:\/\/www.europesays.com\/es\/151450\/"},"modified":"2025-10-01T21:12:09","modified_gmt":"2025-10-01T21:12:09","slug":"eden-la-pelicula-maldita-de-ron-howard-con-ana-de-armas-y-sydney-sweeney-directa-a-streaming-en-espana","status":"publish","type":"post","link":"https:\/\/www.europesays.com\/es\/151450\/","title":{"rendered":"&#8216;Eden&#8217;, la pel\u00edcula maldita de Ron Howard con Ana de Armas y Sydney Sweeney, directa a streaming en Espa\u00f1a"},"content":{"rendered":"<p>Cualquiera dir\u00eda que un director de la talla de <a href=\"https:\/\/www.ecartelera.com\/personas\/ron-howard\/\" rel=\"nofollow noopener\" target=\"_blank\">Ron Howard<\/a>, ganador de dos Oscar por &#8216;<a href=\"https:\/\/www.ecartelera.com\/peliculas\/una-mente-maravillosa\/\" rel=\"nofollow noopener\" target=\"_blank\">Una mente maravillosa<\/a>&#8216; y responsable de t\u00edtulos como &#8216;<a href=\"https:\/\/www.ecartelera.com\/peliculas\/apolo-13\/\" rel=\"nofollow noopener\" target=\"_blank\">Apolo 13<\/a>&#8216;, &#8216;<a href=\"https:\/\/www.ecartelera.com\/peliculas\/el-desafio-frost-contra-nixon\/\" rel=\"nofollow noopener\" target=\"_blank\">El desaf\u00edo: Frost contra Nixon<\/a>&#8216; o &#8216;<a href=\"https:\/\/www.ecartelera.com\/peliculas\/el-codigo-da-vinci\/\" rel=\"nofollow noopener\" target=\"_blank\">El c\u00f3digo Da Vinci<\/a>&#8216;, no tendr\u00eda ning\u00fan problema para que sus proyectos vean la luz del d\u00eda. Pero incluso los cineastas m\u00e1s asentados de Hollywood tienen sus proyectos malditos, y el de Howard ha llegado con <b>&#8216;<a href=\"https:\/\/www.ecartelera.com\/peliculas\/eden-2024\/\" rel=\"nofollow noopener\" target=\"_blank\">Eden<\/a>&#8216;, film que se ha encontrado con mil y un obst\u00e1culos para llegar a los cines<\/b>.<\/p>\n<p>&#8216;Eden&#8217; es un thriller de supervivencia que cuenta en su reparto con estrellas como <a href=\"https:\/\/www.ecartelera.com\/personas\/jude-law\/\" rel=\"nofollow noopener\" target=\"_blank\">Jude Law<\/a>, <a href=\"https:\/\/www.ecartelera.com\/personas\/vanessa-kirby\/\" rel=\"nofollow noopener\" target=\"_blank\">Vanessa Kirby<\/a>, <a href=\"https:\/\/www.ecartelera.com\/personas\/daniel-bruhl\/\" rel=\"nofollow noopener\" target=\"_blank\">Daniel Br\u00fchl<\/a> y <b>dos actrices de moda que siguen escalando puestos en Hollywood, <a href=\"https:\/\/www.ecartelera.com\/personas\/ana-de-armas\/\" rel=\"nofollow noopener\" target=\"_blank\">Ana de Armas<\/a> y <a href=\"https:\/\/www.ecartelera.com\/personas\/sydney-sweeney\/\" rel=\"nofollow noopener\" target=\"_blank\">Sydney Sweeney<\/a><\/b>. El film se present\u00f3 en la edici\u00f3n de 2024 del Festival de Cine de Toronto, donde no obtuvo un recibimiento muy c\u00e1lido por parte de la cr\u00edtica. Y a partir de ah\u00ed, <b>la pel\u00edcula cay\u00f3 en el limbo de la distribuci\u00f3n<\/b>.<\/p>\n<p>Tr\u00e1iler V.O. &#8216;Eden&#8217;<\/p>\n<p><video id=\"vid-35797\" class=\"video-js vjs-default-skin\" data-title=\"Tr\u00e1iler V.O. 'Eden'\" poster=\"https:\/\/www.ecartelera.com\/images\/videos\/35700\/f35797.jpg\" controls=\"\" preload=\"auto\" width=\"640\" height=\"360\" playsinline=\"\" data-vtt=\"\/\/v1.ecartelera.com\/video\/35700\/35797_sprite.vtt\" data-stream=\"0\">El navegador no soporta el tag de v\u00eddeo.<\/video><\/p>\n<p>X<\/p>\n<p>Su presupuesto, entre los 30 y 50 millones de d\u00f3lares, sumado a la recepci\u00f3n en TIFF y el contenido expl\u00edcito y violento de la pel\u00edcula, que se aleja considerablemente del estilo cl\u00e1sico de Howard, <b>complicaron la tarea de encontrar una distribuidora en Estados Unidos que asumiera el gasto, y por tanto, el riesgo de estrenarla<\/b>. De hecho, la pel\u00edcula <a href=\"https:\/\/www.ecartelera.com\/noticias\/pelicula-maldita-ron-howard-europa-sin-distribucion-eeuu-79960\/\" rel=\"nofollow noopener\" target=\"_blank\">lleg\u00f3 antes a las salas de Alemania<\/a> que a las de Norteam\u00e9rica, donde finalmente tuvo un estreno muy limitado de la mano de Vertical en agosto de 2025, es decir, casi un a\u00f1o despu\u00e9s de su infame paso por Toronto.<\/p>\n<p>Su estreno en Espa\u00f1a segu\u00eda siendo una inc\u00f3gnita, hasta ahora. En mayo de 2024, su productora, AGC Studios, vendi\u00f3 los derechos para su estreno en Prime Video en varios mercados internacionales, lo que hizo especular con un posible lanzamiento en Espa\u00f1a a trav\u00e9s del servicio de streaming de Amazon. Y ahora se confirma: &#8216;Eden&#8217; se salta los cines de nuestro pa\u00eds y va directa a Prime Video. <b>Su estreno en la plataforma ser\u00e1 el 24 de octubre<\/b>.<\/p>\n<p>\t\t\t\t\t\t\t<img decoding=\"async\" loading=\"lazy\" src=\"https:\/\/www.europesays.com\/es\/wp-content\/uploads\/2025\/10\/244543_eden-la-pelicula-maldita-de-ron-howard-con-ana-.jpg\" alt=\"Ana de Armas en 'Eden'\" width=\"1200\" height=\"739\"\/>\t<\/p>\n<p>\t\t\t\t\t\tAna de Armas en &#8216;Eden&#8217; (Prime Video)<\/p>\n<p>A su paso por el Festival de Toronto, &#8216;Eden&#8217; dividi\u00f3 a cr\u00edtica y audiencia con adjetivos como \u00absalvaje\u00bb, \u00abextrema\u00bb, \u00abexc\u00e9ntrica\u00bb, \u00abrocambolesca\u00bb o \u00abextra\u00f1a\u00bb. Entre otras cosas, la pel\u00edcula incluye una impactante escena de parto y un desnudo integral de Jude Law. El New York Times la describi\u00f3 as\u00ed: \u00abDrama hist\u00f3rico con <b>abundantes travesuras er\u00f3ticas y, a medida que la tensi\u00f3n aumenta, horribles actos de violencia<\/b>\u00ab. Variety la llam\u00f3 \u00abuna versi\u00f3n delirante de &#8216;El se\u00f1or de las moscas'\u00bb, mientras que IndieWire elogi\u00f3 a Howard por su manejo del humor negro y la calific\u00f3 como muy divertida.<\/p>\n<p>Basada en una historia real<\/p>\n<p>&#8216;Eden&#8217; trata sobre la construcci\u00f3n y posterior derrumbe de una utop\u00eda social y se basa en hechos reales real. Howard escuch\u00f3 por primera vez hace 15 a\u00f1os la historia de un grupo de europeos que <b>abandonaron su hogar a finales de la d\u00e9cada de 1920 para irse a vivir a Floreana, una isla deshabitada de los Gal\u00e1pagos<\/b>, en busca de una vida mejor alejada de la sociedad moderna. Y se obsesion\u00f3 con ella.<\/p>\n<p>\t\t\t\t\t\t\t<img decoding=\"async\" loading=\"lazy\" src=\"https:\/\/www.europesays.com\/es\/wp-content\/uploads\/2025\/10\/244540_eden-la-pelicula-maldita-de-ron-howard-con-ana-.jpg\" alt=\"Jude Law y Vanessa Kirby en 'Eden'\" width=\"1200\" height=\"675\"\/>\t<\/p>\n<p>\t\t\t\t\t\tJude Law y Vanessa Kirby en &#8216;Eden&#8217; (Prime Video)<\/p>\n<p>La pel\u00edcula comienza con la llegada del doctor Friedrich Ritter (Law) y su esposa Dora (Kirby) a la isla, donde ellos mismos se construyen una casa para vivir en armon\u00eda y alejados de todo. Pero su para\u00edso se ve interrumpido por la llegada de nuevos colonos desde Europa, lo que da lugar a la formaci\u00f3n de dos unidades familiares dentro de la isla, que deber\u00e1n aprender a coexistir. Cuando otro grupo liderado por una heredera conocida como La Baronesa (De Armas) llega tambi\u00e9n a la isla, <b>comenzar\u00e1 una encarnizada lucha por el control del lugar y por la supervivencia<\/b>.<\/p>\n","protected":false},"excerpt":{"rendered":"Cualquiera dir\u00eda que un director de la talla de Ron Howard, ganador de dos Oscar por &#8216;Una mente&hellip;\n","protected":false},"author":2,"featured_media":151451,"comment_status":"","ping_status":"","sticky":false,"template":"","format":"standard","meta":{"footnotes":""},"categories":[169],"tags":[1014,1015,1013,177,1011,146,147,25,24,782,176,1019,1016,175,753,1012,23,1017,1018],"class_list":{"0":"post-151450","1":"post","2":"type-post","3":"status-publish","4":"format-standard","5":"has-post-thumbnail","7":"category-cine","8":"tag-actores","9":"tag-actrices","10":"tag-cartelera","11":"tag-cine","12":"tag-ecartelera","13":"tag-entertainment","14":"tag-entretenimiento","15":"tag-es","16":"tag-espana","17":"tag-estrellas","18":"tag-film","19":"tag-fotogramas","20":"tag-fotos","21":"tag-movies","22":"tag-peliculas","23":"tag-pelis","24":"tag-spain","25":"tag-trailers","26":"tag-videos"},"share_on_mastodon":{"url":"","error":""},"_links":{"self":[{"href":"https:\/\/www.europesays.com\/es\/wp-json\/wp\/v2\/posts\/151450","targetHints":{"allow":["GET"]}}],"collection":[{"href":"https:\/\/www.europesays.com\/es\/wp-json\/wp\/v2\/posts"}],"about":[{"href":"https:\/\/www.europesays.com\/es\/wp-json\/wp\/v2\/types\/post"}],"author":[{"embeddable":true,"href":"https:\/\/www.europesays.com\/es\/wp-json\/wp\/v2\/users\/2"}],"replies":[{"embeddable":true,"href":"https:\/\/www.europesays.com\/es\/wp-json\/wp\/v2\/comments?post=151450"}],"version-history":[{"count":0,"href":"https:\/\/www.europesays.com\/es\/wp-json\/wp\/v2\/posts\/151450\/revisions"}],"wp:featuredmedia":[{"embeddable":true,"href":"https:\/\/www.europesays.com\/es\/wp-json\/wp\/v2\/media\/151451"}],"wp:attachment":[{"href":"https:\/\/www.europesays.com\/es\/wp-json\/wp\/v2\/media?parent=151450"}],"wp:term":[{"taxonomy":"category","embeddable":true,"href":"https:\/\/www.europesays.com\/es\/wp-json\/wp\/v2\/categories?post=151450"},{"taxonomy":"post_tag","embeddable":true,"href":"https:\/\/www.europesays.com\/es\/wp-json\/wp\/v2\/tags?post=151450"}],"curies":[{"name":"wp","href":"https:\/\/api.w.org\/{rel}","templated":true}]}}