{"id":151452,"date":"2025-10-01T21:13:09","date_gmt":"2025-10-01T21:13:09","guid":{"rendered":"https:\/\/www.europesays.com\/es\/151452\/"},"modified":"2025-10-01T21:13:09","modified_gmt":"2025-10-01T21:13:09","slug":"la-polemica-entrada-de-frenkie-de-jong-en-el-barca-psg-por-la-que-se-reclamo-roja-directa","status":"publish","type":"post","link":"https:\/\/www.europesays.com\/es\/151452\/","title":{"rendered":"La pol\u00e9mica entrada de Frenkie de Jong en el Bar\u00e7a-PSG por la que se reclam\u00f3 roja directa"},"content":{"rendered":"\n<ul class=\"bodyList bodyList--unordered\">\n<li class=\"bodyList__item\"><a href=\"https:\/\/www.elconfidencial.com\/deportes\/futbol\/2025-10-01\/barcelona-psg-champions-hoy-directo_4219793\/\" target=\"_self\" rel=\"nofollow noopener\">Barcelona &#8211; PSG, Champions League: resultado, goles y \u00faltima hora<\/a><\/li>\n<li class=\"bodyList__item\"><a href=\"https:\/\/www.elconfidencial.com\/deportes\/futbol\/champions\/2025-10-01\/ultras-barca-psg-mossos-d-esquadra-bengalas_4220247\/\" target=\"_self\" rel=\"nofollow noopener\">Los ultras del Bar\u00e7a se enfrentan a la polic\u00eda y lanzan bengalas y botellas contra el autob\u00fas del PSG<\/a><\/li>\n<\/ul>\n<p> <a href=\"https:\/\/www.elconfidencial.com\/deportes\/futbol\/2025-10-01\/barcelona-psg-champions-hoy-directo_4219793\/\" target=\"_self\" rel=\"nofollow noopener\">FC Barcelona y PSG <\/a>protagonizaban no solo el <a href=\"https:\/\/www.elconfidencial.com\/deportes\/futbol\/champions\/2025-10-01\/ultras-barca-psg-mossos-d-esquadra-bengalas_4220247\/\" target=\"_self\" rel=\"nofollow noopener\">partido m\u00e1s destacado<\/a> de la <strong>segunda jornada de la Champions League<\/strong>, si no de la fase liga en general. Los dos equipos no defraudaron y salieron con un ritmo muy alto, proponiendo y sin miedo al fallo. <\/p>\n<p> El <strong>conjunto de Flick comenz\u00f3 con una marcha m\u00e1s <\/strong>el encuentro y gozaron de las primeras ocasiones. Golpearon primero en el marcador con un gran robo de Lamine, que termin\u00f3 con un<strong> gol de Ferran Torres<\/strong> en el minuto 19. <\/p>\n<p>              <img decoding=\"async\" class=\"inTextNews__img\" alt=\"Foto: figo-barca-psg-gaspart-champions-laporta\" src=\"https:\/\/www.europesays.com\/es\/wp-content\/uploads\/2025\/10\/f.elconfidencial.com\/original\/c9b\/c91\/144\/c9bc911448b9d2fd4ff5facf4f8892d2.jpg\"  \/>     <\/p>\n<p>TE PUEDE INTERESAR<\/p>\n<p>      <a class=\"inTextNews__title\" href=\"https:\/\/www.elconfidencial.com\/deportes\/futbol\/champions\/2025-10-01\/figo-barca-psg-gaspart-champions-laporta_4220026\/\" onclick=\"window.ECCO.emit(&#039;amplitude&#039;, { dataEventName: &#039;click_related_article_module&#039;, data: { related_article_url: &#039;https:\/\/www.elconfidencial.com\/deportes\/futbol\/champions\/2025-10-01\/figo-barca-psg-gaspart-champions-laporta_4220026\/&#039;, related_article_author: &#039;Albert Ortega&#039;, related_article_section: &#039;champions&#039; } })\" rel=\"nofollow noopener\" target=\"_blank\"> Figo vuelve al palco del Bar\u00e7a, donde coincidir\u00e1 con Gaspart: \u00abNo lo olvido y no lo saludar\u00e9\u00bb <\/a>   <\/p>\n<p>    Albert Ortega. Barcelona   <\/p>\n<p> La primera mitad no estuvo exenta de pol\u00e9mica. En el minuto 29, los azulgranas pidieron penalti en una acci\u00f3n en la que Zabarnyi fue a despejar el bal\u00f3n, pero <strong>Eric Garc\u00eda meti\u00f3 el pie primero,<\/strong> golpeando el ucraniano al central cul\u00e9. El <strong>\u00e1rbitro Michael Oliver y el VAR<\/strong> no consideraron que fuera pena m\u00e1xima. <\/p>\n<p> La otra acci\u00f3n que gener\u00f3 debate sucedi\u00f3 en el minuto 32, cuando <strong>Nuno Mendes arranc\u00f3 a toda velocidad<\/strong> por el centro del campo en direcci\u00f3n a la porter\u00eda de Szczensy, cuando <strong><a href=\"https:\/\/www.elconfidencial.com\/deportes\/futbol\/2025-09-26\/frenkie-de-jong-barca-laporta-hansi-flick-renovacion_4216613\/\" target=\"_self\" rel=\"nofollow noopener\">Frenkie de Jong<\/a> le derrib\u00f3 clav\u00e1ndole la puntera en el tal\u00f3n de Aquiles<\/strong> del portugu\u00e9s. Parec\u00eda que el neerland\u00e9s pis\u00f3 al jugador del PSG sin querer, pero no es la primera vez que se expulsa a un jugador por hacer una entrada a esa altura del pie. Al final, el colegiado ingl\u00e9s<strong> lo resolvi\u00f3 con tarjeta amarilla,<\/strong> a pesar de las protestas parisinas. <\/p>\n<blockquote class=\"twitter-tweet\">\n<p lang=\"es\" dir=\"ltr\">\u2757\ufe0f El VAR cheque\u00f3 esta acci\u00f3n de De Jong sobre Nuno Mendes por posible tarjeta roja.<a href=\"https:\/\/twitter.com\/hashtag\/UCL?src=hash&amp;ref_src=twsrc%5Etfw\" rel=\"nofollow noopener\" target=\"_blank\">#UCL<\/a> <a href=\"https:\/\/twitter.com\/hashtag\/LaCasaDelF%C3%BAtbol?src=hash&amp;ref_src=twsrc%5Etfw\" rel=\"nofollow noopener\" target=\"_blank\">#LaCasaDelF\u00fatbol<\/a> <a href=\"https:\/\/t.co\/vSgkSo7Br7\" rel=\"nofollow\">pic.twitter.com\/vSgkSo7Br7<\/a><\/p>\n<p>\u2014 F\u00fatbol en Movistar Plus+ (@MovistarFutbol) <a href=\"https:\/\/twitter.com\/MovistarFutbol\/status\/1973472710291308793?ref_src=twsrc%5Etfw\" rel=\"nofollow noopener\" target=\"_blank\">October 1, 2025<\/a><\/p><\/blockquote>\n<p> Tras un <strong>tramo de comodidad para el <a href=\"https:\/\/www.elconfidencial.com\/deportes\/futbol\/2025-10-01\/bartomeu-laporta-comisiones-fichajes-fiscalia_4219270\/\" target=\"_self\" rel=\"nofollow noopener\">Bar\u00e7a<\/a><\/strong>, el PSG se fue encontrando mejor y finalmente acab\u00f3 llegando el gol del empate en el 38\u2019 con una acci\u00f3n de Nuno Mendes, que rompi\u00f3 varias l\u00edneas en conducci\u00f3n para servirle el <strong>gol a Mayulu.<\/strong> <\/p>\n<p>         <script async src=\"https:\/\/platform.twitter.com\/widgets.js\" charset=\"utf-8\"><\/script><\/p>\n","protected":false},"excerpt":{"rendered":"Barcelona &#8211; PSG, Champions League: resultado, goles y \u00faltima hora Los ultras del Bar\u00e7a se enfrentan a la&hellip;\n","protected":false},"author":2,"featured_media":151453,"comment_status":"","ping_status":"","sticky":false,"template":"","format":"standard","meta":{"footnotes":""},"categories":[93],"tags":[168,25,24,23,167],"class_list":{"0":"post-151452","1":"post","2":"type-post","3":"status-publish","4":"format-standard","5":"has-post-thumbnail","7":"category-deportes","8":"tag-deportes","9":"tag-es","10":"tag-espana","11":"tag-spain","12":"tag-sports"},"share_on_mastodon":{"url":"","error":""},"_links":{"self":[{"href":"https:\/\/www.europesays.com\/es\/wp-json\/wp\/v2\/posts\/151452","targetHints":{"allow":["GET"]}}],"collection":[{"href":"https:\/\/www.europesays.com\/es\/wp-json\/wp\/v2\/posts"}],"about":[{"href":"https:\/\/www.europesays.com\/es\/wp-json\/wp\/v2\/types\/post"}],"author":[{"embeddable":true,"href":"https:\/\/www.europesays.com\/es\/wp-json\/wp\/v2\/users\/2"}],"replies":[{"embeddable":true,"href":"https:\/\/www.europesays.com\/es\/wp-json\/wp\/v2\/comments?post=151452"}],"version-history":[{"count":0,"href":"https:\/\/www.europesays.com\/es\/wp-json\/wp\/v2\/posts\/151452\/revisions"}],"wp:featuredmedia":[{"embeddable":true,"href":"https:\/\/www.europesays.com\/es\/wp-json\/wp\/v2\/media\/151453"}],"wp:attachment":[{"href":"https:\/\/www.europesays.com\/es\/wp-json\/wp\/v2\/media?parent=151452"}],"wp:term":[{"taxonomy":"category","embeddable":true,"href":"https:\/\/www.europesays.com\/es\/wp-json\/wp\/v2\/categories?post=151452"},{"taxonomy":"post_tag","embeddable":true,"href":"https:\/\/www.europesays.com\/es\/wp-json\/wp\/v2\/tags?post=151452"}],"curies":[{"name":"wp","href":"https:\/\/api.w.org\/{rel}","templated":true}]}}