{"id":151458,"date":"2025-10-01T21:17:11","date_gmt":"2025-10-01T21:17:11","guid":{"rendered":"https:\/\/www.europesays.com\/es\/151458\/"},"modified":"2025-10-01T21:17:11","modified_gmt":"2025-10-01T21:17:11","slug":"movistar-y-vodafone-entran-en-la-pelea-por-este-mercado","status":"publish","type":"post","link":"https:\/\/www.europesays.com\/es\/151458\/","title":{"rendered":"Movistar y Vodafone entran en la pelea por este mercado"},"content":{"rendered":"<p>Las <strong>luces de emergencia V-16 conectadas <\/strong>con la <strong>plataforma DGT 3.0<\/strong> ser\u00e1n <strong>obligatorias <\/strong>en Espa\u00f1a desde el <strong>1 de enero de 2026. <\/strong>Este dispositivo de prese\u00f1alizaci\u00f3n de peligro sustituir\u00e1 a los <a href=\"https:\/\/motor.elpais.com\/conducir\/se-puede-salir-del-coche-tras-una-averia-en-la-carretera-la-dgt-responde\/\" target=\"_blank\" rel=\"noreferrer noopener nofollow\">tri\u00e1ngulos de emergencia<\/a> y las balizas sin conexi\u00f3n y deber\u00e1 utilizarse para avisar de un siniestro o una <strong>aver\u00eda en la carretera. <\/strong>Todos los turismos, <a href=\"https:\/\/motor.elpais.com\/actualidad\/los-transportistas-tachan-de-desproporcionada-la-prohibicion-de-fumar-en-camiones-y-furgonetas\/\" target=\"_blank\" rel=\"noreferrer noopener nofollow\">camiones<\/a>, autobuses y furgonetas tendr\u00e1n que contar con uno en su equipamiento.<\/p>\n<p>Solo <strong>ser\u00e1n legales las luces de emergencia con conectividad. <\/strong>Una vez activadas, env\u00edan su geolocalizaci\u00f3n a la Direcci\u00f3n General de Tr\u00e1fico <strong>(DGT)<\/strong> para que el organismo conozca esa parada de emergencia y pueda informar en los <strong>paneles de la carretera <\/strong>y a trav\u00e9s de las <a href=\"https:\/\/motor.elpais.com\/tecnologia\/google-maps-o-waze-cual-es-mejor-para-evitar-atascos-y-multas\/\" target=\"_blank\" rel=\"noreferrer noopener nofollow\">aplicaciones de navegaci\u00f3n<\/a>, con las que comparte los datos. Cuando la luz se apaga, manda otra se\u00f1al a la DGT 3.0 para finiquitar el aviso. <\/p>\n<p>Las <a href=\"https:\/\/motor.elpais.com\/actualidad\/no-sabes-donde-colocar-la-luz-de-emergencia-v-16-en-tu-coche-la-dgt-lo-deja-muy-claro\/\" target=\"_blank\" rel=\"noreferrer noopener nofollow\">balizas V-16<\/a> deben cumplir los requisitos que marca la normativa de Tr\u00e1fico, incluida una <strong>precisi\u00f3n GPS inferior a cinco metros <\/strong>y<strong> conectividad gratuita<\/strong> durante un m\u00ednimo de 12 a\u00f1os. Estos dispositivos incluyen un im\u00e1n para que puedan colocarse con facilidad sobre el techo o la carrocer\u00eda de los veh\u00edculos. La <a href=\"https:\/\/www.dgt.es\/muevete-con-seguridad\/tecnologia-e-innovacion-en-carretera\/Dispositivos-de-presenalizacion-V16\/\" target=\"_blank\" rel=\"noreferrer noopener nofollow\">lista de los dispositivos homologados est\u00e1 disponible en la web de Tr\u00e1fico<\/a>.<\/p>\n<p>Movistar: luz de emergencia V-16<\/p>\n<p>Movistar ofrece en Espa\u00f1a la <a href=\"https:\/\/www.movistar.es\/electronica-hogar\/baliza-de-emergencia-conectada-v16-fase-light\/\" target=\"_blank\" rel=\"noreferrer noopener nofollow\">baliza Fase Light<\/a>, desarrollada junto a Telef\u00f3nica Tech. Este dispositivo incluye conectividad NB-IoT y una tarjeta SIM an\u00f3nima con 12 a\u00f1os de servicio sin coste adicional. Est\u00e1 <strong>disponible por 49,90\u202feuros<\/strong> (una unidad) o 89,90\u202feuros (pack de dos), y puede adquirirse desde la web oficial, la app o llamando al 1004. Tambi\u00e9n existe la opci\u00f3n de <strong>financiar la compra.<\/strong><\/p>\n<p><img decoding=\"async\" loading=\"lazy\" width=\"800\" height=\"800\" src=\"https:\/\/www.europesays.com\/es\/wp-content\/uploads\/2025\/10\/baliza-fase-light-01.jpg\" alt=\"\" class=\"wp-image-381679\"  \/><\/p>\n<p>La baliza de Vodafone<\/p>\n<p>La propuesta de Vodafone es la luz de emergencia <a href=\"https:\/\/www.vodafone.es\/c\/tienda-online\/particulares\/catalogo-hogar-inteligente\/netun-help-flash-iot-luz-de-emergencia-314217\/\" target=\"_blank\" rel=\"noreferrer noopener nofollow\">Help Flash IoT<\/a>, que cumple con los <strong>requisitos t\u00e9cnicos exigidos por la DGT, como todas las balizas homologadas<\/strong> (incluida la de Movistar): env\u00edo de se\u00f1al cada 100 segundos, precisi\u00f3n inferior a cinco metros, destello luminoso de 360 grados visible desde un kil\u00f3metro y protecci\u00f3n IP54 frente al polvo y el agua. <strong>Cuesta 49,95 euros<\/strong> o un euro al mes durante 36 meses si se contrata una tarifa m\u00f3vil.<\/p>\n<p><img decoding=\"async\" loading=\"lazy\" width=\"800\" height=\"800\" src=\"https:\/\/www.europesays.com\/es\/wp-content\/uploads\/2025\/10\/helpflash_01_zoom_660.jpg\" alt=\"\" class=\"wp-image-381680\"  \/><\/p>\n","protected":false},"excerpt":{"rendered":"Las luces de emergencia V-16 conectadas con la plataforma DGT 3.0 ser\u00e1n obligatorias en Espa\u00f1a desde el 1&hellip;\n","protected":false},"author":2,"featured_media":151459,"comment_status":"","ping_status":"","sticky":false,"template":"","format":"standard","meta":{"footnotes":""},"categories":[80],"tags":[82,814,45878,95,94,25,24,45879,23],"class_list":{"0":"post-151458","1":"post","2":"type-post","3":"status-publish","4":"format-standard","5":"has-post-thumbnail","7":"category-economia","8":"tag-business","9":"tag-dgt","10":"tag-dgt-3-0","11":"tag-economia","12":"tag-economy","13":"tag-es","14":"tag-espana","15":"tag-luces-v-16","16":"tag-spain"},"share_on_mastodon":{"url":"","error":""},"_links":{"self":[{"href":"https:\/\/www.europesays.com\/es\/wp-json\/wp\/v2\/posts\/151458","targetHints":{"allow":["GET"]}}],"collection":[{"href":"https:\/\/www.europesays.com\/es\/wp-json\/wp\/v2\/posts"}],"about":[{"href":"https:\/\/www.europesays.com\/es\/wp-json\/wp\/v2\/types\/post"}],"author":[{"embeddable":true,"href":"https:\/\/www.europesays.com\/es\/wp-json\/wp\/v2\/users\/2"}],"replies":[{"embeddable":true,"href":"https:\/\/www.europesays.com\/es\/wp-json\/wp\/v2\/comments?post=151458"}],"version-history":[{"count":0,"href":"https:\/\/www.europesays.com\/es\/wp-json\/wp\/v2\/posts\/151458\/revisions"}],"wp:featuredmedia":[{"embeddable":true,"href":"https:\/\/www.europesays.com\/es\/wp-json\/wp\/v2\/media\/151459"}],"wp:attachment":[{"href":"https:\/\/www.europesays.com\/es\/wp-json\/wp\/v2\/media?parent=151458"}],"wp:term":[{"taxonomy":"category","embeddable":true,"href":"https:\/\/www.europesays.com\/es\/wp-json\/wp\/v2\/categories?post=151458"},{"taxonomy":"post_tag","embeddable":true,"href":"https:\/\/www.europesays.com\/es\/wp-json\/wp\/v2\/tags?post=151458"}],"curies":[{"name":"wp","href":"https:\/\/api.w.org\/{rel}","templated":true}]}}