{"id":151460,"date":"2025-10-01T21:18:08","date_gmt":"2025-10-01T21:18:08","guid":{"rendered":"https:\/\/www.europesays.com\/es\/151460\/"},"modified":"2025-10-01T21:18:08","modified_gmt":"2025-10-01T21:18:08","slug":"el-barco-de-ada-colau-interceptado-si-estas-viendo-este-video-es-porque-israel-nos-ha-detenido-ilegalmente-internacional","status":"publish","type":"post","link":"https:\/\/www.europesays.com\/es\/151460\/","title":{"rendered":"El barco de Ada Colau, interceptado: \u00abSi est\u00e1s viendo este v\u00eddeo es porque Israel nos ha detenido ilegalmente\u00bb | Internacional"},"content":{"rendered":"<p class=\"loc\">Madrid<\/p>\n<p>La exalcaldesa de Barcelona, Ada Colau, ha publicado un v\u00eddeo en sus redes sociales, pregrabado desde el barco Sirius \u2013uno de los barcos de la Global Summud Flotilla\u2013, afirmando que este v\u00eddeo ve la luz porque los han detenido ilegalmente y est\u00e1n \u00ababsolutamente incomunicados\u00bb.<\/p>\n<p>En el comunicado, Colau hace un llamamiento a la ciudadan\u00eda, pide que sea su voz, haga \u00abel m\u00e1ximo ruido posible\u00bb y se presionen a los gobiernos para que les liberen y les permitan abrir el corredor humanitario con Gaza.<\/p>\n<p>La diputada de la CUP en el Parlament, Pilar Castillejo, tambi\u00e9n ha difundido un v\u00eddeo pregrabado para ser publicado en caso de ser detenidos ilegalmente. \u00abSi est\u00e1is viendo este video es porque el Estado sionista de Israel nos ha secuestrado en aguas de Palestina cuando intent\u00e1bamos abrir un corredor popular para llevar la ayuda humanitaria. Eso quiere decir que la ayuda no ha podido llegar\u00bb, explica en el v\u00eddeo Castillejo.<\/p>\n<p>\u00abSalid a la calle y protestad, porque es la \u00fanica manera de que esta ayuda pueda llegar. Obligadles a abrir este corredor, obligadles a que el genocidio termine\u00bb, a\u00f1ade en el video difundido por la CUP.<\/p>\n<blockquote class=\"twitter-tweet\">\n<p lang=\"ca\" dir=\"ltr\">\u203c\ufe0f HAN ASSALTAT LA FLOTILLA | Si esteu veient aquest v\u00eddeo vol dir que l&#8217;estat sionista d&#8217;Israel ens ha segrestat en aig\u00fces de Palestina intentant obrir el corredor humanitari<\/p>\n<p>Sortiu al carrer, manifesteu-vos i forceu a l&#8217;estat a alliberar-nos.<\/p>\n<p>\ud83c\uddf5\ud83c\uddf8 VISCA PALESTINA LLIURE \ud83c\uddf5\ud83c\uddf8 <a href=\"https:\/\/t.co\/snMLojPG5H\" rel=\"nofollow\">pic.twitter.com\/snMLojPG5H<\/a><\/p>\n<p>\u2014 Pilar Castillejo (@PlrCastillejo) <a href=\"https:\/\/twitter.com\/PlrCastillejo\/status\/1973465279243108687?ref_src=twsrc%5Etfw\" rel=\"nofollow noopener\" target=\"_blank\">October 1, 2025<\/a><\/p><\/blockquote>\n<p>Los barcos de la Flotilla han sido rodeados por los buques israel\u00edes en el mar frente a Gaza y sus ocupantes ser\u00e1n trasladados a Israel para su posterior expulsi\u00f3n, seg\u00fan ha avanzado el ministro de Defensa italiano, Guido Crosetto.<\/p>\n<p>La Flotilla, compuesta por m\u00e1s de 40 barcos y m\u00e1s de 500 voluntarios zarpados desde costas de pa\u00edses mediterr\u00e1neos como Espa\u00f1a, T\u00fanez o Italia, ha sido interceptada por barcos israel\u00edes cuando se encontraba a unas 80 millas n\u00e1uticas de Gaza.<\/p>\n<p>Colau: \u00abHab\u00eda un submarino muy cerca de la Flotilla\u00bb<\/p>\n<p>En la ma\u00f1ana de este mi\u00e9rcoles, Ada Colau ha informado a SER Catalunya de que, durante la pasada noche, tuvieron dos falsas alarmas. En primer lugar, naves del ej\u00e9rcito israel\u00ed se acercaron a las cuatro de la ma\u00f1ana a ellos, pero a una distancia prudencial. A pesar de esto, los tripulantes siguieron los protocolos y salieron a cubierta con los chalecos salvavidas puestos.<\/p>\n<p>M\u00e1s tarde, se percataron de que hab\u00eda \u00abun submarino de guerra muy cerca del barco\u00bb, tal y como relataba Colau. Este acercamiento supuso la ca\u00edda de las comunicaciones de su barco, junto con internet y el sistema de navegaci\u00f3n.<\/p>\n<p>Por otro lado, el pasado lunes, la radio p\u00fablica israel\u00ed anunci\u00f3 que aviones y barcos se estaban preparando para interceptar la ayuda humanitaria que lleva la Flotilla. Colau explica que Israel afirm\u00f3 que las fuerzas armadas hundir\u00edan los barcos que no pudieran remolcar tras detener a todos los tripulantes.<\/p>\n<p>El Gobierno de Espa\u00f1a, por su parte, ha informado este mi\u00e9rcoles de que el buque que enviaron desde la armada no pod\u00eda continuar y entrar en la zona marcada por Israel por seguridad y para preservar la integridad f\u00edsica de la tripulaci\u00f3n. Tambi\u00e9n, el Ejecutivo hab\u00eda recomendado a la Flotilla que no continuara su viaje porque pondr\u00edan en riesgo \u00abgrave\u00bb su seguridad.<\/p>\n<p>Por otro lado, el mensaje a\u00f1ad\u00eda que las vidas de los integrantes ten\u00edan que estar por encima de la misi\u00f3n \u00abencomiable y leg\u00edtima\u00bb que ten\u00eda la Flotilla. Ante este comunicado, Ada Colau ha respondido en la ma\u00f1ana de este mi\u00e9rcoles que han hecho este trayecto \u00abdurante un mes con 40 barcos, cientos de personas y cargados de ayuda humanitaria, para abrir un corredor humanitario, no para hacerle caso a un estado genocida que sigue bombardeando Gaza\u00bb.<\/p>\n<p><script async src=\"https:\/\/platform.twitter.com\/widgets.js\" charset=\"utf-8\"><\/script><\/p>\n","protected":false},"excerpt":{"rendered":"Madrid La exalcaldesa de Barcelona, Ada Colau, ha publicado un v\u00eddeo en sus redes sociales, pregrabado desde el&hellip;\n","protected":false},"author":2,"featured_media":151461,"comment_status":"","ping_status":"","sticky":false,"template":"","format":"standard","meta":{"footnotes":""},"categories":[42],"tags":[17,18,13,14,11,61,62,63,64,19,20,9,10,15,16,12,21,22,65,66,67],"class_list":{"0":"post-151460","1":"post","2":"type-post","3":"status-publish","4":"format-standard","5":"has-post-thumbnail","7":"category-internacional","8":"tag-breaking-news","9":"tag-breakingnews","10":"tag-featured-news","11":"tag-featurednews","12":"tag-headlines","13":"tag-internacional","14":"tag-international","15":"tag-international-news","16":"tag-internationalnews","17":"tag-latest-news","18":"tag-latestnews","19":"tag-news","20":"tag-noticias","21":"tag-noticias-destacadas","22":"tag-noticiasdestacadas","23":"tag-titulares","24":"tag-ultimas-noticias","25":"tag-ultimasnoticias","26":"tag-world","27":"tag-world-news","28":"tag-worldnews"},"share_on_mastodon":{"url":"","error":""},"_links":{"self":[{"href":"https:\/\/www.europesays.com\/es\/wp-json\/wp\/v2\/posts\/151460","targetHints":{"allow":["GET"]}}],"collection":[{"href":"https:\/\/www.europesays.com\/es\/wp-json\/wp\/v2\/posts"}],"about":[{"href":"https:\/\/www.europesays.com\/es\/wp-json\/wp\/v2\/types\/post"}],"author":[{"embeddable":true,"href":"https:\/\/www.europesays.com\/es\/wp-json\/wp\/v2\/users\/2"}],"replies":[{"embeddable":true,"href":"https:\/\/www.europesays.com\/es\/wp-json\/wp\/v2\/comments?post=151460"}],"version-history":[{"count":0,"href":"https:\/\/www.europesays.com\/es\/wp-json\/wp\/v2\/posts\/151460\/revisions"}],"wp:featuredmedia":[{"embeddable":true,"href":"https:\/\/www.europesays.com\/es\/wp-json\/wp\/v2\/media\/151461"}],"wp:attachment":[{"href":"https:\/\/www.europesays.com\/es\/wp-json\/wp\/v2\/media?parent=151460"}],"wp:term":[{"taxonomy":"category","embeddable":true,"href":"https:\/\/www.europesays.com\/es\/wp-json\/wp\/v2\/categories?post=151460"},{"taxonomy":"post_tag","embeddable":true,"href":"https:\/\/www.europesays.com\/es\/wp-json\/wp\/v2\/tags?post=151460"}],"curies":[{"name":"wp","href":"https:\/\/api.w.org\/{rel}","templated":true}]}}