{"id":151462,"date":"2025-10-01T21:19:09","date_gmt":"2025-10-01T21:19:09","guid":{"rendered":"https:\/\/www.europesays.com\/es\/151462\/"},"modified":"2025-10-01T21:19:09","modified_gmt":"2025-10-01T21:19:09","slug":"convocada-huelga-general-con-paros-parciales-contra-el-genocidio-en-gaza","status":"publish","type":"post","link":"https:\/\/www.europesays.com\/es\/151462\/","title":{"rendered":"Convocada huelga general con paros parciales contra el genocidio en Gaza"},"content":{"rendered":"<p class=\"article-text\">\n        Los sindicatos CCOO y UGT han realizado una convocatoria de huelga general para el pr\u00f3ximo 15 de octubre, con paros parciales en todos los turnos de trabajo, como medida de protesta en los centros de trabajo contra el genocidio en Gaza.\n    <\/p>\n<p class=\"article-text\">\n        La huelga general afectar\u00e1 a todas las actividades laborales y funcionariales desempe\u00f1adas por los trabajadores en el conjunto de Espa\u00f1a. La huelga general convocada ser\u00e1 de dos horas en cada uno de los tres turnos -ma\u00f1ana de 10:00 a 12:00, tarde de 17:00 a 19:00 y noche de 2:00 a 4:00- de la jornada del mi\u00e9rcoles 15 de octubre.\n    <\/p>\n<p class=\"article-text\">\n        El fin de la huelga es \u201cexigir el respeto de los derechos humanos del pueblo palestino y el fin del genocidio perpetrado por el estado de Israel en la Franja de Gaza\u201d, seg\u00fan se se\u00f1ala en la convocatoria de la huelga firmada por los representantes de ambos sindicatos.\n    <\/p>\n<p class=\"article-text\">\n        Adem\u00e1s, pretende advertir sobre las graves consecuencias socioecon\u00f3micas de la\u00a0continuidad del conflicto, se\u00f1alando que la continuidad del genocidio en la Franja de Gaza pone en riesgo la estabilidad pol\u00edtica y econ\u00f3mica de una zona geoestrat\u00e9gica que abastece de recursos energ\u00e9ticos naturales al resto del mundo y por la que transcurren algunas de las rutas comerciales mar\u00edtimas m\u00e1s importantes para el desarrollo de la econom\u00eda mundial.\n    <\/p>\n<p class=\"article-text\">\n        Junto a ello, indican que la continuidad del genocidio en la Franja de Gaza y su posible internacionalizaci\u00f3n conllevar\u00eda adem\u00e1s un incremento del gasto armament\u00edstico que repercutir\u00eda negativamente en las pol\u00edticas sociales b\u00e1sicas y esenciales. Y recuerdan que el genocidio perpetrado por Israel en la franja de Gaza, adem\u00e1s de haber provocado la muerte de decenas de miles de inocentes (incluidos ni\u00f1os y ni\u00f1as), ha causado tambi\u00e9n la muerte de miembros de distintas ONGS y de periodistas desplazados a Gaza con el \u00fanico prop\u00f3sito de prestar asistencia m\u00e9dica, sanitaria y humanitaria al pueblo palestino y tratar de paliar las consecuencias de los actos y de los da\u00f1os causados por las fuerzas de ocupaci\u00f3n israel\u00edes, y de informar y de dar a conocer al mundo la magnitud de las atrocidades que sufre diariamente el pueblo palestino.\n    <\/p>\n<p class=\"article-text\">\n        La convocatoria tambi\u00e9n busca la derogaci\u00f3n de la\u00a0Ley Org\u00e1nica 4\/2015\u00a0(conocida como \u201cLey Mordaza\u201d) y proteger el derecho a la huelga y las libertades sindicales.\u00a0As\u00ed, tiene por objeto protestar contra la imposici\u00f3n de estas sanciones, y adem\u00e1s, exigir la derogaci\u00f3n inmediata de la citada Ley, norma cuya vigencia ha supuesto un grave riesgo para la democracia y los derechos y libertades fundamentales proclamados por la Constituci\u00f3n, y muy especialmente para el derecho Fundamental a la Libertad Sindical y a la Huelga proclamados por los art\u00edculos 28.1 y 28.2 de la Constituci\u00f3n.\n    <\/p>\n<p class=\"article-text\">\n        Los sindicatos mayoritarios han querido garantizar con esta convocatoria un blindaje legal a las protestas, movilizaciones y asambleas que los sindicatos van a organizar en las puertas de los centros de trabajo contra el genocidio en Palestina ese d\u00eda.\n    <\/p>\n","protected":false},"excerpt":{"rendered":"Los sindicatos CCOO y UGT han realizado una convocatoria de huelga general para el pr\u00f3ximo 15 de octubre,&hellip;\n","protected":false},"author":2,"featured_media":151463,"comment_status":"","ping_status":"","sticky":false,"template":"","format":"standard","meta":{"footnotes":""},"categories":[8],"tags":[17,18,5763,25,24,13,14,694,3015,79,11,13181,19,20,9,10,15,16,45227,45226,23,12,21,22],"class_list":{"0":"post-151462","1":"post","2":"type-post","3":"status-publish","4":"format-standard","5":"has-post-thumbnail","7":"category-espana","8":"tag-breaking-news","9":"tag-breakingnews","10":"tag-convocada","11":"tag-es","12":"tag-espana","13":"tag-featured-news","14":"tag-featurednews","15":"tag-gaza","16":"tag-general","17":"tag-genocidio","18":"tag-headlines","19":"tag-huelga","20":"tag-latest-news","21":"tag-latestnews","22":"tag-news","23":"tag-noticias","24":"tag-noticias-destacadas","25":"tag-noticiasdestacadas","26":"tag-parciales","27":"tag-paros","28":"tag-spain","29":"tag-titulares","30":"tag-ultimas-noticias","31":"tag-ultimasnoticias"},"share_on_mastodon":{"url":"","error":""},"_links":{"self":[{"href":"https:\/\/www.europesays.com\/es\/wp-json\/wp\/v2\/posts\/151462","targetHints":{"allow":["GET"]}}],"collection":[{"href":"https:\/\/www.europesays.com\/es\/wp-json\/wp\/v2\/posts"}],"about":[{"href":"https:\/\/www.europesays.com\/es\/wp-json\/wp\/v2\/types\/post"}],"author":[{"embeddable":true,"href":"https:\/\/www.europesays.com\/es\/wp-json\/wp\/v2\/users\/2"}],"replies":[{"embeddable":true,"href":"https:\/\/www.europesays.com\/es\/wp-json\/wp\/v2\/comments?post=151462"}],"version-history":[{"count":0,"href":"https:\/\/www.europesays.com\/es\/wp-json\/wp\/v2\/posts\/151462\/revisions"}],"wp:featuredmedia":[{"embeddable":true,"href":"https:\/\/www.europesays.com\/es\/wp-json\/wp\/v2\/media\/151463"}],"wp:attachment":[{"href":"https:\/\/www.europesays.com\/es\/wp-json\/wp\/v2\/media?parent=151462"}],"wp:term":[{"taxonomy":"category","embeddable":true,"href":"https:\/\/www.europesays.com\/es\/wp-json\/wp\/v2\/categories?post=151462"},{"taxonomy":"post_tag","embeddable":true,"href":"https:\/\/www.europesays.com\/es\/wp-json\/wp\/v2\/tags?post=151462"}],"curies":[{"name":"wp","href":"https:\/\/api.w.org\/{rel}","templated":true}]}}