{"id":151464,"date":"2025-10-01T21:20:16","date_gmt":"2025-10-01T21:20:16","guid":{"rendered":"https:\/\/www.europesays.com\/es\/151464\/"},"modified":"2025-10-01T21:20:16","modified_gmt":"2025-10-01T21:20:16","slug":"aire-fresco-en-el-once-del-villarreal-ante-la-juventus","status":"publish","type":"post","link":"https:\/\/www.europesays.com\/es\/151464\/","title":{"rendered":"Aire fresco en el once del Villarreal ante la Juventus"},"content":{"rendered":"<p data-gtm-element-container=\"modulo-texto-link\" class=\"paragraph\">El <strong>Villarreal <\/strong>est\u00e1 listo para vivir su segundo gran partido de la Champions League y est\u00e1 decidido a dar un golpe sobre la mesa tras perder en la primera jornada ante el <strong>Tottenham<\/strong>.\u00a0<\/p>\n<p data-gtm-element-container=\"modulo-texto-link\" class=\"paragraph\">No es f\u00e1cil esta vez tampoco, la <strong>Juventus de Tur\u00edn<\/strong> es el rival para los de <strong>Marcelino Garc\u00eda Toral<\/strong>, que ha decidido agitar el equipo y contar con piernas frescas para enfrentar al equipo de Igor Tudor, cuarto clasificado de la Serie A a solo un punto de Milan, N\u00e1poles y Roma, los tres primeros.\u00a0<\/p>\n<blockquote class=\"twitter-tweet\" data-lang=\"es\"><p>\n<a href=\"https:\/\/twitter.com\/VillarrealCF\/status\/1973447542089416938\/photo\/1\" rel=\"nofollow noopener\" target=\"_blank\">\n<\/p><\/blockquote>\n<p data-gtm-element-container=\"modulo-texto-link\" class=\"paragraph\">Hasta cinco cambios respecto al once que salt\u00f3 al Estadio de la Cer\u00e1mica para enfrentar al<strong> Atheltic Club<\/strong>. Pensando tambi\u00e9n en Europa, <strong>Marcelino <\/strong>introdujo sobre el c\u00e9sped a Sergi Cardona, Ilias Akhomach, Thomas Partey y Salomon, que hoy son suplentes a excepci\u00f3n del \u00faltimo, que no forma parte de la lista de seleccionables por un tema personal. Tampoco est\u00e1 sobre el c\u00e9sped Lu\u00edz J\u00fanior, algo que cab\u00eda esperar tras ser <strong>Arnau Tenas<\/strong> el escogido en el debut europeo ante el Tottenham, repitiendo tambi\u00e9n este mi\u00e9rcoles.\u00a0<\/p>\n<p>    Lee tambi\u00e9n<\/p>\n<p data-gtm-element-container=\"modulo-texto-link\" class=\"paragraph\">As\u00ed pues, las caras nuevas est\u00e1n en todas las lineas del equipo a excepci\u00f3n de la delantera, donde repiten Mikautadze y P\u00e9p\u00e9, intocables. La medular es la que sufre m\u00e1s cambios, solo repite Gueye y entran <strong>Parejo, Buchanan y Comesa\u00f1a<\/strong>, mientras que en defensa la novedad est\u00e1 en el lateral izquierdo con <strong>\u00c1ngel Pedraza<\/strong>.\u00a0<\/p>\n<p data-gtm-element-container=\"modulo-texto-link\" class=\"paragraph\">Este es el once completo del Villarreal: A<strong>rnau Tenas; Mouri\u00f1o, Rafa Mar\u00edn, Renato Veiga, Pedraza; Buchanan, Parejo, Gueye, Comesa\u00f1a; P\u00e9p\u00e9 y Mikautadze<\/strong>.<\/p>\n<p><script async src=\"https:\/\/platform.twitter.com\/widgets.js\" charset=\"utf-8\"><\/script><\/p>\n","protected":false},"excerpt":{"rendered":"El Villarreal est\u00e1 listo para vivir su segundo gran partido de la Champions League y est\u00e1 decidido a&hellip;\n","protected":false},"author":2,"featured_media":151465,"comment_status":"","ping_status":"","sticky":false,"template":"","format":"standard","meta":{"footnotes":""},"categories":[5],"tags":[17,18,25,24,13,14,11,19,20,9,10,15,16,23,12,21,22],"class_list":{"0":"post-151464","1":"post","2":"type-post","3":"status-publish","4":"format-standard","5":"has-post-thumbnail","7":"category-titulares","8":"tag-breaking-news","9":"tag-breakingnews","10":"tag-es","11":"tag-espana","12":"tag-featured-news","13":"tag-featurednews","14":"tag-headlines","15":"tag-latest-news","16":"tag-latestnews","17":"tag-news","18":"tag-noticias","19":"tag-noticias-destacadas","20":"tag-noticiasdestacadas","21":"tag-spain","22":"tag-titulares","23":"tag-ultimas-noticias","24":"tag-ultimasnoticias"},"share_on_mastodon":{"url":"","error":""},"_links":{"self":[{"href":"https:\/\/www.europesays.com\/es\/wp-json\/wp\/v2\/posts\/151464","targetHints":{"allow":["GET"]}}],"collection":[{"href":"https:\/\/www.europesays.com\/es\/wp-json\/wp\/v2\/posts"}],"about":[{"href":"https:\/\/www.europesays.com\/es\/wp-json\/wp\/v2\/types\/post"}],"author":[{"embeddable":true,"href":"https:\/\/www.europesays.com\/es\/wp-json\/wp\/v2\/users\/2"}],"replies":[{"embeddable":true,"href":"https:\/\/www.europesays.com\/es\/wp-json\/wp\/v2\/comments?post=151464"}],"version-history":[{"count":0,"href":"https:\/\/www.europesays.com\/es\/wp-json\/wp\/v2\/posts\/151464\/revisions"}],"wp:featuredmedia":[{"embeddable":true,"href":"https:\/\/www.europesays.com\/es\/wp-json\/wp\/v2\/media\/151465"}],"wp:attachment":[{"href":"https:\/\/www.europesays.com\/es\/wp-json\/wp\/v2\/media?parent=151464"}],"wp:term":[{"taxonomy":"category","embeddable":true,"href":"https:\/\/www.europesays.com\/es\/wp-json\/wp\/v2\/categories?post=151464"},{"taxonomy":"post_tag","embeddable":true,"href":"https:\/\/www.europesays.com\/es\/wp-json\/wp\/v2\/tags?post=151464"}],"curies":[{"name":"wp","href":"https:\/\/api.w.org\/{rel}","templated":true}]}}