{"id":151466,"date":"2025-10-01T21:21:16","date_gmt":"2025-10-01T21:21:16","guid":{"rendered":"https:\/\/www.europesays.com\/es\/151466\/"},"modified":"2025-10-01T21:21:16","modified_gmt":"2025-10-01T21:21:16","slug":"cambio-de-formato-a-la-vista","status":"publish","type":"post","link":"https:\/\/www.europesays.com\/es\/151466\/","title":{"rendered":"cambio de formato a la vista"},"content":{"rendered":"<p>\n        <strong>Vientos de cambio en la<\/strong><a href=\"https:\/\/www.noticiasdegipuzkoa.eus\/tags\/ehf-champions-league\/\" title=\"EHF Champions League de balonmano\" target=\"_blank\" class=\"link copy\" rel=\"nofollow noopener\"><strong> EHF Champions League <\/strong>de balonmano<\/a>, que puede vivir su \u00faltima temporada con el actual formato de 16 equipos. Seg\u00fan una propuesta que ha tomado cuerpo en las \u00faltimas semanas, <strong>la m\u00e1xima competici\u00f3n masculina del balonmano continental de clubes pasar\u00e1 a tener 24 equipos<\/strong>, lo que conllevar\u00e1 un cambio de formato.\n<\/p>\n<p class=\"article-body__text \">\n        La <a href=\"https:\/\/www.eurohandball.com\/en\/news\/en\/michael-wiederer-it-s-easy-to-change-the-system-but-what-does-it-bring\/\" title=\"EHF celebr\u00f3 en abril una Conferencia de Competiciones Masculinas\" rel=\"nofollow noopener\" target=\"_blank\" class=\"link copy\">EHF celebr\u00f3 en abril una <strong>Conferencia de Competiciones Masculinas<\/strong><\/a><strong> que sirvi\u00f3 como pistoletazo de salida a una reflexi\u00f3n<\/strong> que afronta sus \u00faltimas semanas, al menos en lo que a la Champions League se refiere.\n<\/p>\n<p class=\"article-body__text \">\n        \u201c<strong>Cualquier cambio en el formato debe ser neutral respecto al mercado<\/strong>. Esta neutralidad no se define solo por el n\u00famero de partidos que se jueguen, sino tambi\u00e9n por los costos de producci\u00f3n y otros factores, y debe considerarse tambi\u00e9n en relaci\u00f3n con el calendario internacional de partidos\u201d, defendi\u00f3 Wiederer para despu\u00e9s presentar diferentes propuestas de competici\u00f3n, con algunas recibidas por parte de las federaciones.\n<\/p>\n<p>            <a href=\"https:\/\/www.noticiasdegipuzkoa.eus\/balonmano\/2025\/06\/18\/terremoto-competiciones-europeas-balonmano-ehf-cambios-9776861.html\" title=\"\u00bfTerremoto en las competiciones europeas de balonmano? La EHF abre la puerta a cambios\" class=\"new__media\" rel=\"nofollow noopener\" target=\"_blank\"><\/p>\n<p>                <img alt=\"\u00bfTerremoto en las competiciones europeas de balonmano? La EHF abre la puerta a cambios\" data-src=\"https:\/\/www.europesays.com\/es\/wp-content\/uploads\/2025\/10\/3fceeb58-171b-43c6-8750-3cc4de189b2a_16-9-aspect-ratio_default_0.jpg\" class=\"lozad\"\/><\/p>\n<p>        <\/a><\/p>\n<p>        <a href=\"https:\/\/www.noticiasdegipuzkoa.eus\/balonmano\/2025\/06\/18\/terremoto-competiciones-europeas-balonmano-ehf-cambios-9776861.html\" title=\"\u00bfTerremoto en las competiciones europeas de balonmano? La EHF abre la puerta a cambios\" class=\"new__headline\" rel=\"nofollow noopener\" target=\"_blank\"><br \/>\n            \u00bfTerremoto en las competiciones europeas de balonmano? La EHF abre la puerta a cambios<br \/>\n        <\/a><\/p>\n<p>  No hablamos solo de formato<\/p>\n<p class=\"article-body__text \">\n        \u201c<strong>Cambiar el formato de una competici\u00f3n es f\u00e1cil, pero \u00bfqu\u00e9 va a aportar?<\/strong>\u201d, cuestion\u00f3 el presidente de la EHF, Michael Wiederer, que subray\u00f3 la importancia de \u201ccrear el entorno para la competici\u00f3n de alto nivel\u201d, porque, de lo contrario, \u201cel formato no sirve de nada\u201d.\n<\/p>\n<p class=\"article-body__text \">\n        Consciente de la sostenibilidad del balonmano, a la EHF le preocupa que los clubes que participen en sus competiciones sean s\u00f3lidos y viables, con buenas infraestructuras y un buen anclaje social en su entorno. Que dichos proyectos sean estables m\u00e1s all\u00e1 del resultado deportivo puntual de una temporada.\n<\/p>\n<p class=\"article-photo__footer\">\n            El presidente de la EHF, Michael Wiederer            EHF        <\/p>\n<p class=\"article-body__text \">\n        \u201cSea el formato de competici\u00f3n el que pueda ser, <strong>tenemos que reforzar el entorno, y para eso tenemos que desarrollar productos, criterios y condiciones<\/strong>\u201d, dijo Wiederer en aquella comparecencia que inaugur\u00f3 la Conferencia de Competiciones, en la que rechaz\u00f3 que la mirada debiera ser \u201csolo desde la perspectiva del sistema de competici\u00f3n, porque esa es solo una parte\u201d.\n<\/p>\n<p class=\"article-body__text \">\n        Sin olvidar el precedente del Kolstad, que hizo fichajes de talla mundial y sus pilares econ\u00f3micos temblaron antes de empezar a competir, l<strong>a EHF busca proyectos s\u00f3lidos que puedan competir en la Champions<\/strong>: no solo en que sean capaces de ofrecer tensi\u00f3n y espect\u00e1culo deportivo, sino tambi\u00e9n consistencia en todo lo que rodea a una entidad. En otras palabras, <strong>clubes <\/strong><strong>de Champions<\/strong><strong>, no simples <\/strong><strong>participantes <\/strong><strong>en la Champions<\/strong>.\n<\/p>\n<p>  Alemania, Francia y diversidad geogr\u00e1fica<\/p>\n<p class=\"article-body__text \">\n        Dicha reflexi\u00f3n de la EHF responde a distintas inquietudes. Por un lado, <strong>la siempre poderosa Alemania reclama una mayor cuota en la Champions<\/strong>. El \u00fanico gran campeonato dom\u00e9stico con m\u00e1s de tres candidatos reales para ganar la Liga (siete puntos separaron a los cuatro primeros del a\u00f1o pasado: 58-51) exige una mayor presencia en la m\u00e1xima competici\u00f3n continental.\n<\/p>\n<p class=\"article-body__text \">\n        La EHF ve\u00eda esta demanda inasumible mientras la Copa de Europa tuviera 16 participantes, l\u00f3gica similar que aplicaba a Francia, que aspira a que PSG, Nantes y Montpellier sean habituales en la Champions.\n<\/p>\n<p class=\"article-photo__footer\">\n            El jugador de Nantes Kauldi Odriozola, en la semifinal ante F\u00fcchse Berlin en el Lanxess Arena de Colonia            HBC Nantes        <\/p>\n<p class=\"article-body__text \">\n        Con ello, existen otros factores muy importantes para la EHF, como<strong> el equilibrio territorial<\/strong> (una Champions lo m\u00e1s diversa posible dentro de unos m\u00ednimos de exigencia de viabilidad, econom\u00eda y pabellones; o que pa\u00edses como Espa\u00f1a, Portugal\u2026 tengan m\u00e1s posibilidades de acceder a una segunda plaza) y <strong>el inter\u00e9s televisivo de cada encuentro<\/strong>, que puede decaer en una gran liguilla de 14 jornadas como la actual.\n<\/p>\n<p class=\"article-body__text \">\n        A nadie se le escapa que una liguilla inicial de seis jornadas, como ha publicado el medio especializado island\u00e9s Handkastid, reduce el margen de error de los equipos, ya que solo dos pasar\u00edan a una Ronda Principal con dos grupos de seis equipos cada uno. La EHF, consultada por <a href=\"https:\/\/www.noticiasdegipuzkoa.eus\" title=\"NOTICIAS DE GIPUZKOA\" target=\"_blank\" class=\"link copy\" rel=\"nofollow noopener\">NOTICIAS DE GIPUZKOA<\/a>, <strong>se ci\u00f1e al proceso de reflexi\u00f3n en marcha y ni confirma ni desmiente <\/strong>el hipot\u00e9tico formato que tendr\u00eda <strong>una posterior Fase Principal, unos cuartos de final y la Final a Cuatro<\/strong>.\n<\/p>\n<p class=\"article-photo__footer\">\n            El Lanxess Arena, durante la disputa de la \u00faltima final de la Champions con el Bar\u00e7a ante el Aalborg            Christopher Neundorf \/ Efe        <\/p>\n<p>  El nuevo formato<\/p>\n<p class=\"article-body__text \">\n        La competici\u00f3n arrancar\u00eda con <strong>una Fase de Grupos<\/strong> (seis en total)<strong> con cuatro equipos cada uno<\/strong>: los dos primeros seguir\u00edan adelante y los otros dos caer\u00edan a la <a href=\"https:\/\/www.noticiasdegipuzkoa.eus\/tags\/ehf-european-league\/\" title=\"EHF European League\" target=\"_blank\" class=\"link copy\" rel=\"nofollow noopener\">EHF European League<\/a> (que disputa el Irudek Bidasoa Irun), <strong>garantizando que la segunda competici\u00f3n continental mantenga el exigente nivel <\/strong>que ha tomado tras la reforma de 2020.\n<\/p>\n<p class=\"article-body__text \">\n        <strong>Los cuatro mejores de ambos grupos de la Main Round se ver\u00e1n las caras en los cuartos<\/strong> en un sistema de cruces que recuerda al actual: los campeones se ver\u00edan las caras con el cuarto del otro grupo; al igual que ocurrir\u00eda con los segundos y terceros clasificados. Como hasta ahora, los cuatro clasificados alcanzar\u00edan la <strong>Final Four del majestuoso Lanxess Arena de Colonia<\/strong>.<\/p>\n","protected":false},"excerpt":{"rendered":"Vientos de cambio en la EHF Champions League de balonmano, que puede vivir su \u00faltima temporada con el&hellip;\n","protected":false},"author":2,"featured_media":151467,"comment_status":"","ping_status":"","sticky":false,"template":"","format":"standard","meta":{"footnotes":""},"categories":[278],"tags":[376,7556,11681,168,25,24,21642,375,1211,23,167,14625],"class_list":{"0":"post-151466","1":"post","2":"type-post","3":"status-publish","4":"format-standard","5":"has-post-thumbnail","7":"category-balonmano","8":"tag-balonmano","9":"tag-cambio","10":"tag-champions","11":"tag-deportes","12":"tag-es","13":"tag-espana","14":"tag-formato","15":"tag-handball","16":"tag-league","17":"tag-spain","18":"tag-sports","19":"tag-transforma"},"share_on_mastodon":{"url":"","error":""},"_links":{"self":[{"href":"https:\/\/www.europesays.com\/es\/wp-json\/wp\/v2\/posts\/151466","targetHints":{"allow":["GET"]}}],"collection":[{"href":"https:\/\/www.europesays.com\/es\/wp-json\/wp\/v2\/posts"}],"about":[{"href":"https:\/\/www.europesays.com\/es\/wp-json\/wp\/v2\/types\/post"}],"author":[{"embeddable":true,"href":"https:\/\/www.europesays.com\/es\/wp-json\/wp\/v2\/users\/2"}],"replies":[{"embeddable":true,"href":"https:\/\/www.europesays.com\/es\/wp-json\/wp\/v2\/comments?post=151466"}],"version-history":[{"count":0,"href":"https:\/\/www.europesays.com\/es\/wp-json\/wp\/v2\/posts\/151466\/revisions"}],"wp:featuredmedia":[{"embeddable":true,"href":"https:\/\/www.europesays.com\/es\/wp-json\/wp\/v2\/media\/151467"}],"wp:attachment":[{"href":"https:\/\/www.europesays.com\/es\/wp-json\/wp\/v2\/media?parent=151466"}],"wp:term":[{"taxonomy":"category","embeddable":true,"href":"https:\/\/www.europesays.com\/es\/wp-json\/wp\/v2\/categories?post=151466"},{"taxonomy":"post_tag","embeddable":true,"href":"https:\/\/www.europesays.com\/es\/wp-json\/wp\/v2\/tags?post=151466"}],"curies":[{"name":"wp","href":"https:\/\/api.w.org\/{rel}","templated":true}]}}