{"id":151473,"date":"2025-10-01T21:28:09","date_gmt":"2025-10-01T21:28:09","guid":{"rendered":"https:\/\/www.europesays.com\/es\/151473\/"},"modified":"2025-10-01T21:28:09","modified_gmt":"2025-10-01T21:28:09","slug":"el-penas-obtiene-un-aplazamiento-del-desahucio-hasta-el-16-de-diciembre-a-la-busqueda-de-soluciones","status":"publish","type":"post","link":"https:\/\/www.europesays.com\/es\/151473\/","title":{"rendered":"El Pe\u00f1as obtiene un aplazamiento del desahucio hasta el 16 de diciembre a la b\u00fasqueda de soluciones"},"content":{"rendered":"<p><strong>El Club Baloncesto Pe\u00f1as ha conseguido el aplazamiento del Decreto de Lanzamiento hasta el 16 de diciembre<\/strong> despu\u00e9s de que sus servicios jur\u00eddicos, personalizados en su expresidente Manolo Freire, consiguieran del Letrado de la Administraci\u00f3n de Justicia <a data-external=\"0\" data-intl-links-es=\"https:\/\/www.eldiariodehuesca.com\/deportes\/golpe-club-baloncesto-penas-jueves-desahucio-center-por-impago-22832-euros_36660_102.html\" href=\"https:\/\/www.eldiariodehuesca.com\/deportes\/golpe-club-baloncesto-penas-jueves-desahucio-center-por-impago-22832-euros_36660_102.html\" rel=\"follow nofollow noopener\" target=\"_self\" title=\"Golpe al Club Baloncesto Pe\u00f1as: el jueves, desahucio del Center por impago de 22.832 euros\">Manuel Calduch, el mismo que firmaba el desahucio correspondiente al Juzgado de Instrucci\u00f3n n\u00famero 1<\/a>, la suspensi\u00f3n de la ejecuci\u00f3n que iba a tener lugar el d\u00eda 2 de octubre a las 10 horas.<\/p>\n<p>Consigue tiempo de esta manera <strong>el Club Baloncesto Pe\u00f1as para alcanzar un acuerdo con la propiedad, Centro Pirineos S.L., que hab\u00eda conseguido del juzgado el reconocimiento de los 22.832,17 euros <\/strong>de deuda hasta marzo, que se ha ido engrosando con la sucesi\u00f3n de los meses hasta m\u00e1s de 34.200 euros seg\u00fan cuantifica el demandante.<\/p>\n<p>El abogado del Pe\u00f1as, Manolo Freire, ha apelado a la imposibilidad de desmontar <strong>unas instalaciones que contienen dos pistas de atletismo, una cafeter\u00eda y oficinas, y fundamentalmente ha aludido a los trescientos ni\u00f1os y ni\u00f1as que forman parte de la cantera del baloncesto<\/strong> y que quedar\u00edan hu\u00e9rfanos de unas canchas que son imprescindibles para su pr\u00e1ctica del deporte. Una causa mayor que ha sido entendida por la parte demandante que no ha opuesto ning\u00fan reparo a la solicitud del club aunque mantiene su postura con una nueva fecha de ejecuci\u00f3n del desahucio, el 16 de diciembre.<\/p>\n<p>Hasta tal fecha, tiene el Club Baloncesto Pe\u00f1as 77 d\u00edas para resolver una situaci\u00f3n muy delicada porque Centro Pirineos S.L. <strong>ratifica su exigencia de abono de todas las deudas del alquiler de las instalaciones y, en caso de que no reciba garant\u00edas de cumplimiento<\/strong>, est\u00e1 decidido a ejercer sus derechos y desalojar las dependencias entendiendo, como ya explicaba el decreto que ahora queda demorado, que el club perder\u00eda sus derechos sobre lo que quede en el interior.<\/p>\n","protected":false},"excerpt":{"rendered":"El Club Baloncesto Pe\u00f1as ha conseguido el aplazamiento del Decreto de Lanzamiento hasta el 16 de diciembre despu\u00e9s&hellip;\n","protected":false},"author":2,"featured_media":151474,"comment_status":"","ping_status":"","sticky":false,"template":"","format":"standard","meta":{"footnotes":""},"categories":[269],"tags":[299,298,168,25,24,23,167],"class_list":{"0":"post-151473","1":"post","2":"type-post","3":"status-publish","4":"format-standard","5":"has-post-thumbnail","7":"category-baloncesto","8":"tag-baloncesto","9":"tag-basketball","10":"tag-deportes","11":"tag-es","12":"tag-espana","13":"tag-spain","14":"tag-sports"},"share_on_mastodon":{"url":"","error":""},"_links":{"self":[{"href":"https:\/\/www.europesays.com\/es\/wp-json\/wp\/v2\/posts\/151473","targetHints":{"allow":["GET"]}}],"collection":[{"href":"https:\/\/www.europesays.com\/es\/wp-json\/wp\/v2\/posts"}],"about":[{"href":"https:\/\/www.europesays.com\/es\/wp-json\/wp\/v2\/types\/post"}],"author":[{"embeddable":true,"href":"https:\/\/www.europesays.com\/es\/wp-json\/wp\/v2\/users\/2"}],"replies":[{"embeddable":true,"href":"https:\/\/www.europesays.com\/es\/wp-json\/wp\/v2\/comments?post=151473"}],"version-history":[{"count":0,"href":"https:\/\/www.europesays.com\/es\/wp-json\/wp\/v2\/posts\/151473\/revisions"}],"wp:featuredmedia":[{"embeddable":true,"href":"https:\/\/www.europesays.com\/es\/wp-json\/wp\/v2\/media\/151474"}],"wp:attachment":[{"href":"https:\/\/www.europesays.com\/es\/wp-json\/wp\/v2\/media?parent=151473"}],"wp:term":[{"taxonomy":"category","embeddable":true,"href":"https:\/\/www.europesays.com\/es\/wp-json\/wp\/v2\/categories?post=151473"},{"taxonomy":"post_tag","embeddable":true,"href":"https:\/\/www.europesays.com\/es\/wp-json\/wp\/v2\/tags?post=151473"}],"curies":[{"name":"wp","href":"https:\/\/api.w.org\/{rel}","templated":true}]}}