{"id":151475,"date":"2025-10-01T21:29:08","date_gmt":"2025-10-01T21:29:08","guid":{"rendered":"https:\/\/www.europesays.com\/es\/151475\/"},"modified":"2025-10-01T21:29:08","modified_gmt":"2025-10-01T21:29:08","slug":"corredera-defiende-a-garitano-y-analiza-la-crisis-con-autocritica-es-muy-mental-quiero-ver-un-sporting-que-va-a-muerte-y-defiende-como-leones-la-voz-de-asturias","status":"publish","type":"post","link":"https:\/\/www.europesays.com\/es\/151475\/","title":{"rendered":"Corredera defiende a Garitano y analiza la crisis con autocr\u00edtica: \u00abEs muy mental, quiero ver un Sporting que va a muerte y defiende como leones\u00bb &#8211; La Voz de Asturias"},"content":{"rendered":"<ol>\n<li><a href=\"https:\/\/news.google.com\/rss\/articles\/CBMipAJBVV95cUxQQkthTkVjNGlWQmo4QXBPRGFsY2ZQQXlLNUtORXloUDNJdm5XMnJjOUkxX3M2a0VVLWpMVVM2MUNaS0pPa2w4LW9MOEg5ajJCRHI1Ykd2eWNtbThyUDdHWjMtV3diQzFvdnJEMjlNNVBaQTQyWUdzSExsVXRBNW5BOE9ETWtwN1d6bkQ3N1NyOXBEVHpUSlRzSEFGRTh3d1BpTWFwNV9yZjhyWWVjVkxFVVhOc3M1ejFYUGYzMWd0cjJpT0NNQVhjVlRXblFiQU43ekEwbTdJeGJQTG16WHpwcVp2VDNxcmVMbmw3Q2d6cnFDMzJHclVSdWpLX0hlTDF4YzVBWm04VHNsMGZ5ZkhqSXhzQXFIclJNSEhGTUg3eV9xdmtU0gHAAkFVX3lxTE40RDM4ZlByWlpiSUJhVHRxVVRsbEVENlVKZGJEOFhadmhqWVowQWlRTGNaTlZneHRLd0pZaFRxdk5oUk9udkNDcXpZM3Q2cjA4VkRTa0Zrc2Y1b0pvNTUwNnk5bWJoWFpVYzFqZ3dEMVFBN2JHMW9Qal9FN3cyMWVLRk04MEljNk1PaDBiQXN4cGRKcVFNeGZsSXpYY3VveEdsRGN3MlM1NXljdng0LWtwWVU3VWc1djJBdlBtYy1xY0t4RXRvbjBNdktqNjBvZGFkZFBMeFdKazVCdjJxbU8xM3AzVUZHZk9wT2E2N291eTFwbmpHaTg3clMyTWxkV2tBTzB4akZfVmc4N0lDQkYzOUJ4Ym5YMTNuVnM5akhkTHFwUGNnMzlYR1ZMNkpCUXluRC01SUI4WG9RbUlnck5a?oc=5\" target=\"_blank\" rel=\"nofollow noopener\">Corredera defiende a Garitano y analiza la crisis con autocr\u00edtica: \u00abEs muy mental, quiero ver un Sporting que va a muerte y defiende como leones\u00bb<\/a>&nbsp;&nbsp;La Voz de Asturias<\/li>\n<li><a href=\"https:\/\/news.google.com\/rss\/articles\/CBMihAFBVV95cUxPSUctUnZSemVlOGxrcHExaTBCS3ZWcWxFbHhJdjJvT1BsUEd4UlZXSWJ6WC1aa0gweERfUDBCTlBHN1pHSUxlNENJSXZGcXk3Yy10RzJIUUZtdnBZQ0FPakNPeXNZdXEyckRJYmdOR0FUZnJVM3VfQTh4WWlrUUktclZtSXQ?oc=5\" target=\"_blank\" rel=\"nofollow noopener\">Corredera valora la situaci\u00f3n del equipo<\/a>&nbsp;&nbsp;Real Sporting<\/li>\n<li><a href=\"https:\/\/news.google.com\/rss\/articles\/CBMikwFBVV95cUxPek80TlJzb1BuRDVUOHpvWUpPLWlfcVdRTEtCaTMzUU1laUl6RVFWUU90QXBpeG9uTWRkbGVpRy1ZZ0RwdE1aVE5mUlZ5TXhRdG9UeDJVdk0yWHc0VzlUZXlyczZGVXRGakhwZEtHRnd2NW8xUjJTODhRZ3NFeVUxSXBmdEdrSzhFa0FnanBZRWtjcjDSAacBQVVfeXFMTXR3Q1JLTDQwN0FSSjdFbWpIbElFZnJaaWFzU3RtRkJBcGZKdEZubWh0ZzgydjdvVmltNEV6ZUxXa3pDN3lxdVdSNDFSWl9JSFh3amIwQnFzakdfanA2cjlQNkp5dkt5WEJubl9rTWZ0QnR6bXBMVDdGUUtxYXllOGNSanF3TGlMSnVWQ0l0ek9tZjU3dHZyQ3A4U1ZOd2psSEYtLWxyREk?oc=5\" target=\"_blank\" rel=\"nofollow noopener\">Corredera: \u201cLa figura de Garitano es ahora m\u00e1s necesaria que nunca\u201d<\/a>&nbsp;&nbsp;Diario AS<\/li>\n<li><a href=\"https:\/\/news.google.com\/rss\/articles\/CBMixgFBVV95cUxPRGtwWnMyVG9lM0ZhNGRpQjNrenc5UFo3dTRER3c5UjlGZTVMVHc2ckdEc3V1bnhnMm13VGpCbG5tTVZMdGt6aFBRbHBoYkcyWG1jLU5NVEN3YTRad0VrX3l4blV4MW5yUV9oaWRNN2otdlhpWlpaWldiZC1ROEFDdzBYR2xtZlNYZ1hDQmw4OFFkUUNvUThORmdSOXFJVmtYU1RGYnhKVkVsRnRYYUJqdm8xMlAtcXhmcEdLcDVWblY3djVLcVHSAcsBQVVfeXFMTV90bnZZUmNDdUozckZkTTJqb3FnZFQ2QU9Pd05JNnkwZ2FHUTZnOFMzY0JURllDbWk0ekhvbTlwSlU0VDVXeDQwXy03OWpidm5RR2xRak4wRzhoV092LTNUQWFmb3JUR2V3RDhOOHR4TDMwUzVOcnFiSm95OWtudkUtTm91RmhjY0pWZ1M3TS02Skx3eldfeG9JcDdXZjczM2NfaGdJWHFRdUlITkNjd2o1Y0pMdkhVWUdhMEN2WE9NQXZFOHQ1NlRjbVU?oc=5\" target=\"_blank\" rel=\"nofollow noopener\">El proyecto de Orlegi se tambalea en la jornada n\u00famero siete<\/a>&nbsp;&nbsp;rtpa.es<\/li>\n<li><a href=\"https:\/\/news.google.com\/rss\/articles\/CBMimgFBVV95cUxNd2dFNkhhSzl1TzhqaFNPZV92SkxiWHJ6ZDUyekplRkFOc3NaODB3a01PcUY4bzlabWxUem5aeE5oOXRnT2tQcmhZQnNzdU5vN2dWeGF3dmpldnBmWkNOaEM5b1ZLNTZCQVdOTFNqSTVKV0d6SDJpc1VDZUEwb0RtdUdMOXFfU1h3dnduQl9lM3dOZjNpWUJQSnF30gGfAUFVX3lxTE0xem9JLUItTEkxSFU4S2FFVXBibUp5M2hueUlvQnRzSW1LYkt3OG9yZWo1RDRVWmhQTUs0cHF2VkRJRTNGbFI1QlZJYnM4Z0JOV1ctTGk5YUI0ZGZVemEzS194VUtna01CakxZT01xZmZZZXFLSWF3QnAyMVRJQmJjdWd6YjNmSzg5VG5ZMnlRaEtSQllHbE1rMFBLUnphSQ?oc=5\" target=\"_blank\" rel=\"nofollow noopener\">La conjura de la plantilla del Sporting en Mareo (y alg\u00fan momento de tensi\u00f3n en el vestuario de El Molin\u00f3n): unidad frente a la crisis<\/a>&nbsp;&nbsp;LNE<\/li>\n<\/ol>\n","protected":false},"excerpt":{"rendered":"Corredera defiende a Garitano y analiza la crisis con autocr\u00edtica: \u00abEs muy mental, quiero ver un Sporting que&hellip;\n","protected":false},"author":2,"featured_media":151476,"comment_status":"","ping_status":"","sticky":false,"template":"","format":"standard","meta":{"footnotes":""},"categories":[268],"tags":[168,25,24,280,282,281,23,4783,167],"class_list":{"0":"post-151475","1":"post","2":"type-post","3":"status-publish","4":"format-standard","5":"has-post-thumbnail","7":"category-futbol","8":"tag-deportes","9":"tag-es","10":"tag-espana","11":"tag-football","12":"tag-futbol","13":"tag-soccer","14":"tag-spain","15":"tag-sporting-de-gijon","16":"tag-sports"},"share_on_mastodon":{"url":"","error":""},"_links":{"self":[{"href":"https:\/\/www.europesays.com\/es\/wp-json\/wp\/v2\/posts\/151475","targetHints":{"allow":["GET"]}}],"collection":[{"href":"https:\/\/www.europesays.com\/es\/wp-json\/wp\/v2\/posts"}],"about":[{"href":"https:\/\/www.europesays.com\/es\/wp-json\/wp\/v2\/types\/post"}],"author":[{"embeddable":true,"href":"https:\/\/www.europesays.com\/es\/wp-json\/wp\/v2\/users\/2"}],"replies":[{"embeddable":true,"href":"https:\/\/www.europesays.com\/es\/wp-json\/wp\/v2\/comments?post=151475"}],"version-history":[{"count":0,"href":"https:\/\/www.europesays.com\/es\/wp-json\/wp\/v2\/posts\/151475\/revisions"}],"wp:featuredmedia":[{"embeddable":true,"href":"https:\/\/www.europesays.com\/es\/wp-json\/wp\/v2\/media\/151476"}],"wp:attachment":[{"href":"https:\/\/www.europesays.com\/es\/wp-json\/wp\/v2\/media?parent=151475"}],"wp:term":[{"taxonomy":"category","embeddable":true,"href":"https:\/\/www.europesays.com\/es\/wp-json\/wp\/v2\/categories?post=151475"},{"taxonomy":"post_tag","embeddable":true,"href":"https:\/\/www.europesays.com\/es\/wp-json\/wp\/v2\/tags?post=151475"}],"curies":[{"name":"wp","href":"https:\/\/api.w.org\/{rel}","templated":true}]}}