{"id":151477,"date":"2025-10-01T21:30:09","date_gmt":"2025-10-01T21:30:09","guid":{"rendered":"https:\/\/www.europesays.com\/es\/151477\/"},"modified":"2025-10-01T21:30:09","modified_gmt":"2025-10-01T21:30:09","slug":"begona-gomez-recurre-el-auto-de-peinado-y-le-acusa-de-apoyarse-en-frases-genericas-y-estereotipadas-para-achacarle-malversacion","status":"publish","type":"post","link":"https:\/\/www.europesays.com\/es\/151477\/","title":{"rendered":"Bego\u00f1a G\u00f3mez recurre el auto de Peinado y le acusa de apoyarse en \u00abfrases gen\u00e9ricas y estereotipadas\u00bb para achacarle malversaci\u00f3n"},"content":{"rendered":"<p style=\"\">La defensa de <a href=\"https:\/\/www.abc.es\/noticias\/begona-gomez-fernandez\/\" title=\"www.abc.es\" data-voc-vtm-id=\"in-text-traffic\" data-mrf-link=\"www.abc.es\" rel=\"nofollow noopener\" target=\"_blank\">Bego\u00f1a G\u00f3mez<\/a>, esposa del presidente del Gobierno, ha recurrido directamente ante la Audiencia Provincial de Madrid la decisi\u00f3n del juez Juan Carlos Peinado de<strong> seguir la investigaci\u00f3n contra ella por el delito de malversaci\u00f3n<\/strong> por el procedimiento del Tribunal  &#8230; del Jurado. Advierte que el magistrado ha dado este paso sin contar con indicio alguno.<\/p>\n<p class=\"voc-p\" style=\"\">En el escrito del abogado Antonio Camacho, al que ha tenido acceso ABC, se explicita que en este caso \u00ab<strong>no concurre, de ninguna de las maneras<\/strong>, esos indicios de que dicho delito haya sido cometido\u00bb, y recuerda que seg\u00fan la norma que regula este tipo de procedimientos, \u00e9ste es un requisito imprescindible. <\/p>\n<p class=\"voc-p\" style=\"\">Al hilo, asevera que en el auto firmado por Peinado, \u00abse limita a transcribir diversos art\u00edculos de la Ley del Jurado\u00bb y en el fundamento jur\u00eddico segundo <strong>hay un solo p\u00e1rrafo en el que puede entenderse que se concretan dichos indicios<\/strong>. Pero tras analizar esa resoluci\u00f3n, el letrado explica que \u00abse infiere que la \u00fanica referencia que se contiene en relaci\u00f3n con la existencia de los indicios es la frase &#8216;Tras la pr\u00e1ctica de las diligencias que se han llevado a cabo hasta el presente momento&#8217;\u00bb. <\/p>\n<p class=\"voc-p\" style=\"\">Para la defensa de Bego\u00f1a G\u00f3mez, esa frase \u00abtan gen\u00e9rica, inconcreta y estereotipada no colma, en absoluto, el requisito que debe concurrir\u00bb para transformar el procedimiento para que, en caso de ir a juicio, sea un jurado popular quien se responsabilice del veredicto.<\/p>\n<p class=\"voc-p\" style=\"\">Tras esto, Camacho entra a analizar qu\u00e9 hay en estos momento en la pieza separada por malversaci\u00f3n -por la que est\u00e1 investigada tanto G\u00f3mez como su asistente Cristina \u00c1lvarez y el delegado del Gobierno en Madrid, Francisco Mart\u00edn-, y concluye que \u00abninguno de los investigados respecto a los cuales se incoa la presente causa de Jurado puede ser considerado como presunto autor del citado delito\u00bb.<\/p>\n<p class=\"voc-p\" style=\"\">Al hilo, sobre los correos aportados a la causa, por el que fuera vicerrector de Relaciones Institucionales de la Universidad Complutense de Madrid (UCM) Juan Carlos Doadrio, lamenta que los mismos \u00abni se han notificado a las partes, ni se les ha dado traslado de los mismos antes de la comparecencia\u00bb. \u00abEs m\u00e1s, se nos neg\u00f3 su entrega cuando el mismo d\u00eda de la notificaci\u00f3n del auto fuimos al juzgado a tomar conocimiento de los mismos\u00bb, a\u00f1ade.<\/p>\n<p class=\"voc-p\" style=\"\">En cualquier caso, sobre esos 121 correos, destaca que los enviados por \u00c1lvarez estaban relacionados con la c\u00e1tedra extraordinaria de Transformaci\u00f3n Social Competitiva que codirig\u00eda la esposa del presidente y \u00abes un hecho no discutido\u00bb que por esa c\u00e1tedra su representada \u00abno cobraba ninguna cantidad de dinero\u00bb por lo que en puridad no pod\u00eda entenderse como negocio privado.<\/p>\n<p>\nLa c\u00f3nyuge del presidente\n<\/p>\n<p class=\"voc-p\" style=\"\">Por otro lado, sobre el hecho de que la asistente realizara apoyos puntuales a G\u00f3mez en asuntos relacionados con esa c\u00e1tedra, tal y como se advierte por los &#8216;mails&#8217;, la defensa indica que \u00abno existe un Estatuto de la c\u00f3nyuge del Presidente del Gobierno\u00bb porque esa figura no est\u00e1 regulada. Entiende que la interpretaci\u00f3n y distingo que se hace entre actividades privadas e institucionales deber\u00eda llevar a que las personas que asisten a la necesidades diarias de las personas que ocupan la sede de Presidencia de Gobierno solo podr\u00edan prest\u00e1rselas a la c\u00f3nyuge del presidente \u00aben aquellos supuestos en que acompa\u00f1ase f\u00edsicamente al titular de la Presidencia\u00bb. <\/p>\n<p class=\"voc-p\" style=\"\">Esto, considera, dejar\u00eda de lado \u00abuna faceta privada que existe y requiere de un apoyo log\u00edstico y material, dada la convivencia en una residencia oficial del Estado que viene obligada por las funciones que realiza su esposo\u00bb, Pedro S\u00e1nchez. E incide que la interpretaci\u00f3n que hace Peinado de las funciones que debe acometer la asistente \u00abno se ajusta a los usos que se vienen desarrollando desde el advenimiento de la Democracia\u00bb.<\/p>\n<p class=\"voc-p\" style=\"\">\u00abLas funciones que se atribuyen a los asistentes de los c\u00f3nyuges de los presidentes de Gobierno est\u00e1n ayunas de cualquier tipo de regulaci\u00f3n, no existe norma alguna que establezca cuales son las funciones que ha de desarrollar\u00bb, incide, para sumar que \u00abla realidad es que (\u00c1lvarez) dada la amistad con la misma y que su horario de trabajo se extend\u00eda por encima de las 8 horas diarias la ayudaba puntualmente en determinadas cuestiones en atenci\u00f3n a su amistad, pero en ning\u00fan caso se trataba de cuestiones que gestionara solo exclusivamente Cristina \u00c1lvarez\u00bb.<\/p>\n<p class=\"voc-p\" style=\"\">Al hilo, y con el \u00e1nimo de combatir que la asistente realizara trabajos para negocios privados de Bego\u00f1a G\u00f3mez, el abogado Antonio Camacho recuerda que por esa c\u00e1tedra en concreto su representada \u00abno cobraba ninguna cantidad de dinero\u00bb, por lo que en puridad no ha de entenderse como negocio privado. A\u00f1ade, sobre las gestionen de la asistente, que es habitual en el \u00e1mbito laboral \u00abque en horario de trabajo se hagan gestiones, como puede ser la remisi\u00f3n de un correo electr\u00f3nico en su beneficio, en el de sus familiares o amigos\u00bb y que esto en caso de funcionarios no es malversaci\u00f3n. \u00abEs una interpretaci\u00f3n del C\u00f3digo Penal extraordinariamente extensiva y alejada de la realidad\u00bb, apunta.<\/p>\n","protected":false},"excerpt":{"rendered":"La defensa de Bego\u00f1a G\u00f3mez, esposa del presidente del Gobierno, ha recurrido directamente ante la Audiencia Provincial de&hellip;\n","protected":false},"author":2,"featured_media":151478,"comment_status":"","ping_status":"","sticky":false,"template":"","format":"standard","meta":{"footnotes":""},"categories":[174],"tags":[45884,6630,45881,1400,7421,255,146,147,25,24,45883,256,45882,4190,24274,24182,9595,23],"class_list":{"0":"post-151477","1":"post","2":"type-post","3":"status-publish","4":"format-standard","5":"has-post-thumbnail","7":"category-famosos","8":"tag-achacarle","9":"tag-acusa","10":"tag-apoyarse","11":"tag-auto","12":"tag-begona","13":"tag-celebrities","14":"tag-entertainment","15":"tag-entretenimiento","16":"tag-es","17":"tag-espana","18":"tag-estereotipos","19":"tag-famosos","20":"tag-generalidades","21":"tag-gomez","22":"tag-malversacion","23":"tag-peinado","24":"tag-recurre","25":"tag-spain"},"share_on_mastodon":{"url":"","error":""},"_links":{"self":[{"href":"https:\/\/www.europesays.com\/es\/wp-json\/wp\/v2\/posts\/151477","targetHints":{"allow":["GET"]}}],"collection":[{"href":"https:\/\/www.europesays.com\/es\/wp-json\/wp\/v2\/posts"}],"about":[{"href":"https:\/\/www.europesays.com\/es\/wp-json\/wp\/v2\/types\/post"}],"author":[{"embeddable":true,"href":"https:\/\/www.europesays.com\/es\/wp-json\/wp\/v2\/users\/2"}],"replies":[{"embeddable":true,"href":"https:\/\/www.europesays.com\/es\/wp-json\/wp\/v2\/comments?post=151477"}],"version-history":[{"count":0,"href":"https:\/\/www.europesays.com\/es\/wp-json\/wp\/v2\/posts\/151477\/revisions"}],"wp:featuredmedia":[{"embeddable":true,"href":"https:\/\/www.europesays.com\/es\/wp-json\/wp\/v2\/media\/151478"}],"wp:attachment":[{"href":"https:\/\/www.europesays.com\/es\/wp-json\/wp\/v2\/media?parent=151477"}],"wp:term":[{"taxonomy":"category","embeddable":true,"href":"https:\/\/www.europesays.com\/es\/wp-json\/wp\/v2\/categories?post=151477"},{"taxonomy":"post_tag","embeddable":true,"href":"https:\/\/www.europesays.com\/es\/wp-json\/wp\/v2\/tags?post=151477"}],"curies":[{"name":"wp","href":"https:\/\/api.w.org\/{rel}","templated":true}]}}