{"id":151481,"date":"2025-10-01T21:33:13","date_gmt":"2025-10-01T21:33:13","guid":{"rendered":"https:\/\/www.europesays.com\/es\/151481\/"},"modified":"2025-10-01T21:33:13","modified_gmt":"2025-10-01T21:33:13","slug":"joaquin-prat-pierde-la-compostura-en-directo-por-lo-que-llega-a-presenciar-en-el-tiempo-justo","status":"publish","type":"post","link":"https:\/\/www.europesays.com\/es\/151481\/","title":{"rendered":"Joaqu\u00edn Prat pierde la compostura en directo por lo que llega a presenciar en &#8216;El Tiempo Justo&#8217;"},"content":{"rendered":"<p><a href=\"https:\/\/eltelevisero.huffingtonpost.es\/2025\/09\/joaquin-prat-sonroja-a-carlos-mazon-en-telecinco-ante-lo-que-esta-haciendo-con-la-alerta-roja-en-valencia\/\" rel=\"nofollow noopener\" target=\"_blank\">Joaqu\u00edn Prat<\/a> se ha visto obligado a dar un golpe en la mesa este mi\u00e9rcoles durante <a href=\"https:\/\/eltelevisero.huffingtonpost.es\/2025\/09\/el-gesto-que-se-capta-a-joaquin-prat-con-lo-visto-este-jueves-en-supervivientes-all-stars-lo-dice-todo\/\" rel=\"nofollow noopener\" target=\"_blank\">&#8216;El tiempo justo&#8217;<\/a> por lo que ha llegado a presenciar de un v\u00eddeo viral en redes. El espacio de Telecinco se hac\u00eda eco esta tarde de un clip en la que se pod\u00eda ver c\u00f3mo una anciana en Barcelona era increpada por un independentista con insultos. Una violenta escena que ha llevado al periodista a perder la paciencia. <\/p>\n<p>El magac\u00edn vespertino mostraba a la audiencia este mi\u00e9rcoles unas im\u00e1genes de v\u00eddeo en las que un espont\u00e1neo increpaba a una anciana en el metro de Barcelona al grito de \u00abputa espa\u00f1ola asquerosa\u00bb y la animaba a \u00abirse a Espa\u00f1a\u00bb, insistiendo en que Catalu\u00f1a es una naci\u00f3n. \u00abNo vivir\u00e1s a gusto aqu\u00ed mientras que Puigdemont tenga que estar en B\u00e9lgica\u00bb, llegaba a sentenciar el independentista en el v\u00eddeo. <\/p>\n<p>Joaqu\u00edn Prat estalla contra el ataque de un independentista a una anciana en Barcelona: \u00abTiene una pedrada\u00bb<\/p>\n<p>Sin caer en el juego de insultos del agitador, la protagonista del clip trataba de terminar el desagradable encuentro. \u00abEst\u00e1s loco, no te contesto. No vale la pena hablar contigo\u00bb, resolv\u00eda la anciana mientras este continuaba insult\u00e1ndola. <strong>\u00abEn mi pueblo, se suele decir que este es de una buena hostia\u00bb<\/strong>, comenzaba se\u00f1alando Joaqu\u00edn Prat tras revisar el v\u00eddeo junto a sus compa\u00f1eros, visiblemente indignado. <\/p>\n<p><img loading=\"lazy\" decoding=\"async\" width=\"1200\" height=\"675\" src=\"data:image\/svg+xml,%3Csvg%20xmlns=\" http:=\"\" alt=\"Joaqu\u00edn Prat en 'El tiempo justo'\" class=\"wp-image-900660\" data-lazy- data-lazy- data-lazy-src=\"https:\/\/www.europesays.com\/es\/wp-content\/uploads\/2025\/10\/03996A98-00B5-4FAB-AF90-C1178D62D13B.jpeg\"\/>Joaqu\u00edn Prat en &#8216;El tiempo justo&#8217;<\/p>\n<p>\u00abEs lo que pienso cuando veo c\u00f3mo le falta el respeto a una se\u00f1ora mayor porque no le ha querido ceder el asiento\u00bb, continuaba explicando el conductor de &#8216;El tiempo justo&#8217; con gesto serio. <strong>\u00abEste tiene una pedrada. Debe de tener una pedrada porque no se entiende este nivel de violencia verbal contra una persona mayor que va con el carrito de la compra\u00bb<\/strong>, ha a\u00f1adido el periodista, condenando el incendiario discurso del espont\u00e1neo y su violencia gratuita. <\/p>\n<p>As\u00ed, Joaqu\u00edn Prat se dirig\u00eda muy serio a la audiencia para denunciar que, ante escenas como esta, queda claro que <strong>\u00abhay una gran falta de solidaridad con los mayores\u00bb<\/strong>, se\u00f1alando como mientras se producen los hechos en el transporte p\u00fablico \u00ab<strong>nadie le afea a este mamarracho su comportamiento\u00bb<\/strong>. Sin poder contenerse, el presentador ha tildado al protagonista del v\u00eddeo como \u00abun imb\u00e9cil\u00bb.<\/p>\n<p><strong>\u00abOjal\u00e1 las autoridades le paren los pies a este individuo\u00bb<\/strong>, ha terminado deseando el rostro de Telecinco, animando a los espectadores a buscar el v\u00eddeo original en redes para poder ver el rostro del individuo, pues en el programa se han visto obligados a difuminar su cara por motivos legales. A su vez, el magac\u00edn pudo hablar tambi\u00e9n con Esther, una joven de Granada que tambi\u00e9n fue increpada en el metro de la ciudad condal por llevar una pulsera de Espa\u00f1a sin que nadie la defendiese. <\/p>\n","protected":false},"excerpt":{"rendered":"Joaqu\u00edn Prat se ha visto obligado a dar un golpe en la mesa este mi\u00e9rcoles durante &#8216;El tiempo&hellip;\n","protected":false},"author":2,"featured_media":151482,"comment_status":"","ping_status":"","sticky":false,"template":"","format":"standard","meta":{"footnotes":""},"categories":[171],"tags":[146,147,25,24,23,214],"class_list":{"0":"post-151481","1":"post","2":"type-post","3":"status-publish","4":"format-standard","5":"has-post-thumbnail","7":"category-tv","8":"tag-entertainment","9":"tag-entretenimiento","10":"tag-es","11":"tag-espana","12":"tag-spain","13":"tag-tv"},"share_on_mastodon":{"url":"","error":""},"_links":{"self":[{"href":"https:\/\/www.europesays.com\/es\/wp-json\/wp\/v2\/posts\/151481","targetHints":{"allow":["GET"]}}],"collection":[{"href":"https:\/\/www.europesays.com\/es\/wp-json\/wp\/v2\/posts"}],"about":[{"href":"https:\/\/www.europesays.com\/es\/wp-json\/wp\/v2\/types\/post"}],"author":[{"embeddable":true,"href":"https:\/\/www.europesays.com\/es\/wp-json\/wp\/v2\/users\/2"}],"replies":[{"embeddable":true,"href":"https:\/\/www.europesays.com\/es\/wp-json\/wp\/v2\/comments?post=151481"}],"version-history":[{"count":0,"href":"https:\/\/www.europesays.com\/es\/wp-json\/wp\/v2\/posts\/151481\/revisions"}],"wp:featuredmedia":[{"embeddable":true,"href":"https:\/\/www.europesays.com\/es\/wp-json\/wp\/v2\/media\/151482"}],"wp:attachment":[{"href":"https:\/\/www.europesays.com\/es\/wp-json\/wp\/v2\/media?parent=151481"}],"wp:term":[{"taxonomy":"category","embeddable":true,"href":"https:\/\/www.europesays.com\/es\/wp-json\/wp\/v2\/categories?post=151481"},{"taxonomy":"post_tag","embeddable":true,"href":"https:\/\/www.europesays.com\/es\/wp-json\/wp\/v2\/tags?post=151481"}],"curies":[{"name":"wp","href":"https:\/\/api.w.org\/{rel}","templated":true}]}}