{"id":151485,"date":"2025-10-01T21:36:07","date_gmt":"2025-10-01T21:36:07","guid":{"rendered":"https:\/\/www.europesays.com\/es\/151485\/"},"modified":"2025-10-01T21:36:07","modified_gmt":"2025-10-01T21:36:07","slug":"el-dortmund-golea-a-un-athletic-al-que-se-le-resiste-la-champions","status":"publish","type":"post","link":"https:\/\/www.europesays.com\/es\/151485\/","title":{"rendered":"El Dortmund golea a un Athletic al que se le resiste la Champions"},"content":{"rendered":"<p class=\"articleParagraph\">El Borussia Dortmund gole\u00f3 por 4-1 al Athletic Club en un partido en el Signal Iduna Park que domin\u00f3 casi siempre el equipo alem\u00e1n, pero en el que el conjunto vasco tuvo su momento cuando acort\u00f3 distancias Gorka Guruzeta y lleg\u00f3 a so\u00f1ar con el empate.<\/p>\n<p class=\"articleParagraph\">Se adelant\u00f3 el Borussia 2-0 al filo de la media hora y el inicio del segundo tiempo, con tantos de Daniel Sevensson y Carney Chukwuemeka, en dos jugadas de banda a banda; marc\u00f3 el 2-1 Guru aprovechando un error en el despeje de Niklas Sule y, cuando se cern\u00eda sobre el Westfalstadion el empate bilba\u00edno llegaron los dos \u00faltimos tantos locales, de Serhou Guirassy y Julian Brandt, para dejar un resultado que no explica en su dimensi\u00f3n lo ocurrido.<\/p>\n<p class=\"articleParagraph\">Demasiado premio para un Dortmund que lleg\u00f3 a verse sobrepasado y apunta, con 4 puntos, a la parte alta de la tabla; en cambio, demasiado castigo para un Athletic que encadena dos derrotas de inicio y empieza a tener complicado estar en la siguiente fase con ese 0 de 6 puntos posibles.<\/p>\n<p class=\"articleParagraph\">De salida ambos entrenadores sorprendieron con varios cambios, en el caso de Ernesto Valverde m\u00e1s que inesperados. Con su gran estrella, Nico Williams, a\u00fan sin estar recuperado de la lesi\u00f3n que sufri\u00f3 con la selecci\u00f3n espa\u00f1ola, el t\u00e9cnico rojiblanco prescindi\u00f3 en el once de las dos grandes figuras de la plantilla, Aymeric Laporte, recientemente inscrito y todav\u00eda con poco rodaje, y Oihan Sancet, quien no pasa por su mejor momento.<\/p>\n<p class=\"articleParagraph\">Pero adem\u00e1s dej\u00f3 en el banquillo a fijos como Yuri Berchiche e \u00cd\u00f1igo Ruiz de Galarreta, jugadores fundamentales para su entrenador. En el campo I\u00f1igo Lekue de lateral izquierdo, el joven Alejandro Rego en medio campo y Maroan Sannadi arriba.<\/p>\n<p class=\"articleParagraph\">Algo parecido hizo Niko Kovac enfrente, si bien el croata s\u00ed ech\u00f3 mano de su estrella goleadora, el guineano Serhou, baja a \u00faltima en el \u00faltimo partido liguero frente al Maguncia.<\/p>\n<p class=\"articleParagraph\">Y tambi\u00e9n entraron en el once, en el esperado 3-4-2-1 del t\u00e9cnico croata, Niklas Sule y Julien Ryerson en el flanco derecho, Jose Bellingham en medio campo y Carney Chukwuemeka en la doble media punta.<\/p>\n<p class=\"articleParagraph\">Rotaciones para dar energ\u00eda y salir ambos equipos dispuestos a hacerse con el control. Lo hizo, como era esperado tras ver la alineaci\u00f3n bilba\u00edna, el Dortmund.<\/p>\n<p class=\"articleParagraph\">Aunque sin avasallar ni crear apenas peligro en una primera media igualada e intensa con un disparo de Sabitzer y un cabezazo sin opciones de Navarro como acercamientos m\u00e1s peligrosos a las porter\u00edas.<\/p>\n<p class=\"articleParagraph\">No fueron ni ocasiones de gol, que tardaron. Aunque cuando lleg\u00f3 la primera fue gol. Una jugada entre carrileros de los gualdinegros, iniciada por Ryerson y finalizada por Svensson, con Adeyemi de jugador clave en el centro al sueco. Que lleg\u00f3 completamente solo por su banda.<\/p>\n<p class=\"articleParagraph\">Acus\u00f3 el Athletic el varapalo y temi\u00f3 por un 2-0 con el que amagaron los locales desde la frontal. Pero Adeyemi le dio mal al bal\u00f3n en su intento y Sule, en los dos suyos, primero se encontr\u00f3 con Sim\u00f3n firme y despu\u00e9s chut\u00f3 demasiado cruzado.<\/p>\n<p class=\"articleParagraph\">Con la rareza de que no hubiese habido a\u00f1adido en el primer tiempo, aunque se marc\u00f3 un gol, los jugadores regresaron a vestuarios con la certeza de que, tras el descanso en el Athletic, flojo en la primera mitad, iba a haber cambios.<\/p>\n<p class=\"articleParagraph\">Y los hubo porque Valverde puso en liza hasta a tres jugadores nuevos, a Laporte, Galarreta y Guruzeta, que entraron por Vivi\u00e1n, a pesar de que era Paredes el central amonestado, Jauregizar e I\u00f1aki Williams. Tres titular\u00edsimos, como Laporte y Galarreta.<\/p>\n<p class=\"articleParagraph\">No s\u00f3lo no mejoraron las cosas al Athletic sino que empeoraron, ya que en su primera ocasi\u00f3n tras el descanso de nuevo marc\u00f3 el Dortmund. Otras combinaci\u00f3n de banda a banda, de nuevo desde la derecha a la izquierda.<\/p>\n<p class=\"articleParagraph\">El bal\u00f3n acab\u00f3 en Chukwuemeka, que no perdon\u00f3 con un disparo duro al primer palo sin demasiada oposici\u00f3n de Gorosabel, que no le encim\u00f3 lo suficiente, ni de Unai Sim\u00f3n, al que se col\u00f3 el bal\u00f3n por donde estaba.<\/p>\n<p class=\"articleParagraph\">Parec\u00eda todo perdido para el Athletic, que no daba las mejores sensaciones, Pero se agarr\u00f3 a Galarreta, su metr\u00f3nomo, y empez\u00f3 a espabilar. Arranc\u00f3 el asedio rojiblanco un fuerte disparo de Maroan, repelido por Kobel, y lo continu\u00f3 Guruzeta logrando el 2-1 todav\u00eda con media hora por jugarse.<\/p>\n<p class=\"articleParagraph\">&#8216;Guru&#8217; se aprovech\u00f3 del rechace en la espalda de Bensebaini de un mal despeje de Sule para empalar un disparo inapelable a la red.<\/p>\n<p class=\"articleParagraph\">Y hasta marc\u00f3 el Athletic el 2-2, una preciosa &#8216;picadita&#8217; de Navarro que super\u00f3 a Kobel, pero result\u00f3 en fuera de juego.<\/p>\n<p class=\"articleParagraph\">Volvi\u00f3 a intentarlo el navarro pero primero, tras un buen regate, el disparo se le fue demasiado alto y desviado, y despu\u00e9s apareci\u00f3 Svensson para despejar casi bajo palos un centro que parec\u00eda gol a Guruzeta.<\/p>\n<p class=\"articleParagraph\">Ya con sus compa\u00f1eros a por todas arriba, Sim\u00f3n aguant\u00f3 en un par de ocasiones del 2-1 a disparos de Guirassy y Brant.<\/p>\n<p class=\"articleParagraph\">Pero no en el tercero. Un disparo desde la frontal de Sabitzer que dio en Guirassy para hacer imposible la estirada hacia el lado equivocado del meta internacional.<\/p>\n","protected":false},"excerpt":{"rendered":"El Borussia Dortmund gole\u00f3 por 4-1 al Athletic Club en un partido en el Signal Iduna Park que&hellip;\n","protected":false},"author":2,"featured_media":151486,"comment_status":"","ping_status":"","sticky":false,"template":"","format":"standard","meta":{"footnotes":""},"categories":[93],"tags":[168,25,24,23,167],"class_list":{"0":"post-151485","1":"post","2":"type-post","3":"status-publish","4":"format-standard","5":"has-post-thumbnail","7":"category-deportes","8":"tag-deportes","9":"tag-es","10":"tag-espana","11":"tag-spain","12":"tag-sports"},"share_on_mastodon":{"url":"","error":""},"_links":{"self":[{"href":"https:\/\/www.europesays.com\/es\/wp-json\/wp\/v2\/posts\/151485","targetHints":{"allow":["GET"]}}],"collection":[{"href":"https:\/\/www.europesays.com\/es\/wp-json\/wp\/v2\/posts"}],"about":[{"href":"https:\/\/www.europesays.com\/es\/wp-json\/wp\/v2\/types\/post"}],"author":[{"embeddable":true,"href":"https:\/\/www.europesays.com\/es\/wp-json\/wp\/v2\/users\/2"}],"replies":[{"embeddable":true,"href":"https:\/\/www.europesays.com\/es\/wp-json\/wp\/v2\/comments?post=151485"}],"version-history":[{"count":0,"href":"https:\/\/www.europesays.com\/es\/wp-json\/wp\/v2\/posts\/151485\/revisions"}],"wp:featuredmedia":[{"embeddable":true,"href":"https:\/\/www.europesays.com\/es\/wp-json\/wp\/v2\/media\/151486"}],"wp:attachment":[{"href":"https:\/\/www.europesays.com\/es\/wp-json\/wp\/v2\/media?parent=151485"}],"wp:term":[{"taxonomy":"category","embeddable":true,"href":"https:\/\/www.europesays.com\/es\/wp-json\/wp\/v2\/categories?post=151485"},{"taxonomy":"post_tag","embeddable":true,"href":"https:\/\/www.europesays.com\/es\/wp-json\/wp\/v2\/tags?post=151485"}],"curies":[{"name":"wp","href":"https:\/\/api.w.org\/{rel}","templated":true}]}}