{"id":151493,"date":"2025-10-01T21:41:08","date_gmt":"2025-10-01T21:41:08","guid":{"rendered":"https:\/\/www.europesays.com\/es\/151493\/"},"modified":"2025-10-01T21:41:08","modified_gmt":"2025-10-01T21:41:08","slug":"fallece-jane-goodall-la-reconocida-conservacionista-e-investigadora-de-chimpances","status":"publish","type":"post","link":"https:\/\/www.europesays.com\/es\/151493\/","title":{"rendered":"Fallece Jane Goodall, la reconocida conservacionista e investigadora de chimpanc\u00e9s"},"content":{"rendered":"\n<p>Jane Goodall, la conservacionista reconocida por su innovadora investigaci\u00f3n de campo con chimpanc\u00e9s y destacada defensora ambiental, falleci\u00f3 a los 91 a\u00f1os de edad.<\/p>\n<p>El Instituto Jane Goodall inform\u00f3 en Instagram el deceso de la renombrada primat\u00f3loga en una publicaci\u00f3n en Instagram el mi\u00e9rcoles. De acuerdo con el instituto, Goodall muri\u00f3 de causas naturales mientras se encontraba en California como parte de una gira de conferencias por Estados Unidos.<\/p>\n<p>Sus descubrimientos \u201crevolucionaron la ciencia, y fue una incansable defensora de la protecci\u00f3n y restauraci\u00f3n de nuestro mundo natural\u201d, dijo el Instituto Goodall.<\/p>\n<p>Mientras viv\u00eda entre chimpanc\u00e9s en \u00c1frica hace d\u00e9cadas, Goodall document\u00f3 a los animales y su uso de las herramientas, as\u00ed como otras actividades que anteriormente se cre\u00edan exclusivas del ser humano, adem\u00e1s de notar sus personalidades distintivas. Sus observaciones y sus posteriores apariciones en revistas y documentales en la d\u00e9cada de 1960 transformaron la forma en que el mundo percib\u00eda no s\u00f3lo a los parientes biol\u00f3gicos vivos m\u00e1s cercanos del ser humano, sino tambi\u00e9n la complejidad emocional y social de todos los animales, al tiempo que la impulsaban a la conciencia p\u00fablica.<\/p>\n<p>\u201cAll\u00e1 en la naturaleza, cuando est\u00e1s solo, puedes convertirte en parte de la naturaleza y tu humanidad no se interpone en el camino\u201d, dijo a The Associated Press en 2021. \u201cEs casi como una experiencia extracorporal cuando de repente escuchas diferentes sonidos y distingues diferentes olores y realmente eres parte de este asombroso tapiz de vida\u201d.<\/p>\n<p>En sus \u00faltimos a\u00f1os, Goodall dedic\u00f3 varias d\u00e9cadas a la educaci\u00f3n y a la defensa de causas humanitarias y la protecci\u00f3n del mundo natural. Con su habitual acento brit\u00e1nico, era conocida por equilibrar las duras realidades de la crisis clim\u00e1tica con un sincero mensaje de esperanza para el futuro.<\/p>\n<p>Desde su base en la ciudad brit\u00e1nica de Bournemouth, viajaba casi 300 d\u00edas al a\u00f1o, incluso despu\u00e9s de cumplir los 90 a\u00f1os, para dirigirse a auditorios llenos en todo el mundo. Entre algunos mensajes m\u00e1s serios, sus discursos a menudo inclu\u00edan su caracter\u00edstico grito de chimpanc\u00e9 o lament\u00e1ndose que Tarz\u00e1n eligiera a la Jane equivocada.<\/p>\n<p>Mientras estudiaba por primera vez a los chimpanc\u00e9s en Tanzania a principios de la d\u00e9cada de 1960, Goodall era conocida por su enfoque poco convencional. No simplemente los observaba a la distancia, sino que se sumerg\u00eda en cada aspecto de sus vidas. Les daba de comer y les pon\u00eda nombres en lugar de n\u00fameros, algo por lo que recibi\u00f3 cr\u00edticas de algunos cient\u00edficos.<\/p>\n<p>Sus hallazgos se difundieron a millones cuando apareci\u00f3 por primera vez en la portada de National Geographic en 1963 y poco despu\u00e9s en un popular documental. Una colecci\u00f3n de fotos de Goodall en el campo la catapult\u00f3 a ella, e incluso a algunos de los chimpanc\u00e9s, a la fama. Una imagen ic\u00f3nica la mostraba agachada frente al chimpanc\u00e9 beb\u00e9 llamado Flint. Ambos tienen los brazos extendidos, alcanz\u00e1ndose el uno al otro.<\/p>\n<p>Goodall ha recibido los m\u00e1s altos honores civiles de varios pa\u00edses, incluidos Reino Unido, Francia, Jap\u00f3n y Tanzania. Recibi\u00f3 la Medalla Presidencial de la Libertad en 2025 a manos del entonces presidente de Estados Unidos., Joe Biden, y gan\u00f3 el prestigioso Premio Templeton en 2021.<\/p>\n<p>\u201cSus descubrimientos innovadores han cambiado la comprensi\u00f3n de la humanidad sobre su papel en un mundo interconectado, y su defensa ha se\u00f1alado un prop\u00f3sito m\u00e1s grande para nuestra especie en el cuidado de la vida en este planeta\u201d, dec\u00eda la cita del Premio Templeton, que honra a individuos cuyo trabajo de vida encarna una fusi\u00f3n de ciencia y espiritualidad.<\/p>\n<p>Goodall tambi\u00e9n fue nombrada Mensajera de la Paz de las Naciones Unidas y public\u00f3 numerosos libros, incluida la autobiograf\u00eda m\u00e1s vendida \u201cRaz\u00f3n para la Esperanza\u201d.<\/p>\n","protected":false},"excerpt":{"rendered":"Jane Goodall, la conservacionista reconocida por su innovadora investigaci\u00f3n de campo con chimpanc\u00e9s y destacada defensora ambiental, falleci\u00f3&hellip;\n","protected":false},"author":2,"featured_media":151494,"comment_status":"","ping_status":"","sticky":false,"template":"","format":"standard","meta":{"footnotes":""},"categories":[42],"tags":[1611,17,18,5830,11072,45888,45889,10726,13,14,45887,11,4296,61,62,63,64,19,20,3013,7204,9,10,15,16,863,2868,8643,45890,12,21,22,2606,65,66,67],"class_list":{"0":"post-151493","1":"post","2":"type-post","3":"status-publish","4":"format-standard","5":"has-post-thumbnail","7":"category-internacional","8":"tag-ano","9":"tag-breaking-news","10":"tag-breakingnews","11":"tag-britanico","12":"tag-causa","13":"tag-chimpance","14":"tag-conservacionista","15":"tag-decada","16":"tag-featured-news","17":"tag-featurednews","18":"tag-goodall","19":"tag-headlines","20":"tag-humano","21":"tag-internacional","22":"tag-international","23":"tag-international-news","24":"tag-internationalnews","25":"tag-latest-news","26":"tag-latestnews","27":"tag-mundo","28":"tag-natural","29":"tag-news","30":"tag-noticias","31":"tag-noticias-destacadas","32":"tag-noticiasdestacadas","33":"tag-parte","34":"tag-reconocido","35":"tag-ser","36":"tag-sincero-mensaje","37":"tag-titulares","38":"tag-ultimas-noticias","39":"tag-ultimasnoticias","40":"tag-vida","41":"tag-world","42":"tag-world-news","43":"tag-worldnews"},"share_on_mastodon":{"url":"","error":""},"_links":{"self":[{"href":"https:\/\/www.europesays.com\/es\/wp-json\/wp\/v2\/posts\/151493","targetHints":{"allow":["GET"]}}],"collection":[{"href":"https:\/\/www.europesays.com\/es\/wp-json\/wp\/v2\/posts"}],"about":[{"href":"https:\/\/www.europesays.com\/es\/wp-json\/wp\/v2\/types\/post"}],"author":[{"embeddable":true,"href":"https:\/\/www.europesays.com\/es\/wp-json\/wp\/v2\/users\/2"}],"replies":[{"embeddable":true,"href":"https:\/\/www.europesays.com\/es\/wp-json\/wp\/v2\/comments?post=151493"}],"version-history":[{"count":0,"href":"https:\/\/www.europesays.com\/es\/wp-json\/wp\/v2\/posts\/151493\/revisions"}],"wp:featuredmedia":[{"embeddable":true,"href":"https:\/\/www.europesays.com\/es\/wp-json\/wp\/v2\/media\/151494"}],"wp:attachment":[{"href":"https:\/\/www.europesays.com\/es\/wp-json\/wp\/v2\/media?parent=151493"}],"wp:term":[{"taxonomy":"category","embeddable":true,"href":"https:\/\/www.europesays.com\/es\/wp-json\/wp\/v2\/categories?post=151493"},{"taxonomy":"post_tag","embeddable":true,"href":"https:\/\/www.europesays.com\/es\/wp-json\/wp\/v2\/tags?post=151493"}],"curies":[{"name":"wp","href":"https:\/\/api.w.org\/{rel}","templated":true}]}}