{"id":151495,"date":"2025-10-01T21:42:14","date_gmt":"2025-10-01T21:42:14","guid":{"rendered":"https:\/\/www.europesays.com\/es\/151495\/"},"modified":"2025-10-01T21:42:14","modified_gmt":"2025-10-01T21:42:14","slug":"la-informacion-nunca-es-un-problema","status":"publish","type":"post","link":"https:\/\/www.europesays.com\/es\/151495\/","title":{"rendered":"\u201cLa informaci\u00f3n nunca es un problema\u201d"},"content":{"rendered":"<p class=\"article-text\">\n        La portavoz del PP en el Congreso, Ester Mu\u00f1oz, ha defendido este martes\u00a0<a href=\"https:\/\/www.eldiario.es\/madrid\/somos\/pp-madrid-aprueba-propuesta-vox-obligar-informar-mujeres-supuesto-sindrome-post-aborto_1_12645853.html\" target=\"_blank\" data-mrf-recirculation=\"links-noticia\" class=\"link\" rel=\"nofollow noopener\">la medida aprobada por el Ayuntamiento de Madrid<\/a>\u00a0para obligar a los m\u00e9dicos a informar de un supuesto \u201cs\u00edndrome post aborto\u201d a las mujeres que quieran interrumpir voluntariamente su embarazo. Una iniciativa planteada por Vox y que el PP de Jos\u00e9 Luis Mart\u00ednez Almeida ha apoyado, pese a contar con mayor\u00eda absoluta y no necesitar a los ultras para gobernar la ciudad, como s\u00ed ocurr\u00eda en la legislatura pasada.\n    <\/p>\n<p class=\"article-text\">\n        Mu\u00f1oz ha acusado primero a la prensa de preguntar sobre este asunto al dictado del Gobierno. \u201cSoy plenamente consciente de que las \u00f3rdenes que ha dado el Gobierno hoy es de lanzar una nueva ardilla para que no se hable de todos los temas de corrupci\u00f3n y de su incompetencia y negligencia y mentiras con respecto a la desprotecci\u00f3n que han sentido las mujeres v\u00edctimas de violencia machista. Soy plenamente consciente de la ardilla\u201d, ha sostenido.\n    <\/p>\n<p class=\"article-text\">\n        \u201cEn cualquier caso, le voy a responder\u201d, ha concedido a los periodistas. \u201cCreo que la informaci\u00f3n nunca es un problema. Quien tiene que explicar por qu\u00e9 le parece un problema la informaci\u00f3n es quien est\u00e1 en contra de que las mujeres estemos informadas\u201d, ha asegurado.\n    <\/p>\n<p>    Sanidad estudiar\u00e1 las consecuencias \u201cjur\u00eddicas\u201d de la propuesta<\/p>\n<p class=\"article-text\">\n        El Ministerio de Sanidad estudiar\u00e1 las \u201cconsecuencias jur\u00eddicas\u201d de la propuesta de Vox que aprob\u00f3 este martes el Pleno del Ayuntamiento de Madrid con el apoyo del PP para obligar a los empleados municipales a informar a las mujeres que quieran interrumpir su embarazo de un supuesto \u201cs\u00edndrome post aborto\u201d. La iniciativa se ha aprobado en la misma semana que se cumplen 40 a\u00f1os de la primera ley que permiti\u00f3 a las mujeres espa\u00f1olas interrumpir su embarazo en algunos supuestos.\n    <\/p>\n<p>    <a href=\"https:\/\/www.eldiario.es\/politica\/psoe-recurrira-decision-pp-vox-madrid-informar-mujeres-supuesto-sindrome-post-aborto_1_12646727.html\" data-mrf-recirculation=\"saber-mas-abajo\" data-dl-event=\"saber-mas-abajo\" rel=\"nofollow noopener\" target=\"_blank\"><\/p>\n<p class=\"know-more__title\">El PSOE recurrir\u00e1 la decisi\u00f3n de PP y Vox en Madrid de informar a las mujeres sobre un supuesto \u201cs\u00edndrome post aborto\u201d\n<\/p>\n<p>            <img decoding=\"async\" class=\"lazy\" loading=\"lazy\" data-src=\"https:\/\/static.eldiario.es\/clip\/697c5ca5-6ee4-4d4b-9b71-ac5786d8fdfe_16-9-aspect-ratio_default_0.jpg\" src=\"data:image\/svg+xml,%3Csvg xmlns=\" http:=\"\" viewbox=\"0 0 880 495\" alt=\"El PSOE recurrir\u00e1 la decisi\u00f3n de PP y Vox en Madrid de informar a las mujeres sobre un supuesto \u201cs\u00edndrome post aborto\u201d\"\/><\/p>\n<p>                        <\/a><\/p>\n<p class=\"article-text\">\n        La ministra M\u00f3nica Garc\u00eda ha asegurado \u201cque es un s\u00edndrome que no existe como diagn\u00f3stico cl\u00ednico\u201d y \u201cpretende relacionar el aborto con un futuro de miedo y apocalipsis de mujeres alcoh\u00f3licas y drogadictas\u201d. \u201cA todos los profesionales les decimos que no se puede mentir ni instalar bulos en las mujeres, va en contra de la pr\u00e1ctica m\u00e9dica. No hay evidencia cient\u00edfica sino violencia camuflada\u201d, ha dicho en una rueda de prensa este mi\u00e9rcoles.\n    <\/p>\n","protected":false},"excerpt":{"rendered":"La portavoz del PP en el Congreso, Ester Mu\u00f1oz, ha defendido este martes\u00a0la medida aprobada por el Ayuntamiento&hellip;\n","protected":false},"author":2,"featured_media":151496,"comment_status":"","ping_status":"","sticky":false,"template":"","format":"standard","meta":{"footnotes":""},"categories":[8],"tags":[17020,6776,4148,17,18,5443,25,24,13,14,9860,11,1667,19,20,9,10,15,16,36480,956,9632,33517,23,12,21,22,624],"class_list":{"0":"post-151495","1":"post","2":"type-post","3":"status-publish","4":"format-standard","5":"has-post-thumbnail","7":"category-espana","8":"tag-aborto","9":"tag-almeida","10":"tag-apoyado","11":"tag-breaking-news","12":"tag-breakingnews","13":"tag-defiende","14":"tag-es","15":"tag-espana","16":"tag-featured-news","17":"tag-featurednews","18":"tag-feijoo","19":"tag-headlines","20":"tag-informacion","21":"tag-latest-news","22":"tag-latestnews","23":"tag-news","24":"tag-noticias","25":"tag-noticias-destacadas","26":"tag-noticiasdestacadas","27":"tag-post","28":"tag-pp","29":"tag-problema","30":"tag-sindrome","31":"tag-spain","32":"tag-titulares","33":"tag-ultimas-noticias","34":"tag-ultimasnoticias","35":"tag-vox"},"share_on_mastodon":{"url":"","error":""},"_links":{"self":[{"href":"https:\/\/www.europesays.com\/es\/wp-json\/wp\/v2\/posts\/151495","targetHints":{"allow":["GET"]}}],"collection":[{"href":"https:\/\/www.europesays.com\/es\/wp-json\/wp\/v2\/posts"}],"about":[{"href":"https:\/\/www.europesays.com\/es\/wp-json\/wp\/v2\/types\/post"}],"author":[{"embeddable":true,"href":"https:\/\/www.europesays.com\/es\/wp-json\/wp\/v2\/users\/2"}],"replies":[{"embeddable":true,"href":"https:\/\/www.europesays.com\/es\/wp-json\/wp\/v2\/comments?post=151495"}],"version-history":[{"count":0,"href":"https:\/\/www.europesays.com\/es\/wp-json\/wp\/v2\/posts\/151495\/revisions"}],"wp:featuredmedia":[{"embeddable":true,"href":"https:\/\/www.europesays.com\/es\/wp-json\/wp\/v2\/media\/151496"}],"wp:attachment":[{"href":"https:\/\/www.europesays.com\/es\/wp-json\/wp\/v2\/media?parent=151495"}],"wp:term":[{"taxonomy":"category","embeddable":true,"href":"https:\/\/www.europesays.com\/es\/wp-json\/wp\/v2\/categories?post=151495"},{"taxonomy":"post_tag","embeddable":true,"href":"https:\/\/www.europesays.com\/es\/wp-json\/wp\/v2\/tags?post=151495"}],"curies":[{"name":"wp","href":"https:\/\/api.w.org\/{rel}","templated":true}]}}