{"id":151503,"date":"2025-10-01T21:49:10","date_gmt":"2025-10-01T21:49:10","guid":{"rendered":"https:\/\/www.europesays.com\/es\/151503\/"},"modified":"2025-10-01T21:49:10","modified_gmt":"2025-10-01T21:49:10","slug":"antiviolencia-propone-multas-de-hasta-5-000-euros-a-38-personas-por-los-altercados-en-las-ultimas-cuatro-etapas-de-la-vuelta","status":"publish","type":"post","link":"https:\/\/www.europesays.com\/es\/151503\/","title":{"rendered":"Antiviolencia propone multas de hasta 5.000 euros a 38 personas por los altercados en las \u00faltimas cuatro etapas de la Vuelta"},"content":{"rendered":"<p>Actualizado  Mi\u00e9rcoles,<br \/>\n1<br \/>\noctubre<br \/>\n2025<br \/>\n&#8211;<br \/>\n13:22<\/p>\n<p class=\"ue-c-article__paragraph\">La Comisi\u00f3n Estatal contra la Violencia, el Racismo, la Xenofobia y la Intolerancia en el Deporte acord\u00f3 este mi\u00e9rcoles proponer <strong>sanciones a 38 ciudadanos <\/strong>por los incidentes ocurridos durante las manifestaciones en las \u00faltimas cuatro etapas de la pasada <strong>Vuelta Ciclista a Espa\u00f1a<\/strong> que discurrieron en las comunidades de Castilla y Le\u00f3n y Madrid.<\/p>\n<p class=\"ue-c-article__paragraph\">Seg\u00fan indic\u00f3 el Ministerio del Interior en una nota de prensa, las propuestas emitidas por la Oficina Nacional de Deportes (OND) de la Polic\u00eda Nacional contemplan <strong>multas de 1.500 a 5.000 euros<\/strong> por los episodios registrados en esas cuatro \u00faltimas etapas de la competici\u00f3n ciclista, cuyo final en la capital fue <a href=\"https:\/\/www.elmundo.es\/deportes\/ciclismo\/vuelta-a-espana\/2025\/09\/14\/68c6edfc21efa0ae278b4581.html\" target=\"_blank\" rel=\"nofollow noopener\">suspendido<\/a>.<\/p>\n<p class=\"ue-c-article__paragraph\">Los expedientes en relaci\u00f3n a estos hechos corresponden a infracciones calificadas como leves o graves y a ellos se a\u00f1aden adem\u00e1s prohibiciones de acceso a recintos deportivos por un periodo de hasta un a\u00f1o.<\/p>\n<p class=\"ue-c-article__paragraph\">Por otra parte, la Comisi\u00f3n convino proponer para multa a dos asistentes a la 180\u00aa Edici\u00f3n de las <strong>carreras de caballos de Sanl\u00facar de Barrameda (C\u00e1diz)<\/strong>. Seg\u00fan los expedientes, uno de los ciudadanos se enfrent\u00f3 a la seguridad cuando pretend\u00eda acceder a la zona de &#8216;boxes&#8217; con un menor de edad y se solicita <strong>una multa de 5.000 euros<\/strong> y la prohibici\u00f3n de acceso a los recintos deportivos por un periodo de 12 meses, mientras que el otro implicado se encar\u00f3 a los agentes presentando rasgos de embriaguez y se le propone una sanci\u00f3n de 3.001 euros y la prohibici\u00f3n de acceso a los recintos deportivos por un periodo de seis meses.<\/p>\n<p class=\"ue-c-article__paragraph\">En lo que respecta al f\u00fatbol, <strong>se ha propuesto sancionar al Huesca con una multa de 3.001 euros<\/strong> \u00abpor desatender su obligaci\u00f3n de impedir el acceso de bebidas alcoh\u00f3licas a su estadio\u00bb durante el encuentro liguero ante el M\u00e1laga y a dos aficionados por los citados incidentes con esa misma cantidad y con 600 euros, respectivamente.<\/p>\n<p class=\"ue-c-article__paragraph\">Adem\u00e1s, <strong>se han declarado de alto riesgo<\/strong> el duelo de la Conference League entre el <strong>Rayo Vallecano<\/strong> y el <strong>Skhendija Tetovo<\/strong> de Macedonia del Norte de este jueves 2 de octubre a las 18:45 horas y los de Segunda Divisi\u00f3n que enfrentar\u00e1n el domingo 12 de octubre al <strong>Sporting de Gij\u00f3n y al Racing de Santander <\/strong>en El Molin\u00f3n (14:15 horas) y al <strong>M\u00e1laga y al Deportivo de La Coru\u00f1a <\/strong>en La Rosaleda (21:00 horas).<\/p>\n","protected":false},"excerpt":{"rendered":"Actualizado Mi\u00e9rcoles, 1 octubre 2025 &#8211; 13:22 La Comisi\u00f3n Estatal contra la Violencia, el Racismo, la Xenofobia y&hellip;\n","protected":false},"author":2,"featured_media":151504,"comment_status":"","ping_status":"","sticky":false,"template":"","format":"standard","meta":{"footnotes":""},"categories":[273],"tags":[313,312,168,25,24,23,167],"class_list":{"0":"post-151503","1":"post","2":"type-post","3":"status-publish","4":"format-standard","5":"has-post-thumbnail","7":"category-ciclismo","8":"tag-ciclismo","9":"tag-cycling","10":"tag-deportes","11":"tag-es","12":"tag-espana","13":"tag-spain","14":"tag-sports"},"share_on_mastodon":{"url":"","error":""},"_links":{"self":[{"href":"https:\/\/www.europesays.com\/es\/wp-json\/wp\/v2\/posts\/151503","targetHints":{"allow":["GET"]}}],"collection":[{"href":"https:\/\/www.europesays.com\/es\/wp-json\/wp\/v2\/posts"}],"about":[{"href":"https:\/\/www.europesays.com\/es\/wp-json\/wp\/v2\/types\/post"}],"author":[{"embeddable":true,"href":"https:\/\/www.europesays.com\/es\/wp-json\/wp\/v2\/users\/2"}],"replies":[{"embeddable":true,"href":"https:\/\/www.europesays.com\/es\/wp-json\/wp\/v2\/comments?post=151503"}],"version-history":[{"count":0,"href":"https:\/\/www.europesays.com\/es\/wp-json\/wp\/v2\/posts\/151503\/revisions"}],"wp:featuredmedia":[{"embeddable":true,"href":"https:\/\/www.europesays.com\/es\/wp-json\/wp\/v2\/media\/151504"}],"wp:attachment":[{"href":"https:\/\/www.europesays.com\/es\/wp-json\/wp\/v2\/media?parent=151503"}],"wp:term":[{"taxonomy":"category","embeddable":true,"href":"https:\/\/www.europesays.com\/es\/wp-json\/wp\/v2\/categories?post=151503"},{"taxonomy":"post_tag","embeddable":true,"href":"https:\/\/www.europesays.com\/es\/wp-json\/wp\/v2\/tags?post=151503"}],"curies":[{"name":"wp","href":"https:\/\/api.w.org\/{rel}","templated":true}]}}