{"id":151509,"date":"2025-10-01T21:52:12","date_gmt":"2025-10-01T21:52:12","guid":{"rendered":"https:\/\/www.europesays.com\/es\/151509\/"},"modified":"2025-10-01T21:52:12","modified_gmt":"2025-10-01T21:52:12","slug":"no-saludare-a-figo-en-el-palco","status":"publish","type":"post","link":"https:\/\/www.europesays.com\/es\/151509\/","title":{"rendered":"No saludar\u00e9 a Figo en el palco"},"content":{"rendered":"<p data-gtm-element-container=\"modulo-texto-link\" class=\"paragraph\"><strong>Joan Gaspart<\/strong>, ex presidente del <strong>FC Barcelona<\/strong>, fue muy contundente ante los micr\u00f3fonos del programa &#8216;Qu\u00e9 t&#8217;hi jugues&#8217; de La Ser, donde fue cuestionado por la presencia de <a href=\"https:\/\/www.mundodeportivo.com\/futbol\/fc-barcelona\/20250930\/1002542218\/confirmado-ceferin-palco-barca-psg-regreso-figo.html\" target=\"_blank\" rel=\"nofollow noopener\">Luis Figo en el partido de esta noche en el palco del Llu\u00eds Companys, con quien coincidir\u00e1, tal y como avanz\u00f3 MD<\/a>. \u00abNo saludar\u00e9 a <strong>Figo <\/strong>en el palco. No soy nadie para perdonar a nadie, pero como cul\u00e9 no olvido\u00bb, manifest\u00f3 <strong>Gaspart<\/strong>, que a\u00fan tiene muy presente la &#8216;espant\u00e1&#8217; de <strong>Figo<\/strong> al <strong>Real Madrid <\/strong>el verano de 2000, cuando <strong>Florentino P\u00e9rez <\/strong>accedi\u00f3 a la presidencia del <strong>Real Madrid y pag\u00f3 la cl\u00e1usula de rescisi\u00f3n<\/strong> del portugu\u00e9s para convertirlo en una de sus figuras.\u00a0\u00a0<\/p>\n<p>    Lee tambi\u00e9n<\/p>\n<p data-gtm-element-container=\"modulo-texto-link\" class=\"paragraph\">Respecto a si el <strong>Bar\u00e7a <\/strong>deber\u00eda haber prohibido la entrada del portugu\u00e9s al duelo de esta noche ante el PSG, \u00abEl FC Barcelona est\u00e1 por encima de estas cosas, pero yo, personalmente, no quiero saber nada, paso ol\u00edmpicamente, solo quiero que gane el Bar\u00e7a\u00bb, se\u00f1al\u00f3 el ex presidente azulgrana. \u00abEse no es mi problema\u00bb, insisti\u00f3.\u00a0<\/p>\n","protected":false},"excerpt":{"rendered":"Joan Gaspart, ex presidente del FC Barcelona, fue muy contundente ante los micr\u00f3fonos del programa &#8216;Qu\u00e9 t&#8217;hi jugues&#8217;&hellip;\n","protected":false},"author":2,"featured_media":151510,"comment_status":"","ping_status":"","sticky":false,"template":"","format":"standard","meta":{"footnotes":""},"categories":[268],"tags":[168,25,24,280,282,281,23,167],"class_list":{"0":"post-151509","1":"post","2":"type-post","3":"status-publish","4":"format-standard","5":"has-post-thumbnail","7":"category-futbol","8":"tag-deportes","9":"tag-es","10":"tag-espana","11":"tag-football","12":"tag-futbol","13":"tag-soccer","14":"tag-spain","15":"tag-sports"},"share_on_mastodon":{"url":"","error":""},"_links":{"self":[{"href":"https:\/\/www.europesays.com\/es\/wp-json\/wp\/v2\/posts\/151509","targetHints":{"allow":["GET"]}}],"collection":[{"href":"https:\/\/www.europesays.com\/es\/wp-json\/wp\/v2\/posts"}],"about":[{"href":"https:\/\/www.europesays.com\/es\/wp-json\/wp\/v2\/types\/post"}],"author":[{"embeddable":true,"href":"https:\/\/www.europesays.com\/es\/wp-json\/wp\/v2\/users\/2"}],"replies":[{"embeddable":true,"href":"https:\/\/www.europesays.com\/es\/wp-json\/wp\/v2\/comments?post=151509"}],"version-history":[{"count":0,"href":"https:\/\/www.europesays.com\/es\/wp-json\/wp\/v2\/posts\/151509\/revisions"}],"wp:featuredmedia":[{"embeddable":true,"href":"https:\/\/www.europesays.com\/es\/wp-json\/wp\/v2\/media\/151510"}],"wp:attachment":[{"href":"https:\/\/www.europesays.com\/es\/wp-json\/wp\/v2\/media?parent=151509"}],"wp:term":[{"taxonomy":"category","embeddable":true,"href":"https:\/\/www.europesays.com\/es\/wp-json\/wp\/v2\/categories?post=151509"},{"taxonomy":"post_tag","embeddable":true,"href":"https:\/\/www.europesays.com\/es\/wp-json\/wp\/v2\/tags?post=151509"}],"curies":[{"name":"wp","href":"https:\/\/api.w.org\/{rel}","templated":true}]}}