{"id":151514,"date":"2025-10-01T21:56:10","date_gmt":"2025-10-01T21:56:10","guid":{"rendered":"https:\/\/www.europesays.com\/es\/151514\/"},"modified":"2025-10-01T21:56:10","modified_gmt":"2025-10-01T21:56:10","slug":"esta-en-un-gran-momento","status":"publish","type":"post","link":"https:\/\/www.europesays.com\/es\/151514\/","title":{"rendered":"Est\u00e1 en un gran momento"},"content":{"rendered":"\n<p> Como cada temporada, <strong><a href=\"https:\/\/www.elconfidencial.com\/television\/programas-tv\/2025-10-01\/juan-del-val-el-hormiguero-tertulias-gobierno-caso-begona-gomez_4219549\/\" target=\"_self\" rel=\"nofollow noopener\">El hormiguero<\/a> recibi\u00f3 una de sus visitas obligadas: la de Vicente Vall\u00e9s.<\/strong> El presentador de la segunda edici\u00f3n de <a href=\"https:\/\/www.elconfidencial.com\/television\/programas-tv\/2025-10-01\/audiencias-informativos-antena3-telediario-tele5_4219924\/\" target=\"_self\" rel=\"nofollow noopener\">Antena 3 noticias<\/a>, l\u00edder absoluto de su franja, volvi\u00f3 a divertirse con Trancas y Barrancas este mi\u00e9rcoles, 1 de octubre. En su nueva entrevista con <a href=\"https:\/\/www.elconfidencial.com\/television\/programas-tv\/2025-09-19\/el-hormiguerp-pablo-motos-cargar-pp-psoe-alto-y-claro_4212087\/\" target=\"_self\" rel=\"nofollow noopener\">Pablo Motos<\/a>, el periodista hizo un repaso a la actualidad informativa y present\u00f3 La caza del ejecutor, su nueva y esperada novela que se publicaba ese mismo d\u00eda. <\/p>\n<p> Fiel a sus conocimientos de geopol\u00edtica, Vicente Vall\u00e9s arranc\u00f3 su intervenci\u00f3n en el programa de las hormigas haciendo un profundo an\u00e1lisis sobre la situaci\u00f3n internacional actual, descartando una Tercera Guerra Mundial.<strong> \u00abLo que s\u00ed vamos a vivir son tensiones\u00bb,<\/strong> argument\u00f3 sobre los diferentes conflictos que se est\u00e1n viviendo en estos momentos en Europa. <\/p>\n<p> Preguntado sobre el papel de Vlad\u00edmir Putin y sus objetivos con Occidente, el periodista remarc\u00f3 que sus intenciones ser\u00edan \u00abtestar la unidad real de los pa\u00edses de la OTAN\u00bbhttps:\/\/www.elconfidencial.com\/television\/programas-tv\/2025-10-01\/vicente-valles-el-hormiguero-lanza-favor-pedro-sanchez-gran-momento_4220337\/.\u00bbEs un test de estr\u00e9s, hasta donde son capaces de llegar y unirse todos a la vez\u00bb, explic\u00f3 en el programa de <a href=\"https:\/\/www.elconfidencial.com\/television\/programas-tv\/2025-10-01\/y-ahora-sonsoles-onega-desobedece-regla-oro-problema_4220100\/\" target=\"_self\" rel=\"nofollow noopener\">Antena 3<\/a>, se\u00f1alando que la gran oportunidad que tienen los pa\u00edses de la Alianza Atl\u00e1ntica, tras los desplantes de Donald Trump, <strong>es \u00abgenerar su propia defensa y no ser dependientes, por completo, de Estados Unidos\u00bb.<\/strong> <\/p>\n<p> Y es que el presidente del pa\u00eds norteamericano cobr\u00f3 especial importancia en la nueva participaci\u00f3n de Vall\u00e9s en El hormiguero.<strong> \u00abEst\u00e1 siendo todav\u00eda m\u00e1s Trump de lo que fue en el primer mandato\u00bb,<\/strong> evidenci\u00f3 el invitado, explicando que \u00abya no hay l\u00edmites\u00bb para Donald Trump al no estar rodeado actualmente del \u00abestablishment de la \u00e9poca, que le manten\u00eda los l\u00edmites aproximados de hasta d\u00f3nde se pod\u00eda llegar o no\u00bb. <\/p>\n<blockquote class=\"twitter-tweet\">\n<p lang=\"es\" dir=\"ltr\">.<a href=\"https:\/\/twitter.com\/VicenteVallesTV?ref_src=twsrc%5Etfw\" rel=\"nofollow noopener\" target=\"_blank\">@VicenteVallesTV<\/a> lo tiene claro: Pedro S\u00e1nchez vive ahora mismo un momento clave para \u00e9l <a href=\"https:\/\/twitter.com\/hashtag\/VicenteVall%C3%A9sEH?src=hash&amp;ref_src=twsrc%5Etfw\" rel=\"nofollow noopener\" target=\"_blank\">#VicenteVall\u00e9sEH<\/a> <a href=\"https:\/\/t.co\/IjCMwIIvXj\" rel=\"nofollow\">pic.twitter.com\/IjCMwIIvXj<\/a><\/p>\n<p>\u2014 El Hormiguero (@El_Hormiguero) <a href=\"https:\/\/twitter.com\/El_Hormiguero\/status\/1973488176095195511?ref_src=twsrc%5Etfw\" rel=\"nofollow noopener\" target=\"_blank\">October 1, 2025<\/a><\/p><\/blockquote>\n<p> Al cerrar el cap\u00edtulo de la pol\u00edtica internacional, Pablo Motos plante\u00f3 si la pol\u00edtica de Espa\u00f1a \u00abdar\u00eda para una novela\u00bbhttps:\/\/www.elconfidencial.com\/television\/programas-tv\/2025-10-01\/vicente-valles-el-hormiguero-lanza-favor-pedro-sanchez-gran-momento_4220337\/.\u00bbPara una enciclopedia\u00bb, replic\u00f3 Vicente, desatando las risas del plat\u00f3 de Antena 3 antes de abordar la situaci\u00f3n actual del Gobierno. \u00abContrariamente a lo que cree mucha gente, <strong>creo que Pedro S\u00e1nchez est\u00e1 en un gran momento para \u00e9l\u00bb,<\/strong> apunt\u00f3, sorprendiendo al presentador. <\/p>\n<p> \u00abHace justo dos a\u00f1os, cuando estaba en el proceso de la investidura, ya advirti\u00f3 en una reuni\u00f3n del comit\u00e9 federal del PSOE <strong>que estaba dispuesto a gobernar con o sin el parlamento\u00bb, <\/strong>record\u00f3 el periodista. \u00abEso est\u00e1 haciendo. El hecho de que el Gobierno ya haya anunciado que, aunque no tengan presupuestos, seguir\u00e1 gobernando, hace que sus socios de investidura sean perfectamente prescindibles\u00bb, subray\u00f3 Vall\u00e9s. Idea sobre la que volvi\u00f3 a incidir en los \u00faltimos minutos de entrevista: \u00abSi \u00e9l est\u00e1 dispuesto a gobernar sin los socios, no tiene que convocar elecciones\u00bb. <\/p>\n<p> Como cada temporada, <strong><a href=\"https:\/\/www.elconfidencial.com\/television\/programas-tv\/2025-10-01\/juan-del-val-el-hormiguero-tertulias-gobierno-caso-begona-gomez_4219549\/\" target=\"_self\" rel=\"nofollow noopener\">El hormiguero<\/a> recibi\u00f3 una de sus visitas obligadas: la de Vicente Vall\u00e9s.<\/strong> El presentador de la segunda edici\u00f3n de <a href=\"https:\/\/www.elconfidencial.com\/television\/programas-tv\/2025-10-01\/audiencias-informativos-antena3-telediario-tele5_4219924\/\" target=\"_self\" rel=\"nofollow noopener\">Antena 3 noticias<\/a>, l\u00edder absoluto de su franja, volvi\u00f3 a divertirse con Trancas y Barrancas este mi\u00e9rcoles, 1 de octubre. En su nueva entrevista con <a href=\"https:\/\/www.elconfidencial.com\/television\/programas-tv\/2025-09-19\/el-hormiguerp-pablo-motos-cargar-pp-psoe-alto-y-claro_4212087\/\" target=\"_self\" rel=\"nofollow noopener\">Pablo Motos<\/a>, el periodista hizo un repaso a la actualidad informativa y present\u00f3 La caza del ejecutor, su nueva y esperada novela que se publicaba ese mismo d\u00eda. <\/p>\n<p>              <script async src=\"https:\/\/platform.twitter.com\/widgets.js\" charset=\"utf-8\"><\/script><\/p>\n","protected":false},"excerpt":{"rendered":"Como cada temporada, El hormiguero recibi\u00f3 una de sus visitas obligadas: la de Vicente Vall\u00e9s. El presentador de&hellip;\n","protected":false},"author":2,"featured_media":151515,"comment_status":"","ping_status":"","sticky":false,"template":"","format":"standard","meta":{"footnotes":""},"categories":[171],"tags":[146,147,25,24,23,214],"class_list":{"0":"post-151514","1":"post","2":"type-post","3":"status-publish","4":"format-standard","5":"has-post-thumbnail","7":"category-tv","8":"tag-entertainment","9":"tag-entretenimiento","10":"tag-es","11":"tag-espana","12":"tag-spain","13":"tag-tv"},"share_on_mastodon":{"url":"","error":""},"_links":{"self":[{"href":"https:\/\/www.europesays.com\/es\/wp-json\/wp\/v2\/posts\/151514","targetHints":{"allow":["GET"]}}],"collection":[{"href":"https:\/\/www.europesays.com\/es\/wp-json\/wp\/v2\/posts"}],"about":[{"href":"https:\/\/www.europesays.com\/es\/wp-json\/wp\/v2\/types\/post"}],"author":[{"embeddable":true,"href":"https:\/\/www.europesays.com\/es\/wp-json\/wp\/v2\/users\/2"}],"replies":[{"embeddable":true,"href":"https:\/\/www.europesays.com\/es\/wp-json\/wp\/v2\/comments?post=151514"}],"version-history":[{"count":0,"href":"https:\/\/www.europesays.com\/es\/wp-json\/wp\/v2\/posts\/151514\/revisions"}],"wp:featuredmedia":[{"embeddable":true,"href":"https:\/\/www.europesays.com\/es\/wp-json\/wp\/v2\/media\/151515"}],"wp:attachment":[{"href":"https:\/\/www.europesays.com\/es\/wp-json\/wp\/v2\/media?parent=151514"}],"wp:term":[{"taxonomy":"category","embeddable":true,"href":"https:\/\/www.europesays.com\/es\/wp-json\/wp\/v2\/categories?post=151514"},{"taxonomy":"post_tag","embeddable":true,"href":"https:\/\/www.europesays.com\/es\/wp-json\/wp\/v2\/tags?post=151514"}],"curies":[{"name":"wp","href":"https:\/\/api.w.org\/{rel}","templated":true}]}}