{"id":151516,"date":"2025-10-01T21:58:10","date_gmt":"2025-10-01T21:58:10","guid":{"rendered":"https:\/\/www.europesays.com\/es\/151516\/"},"modified":"2025-10-01T21:58:10","modified_gmt":"2025-10-01T21:58:10","slug":"scream-7-la-esperada-continuacion-de-la-saga-de-terror-con-neve-campbell-abre-boca-a-los-fans-presentando-su-logo-oficial","status":"publish","type":"post","link":"https:\/\/www.europesays.com\/es\/151516\/","title":{"rendered":"Scream 7, la esperada continuaci\u00f3n de la saga de terror con Neve Campbell, abre boca a los fans presentando su logo oficial"},"content":{"rendered":"<p>Revelado el logo oficial de Scream 7, la siguiente entrega de la popular saga de terror slasher que recupera a su antigua protagonista, Neve Campbell.<\/p>\n<p>El pr\u00f3ximo a\u00f1o llega a los cines <a href=\"https:\/\/www.hobbyconsolas.com\/noticias\/scream-7-pelicula-encantara-cualquier-fan-franquicia-scream-nuevas-protagonistas-1483532\" title=\"Scream 7 es una \u201cpel\u00edcula que encantar\u00e1 a cualquier fan de la franquicia Scream\u201d, seg\u00fan una de sus nuevas protagonistas\" rel=\"nofollow noopener\" target=\"_blank\">Scream 7<\/a>, la siguiente <strong>pel\u00edcula<\/strong> de la exitosa saga de <a href=\"https:\/\/www.hobbyconsolas.com\/listas\/finales-inesperados-cine-terror-adolescente-hicisteis-ultimo-verano-scream-until-dawn-1473057\" title=\"Los finales m\u00e1s inesperados del cine de terror adolescente: desde S\u00e9 lo que hicisteis el \u00faltimo verano a Scream y Until Dawn\" rel=\"nofollow noopener\" target=\"_blank\">terror<\/a> slasher cuya producci\u00f3n ha provocado m\u00e1s de un quebradero de cabeza debido al pol\u00e9mico despido de Melissa Barrera y la posterior marcha de Jenna Ortega, dos de las protagonistas de esta nueva generaci\u00f3n.<\/p>\n<p>Por suerte, cuando parec\u00eda que el proyecto iba a quedarse en el olvido, la cosa remont\u00f3 recuperando a <strong>Neve Campbell<\/strong>, la protagonista original de la franquicia, y a <a href=\"https:\/\/www.hobbyconsolas.com\/noticias\/neve-campbell-confirma-estara-scream-7-tendra-kevin-williamson-direccion-1371851\" title=\"Neve Campbell confirma que estar\u00e1 en Scream 7, que tendr\u00e1 a Kevin Williamson en la direcci\u00f3n\" rel=\"nofollow noopener\" target=\"_blank\">Kevin Williamson<\/a>, co-creador de la saga que ahora ejercer\u00e1 las labores de direcci\u00f3n en la cinta.<\/p>\n<p>No solo eso, sino que tambi\u00e9n estar\u00e1 de vuelta <strong>Courteney Cox<\/strong> (la \u00fanica int\u00e9rprete que ha participado en todas las entregas de la franquicia), adem\u00e1s de recuperar a dos de los antiguos <strong>Ghostface<\/strong>, Matthew Lillard y Scott Foley.<\/p>\n<p><img alt=\"Estas son las mejores tablets para ver pel\u00edculas y series\" loading=\"lazy\" width=\"127\" height=\"74\" decoding=\"async\" data-nimg=\"1\" style=\"color:transparent\"  src=\"https:\/\/www.europesays.com\/es\/wp-content\/uploads\/2025\/09\/1758754989_727_teclast-m30-pro-2165281.jpg\"\/>Estas son las mejores tablets para ver pel\u00edculas y series<\/p>\n<p>Si sueles ver series cuando viajas o en varias partes de casa, estas tablets pueden ser buenas compa\u00f1eras para el consumo de entretenimiento.<\/p>\n<p><a class=\"product-button\" href=\"https:\/\/www.hobbyconsolas.com\/reportajes\/estas-son-mejores-tablets-ver-peliculas-series-estes-donde-estes-800065\" title=\"Estas son las mejores tablets para ver pel\u00edculas y series\" data-gacat=\"Tarjetas\" data-gaact=\"impresion-tarjeta\" target=\"_blank\" rel=\"noreferrer nofollow noopener\">Ver listado<\/a>Scream 7 desvela su logo oficial<\/p>\n<p>Por el momento <strong>los detalles de la trama de la nueva pel\u00edcula se mantienen en el m\u00e1s absoluto de los secretos<\/strong>, pero los fans ya andan expectantes por conocer de qu\u00e9 ir\u00e1 esta entrega y c\u00f3mo conectar\u00e1 con los antiguos asesinos de la saga.<\/p>\n<p>Con su estreno previsto a principios del a\u00f1o que viene, es cuesti\u00f3n de tiempo que tengamos un primer adelanto de la pel\u00edcula con el que ir haci\u00e9ndonos una idea de lo que podemos esperar en esta entrega.<\/p>\n<p>Mientras tanto, para ir abriendo boca,<strong> se ha desvelado cu\u00e1l ser\u00e1 el logo oficial de <\/strong><strong>Scream 7<\/strong>, el cual puedes echar un vistazo a continuaci\u00f3n.<\/p>\n<p>El elenco liderado por <a href=\"https:\/\/www.hobbyconsolas.com\/listas\/scream-queens-siglo-xxi-actrices-estan-despuntando-genero-terror-1430848\" title=\"Las Scream Queens del siglo XXI: actrices que est\u00e1n despuntando en el g\u00e9nero de terror\" rel=\"nofollow noopener\" target=\"_blank\">Neve Campbell<\/a> se completa con Celeste O&#8217;Connor, Mckenna Grace, Mason Gooding, Jasmin Savoy Brown, Anna Camp, Sam Rechner, Asa Germann, Mark Consuelos, Joel McHale y Michelle Randolph, entre otros.<\/p>\n<p>Bajo la producci\u00f3n de Paramount Pictures, Spyglass Entertainment, Project X Entertainment y Radio Silence, <strong>Scream 7<\/strong><strong> se estrena en las salas de cine de Espa\u00f1a el pr\u00f3ximo 27 de febrero de 2025<\/strong>. \u00bfTienes ganas de volver a ver a <a href=\"https:\/\/www.hobbyconsolas.com\/listas\/reglas-te-convertiran-proxima-victima-asesino-peliculas-terror-1299290\" title=\"Reglas que te convertir\u00e1n en la pr\u00f3xima v\u00edctima de un asesino, seg\u00fan las pel\u00edculas de terror\" rel=\"nofollow noopener\" target=\"_blank\">Ghostface<\/a> en la nueva <a href=\"https:\/\/www.hobbyconsolas.com\/listas\/10-peliculas-miedo-rodaje-aun-terrorifico-1333344\" title=\"10 pel\u00edculas de miedo que tuvieron un rodaje a\u00fan m\u00e1s terror\u00edfico\" rel=\"nofollow noopener\" target=\"_blank\">pel\u00edcula<\/a> de <strong>terror<\/strong>?<\/p>\n<p>Conoce <a href=\"https:\/\/www.hobbyconsolas.com\/como-trabajamos\" title=\"&quot;C\u00f3mo trabajamos en HobbyConsolas&quot;\" target=\"_blank\" rel=\"nofollow noopener\">c\u00f3mo trabajamos<\/a> en HobbyConsolas.<\/p>\n","protected":false},"excerpt":{"rendered":"Revelado el logo oficial de Scream 7, la siguiente entrega de la popular saga de terror slasher que&hellip;\n","protected":false},"author":2,"featured_media":151517,"comment_status":"","ping_status":"","sticky":false,"template":"","format":"standard","meta":{"footnotes":""},"categories":[169],"tags":[177,146,147,25,24,176,175,23],"class_list":{"0":"post-151516","1":"post","2":"type-post","3":"status-publish","4":"format-standard","5":"has-post-thumbnail","7":"category-cine","8":"tag-cine","9":"tag-entertainment","10":"tag-entretenimiento","11":"tag-es","12":"tag-espana","13":"tag-film","14":"tag-movies","15":"tag-spain"},"share_on_mastodon":{"url":"","error":""},"_links":{"self":[{"href":"https:\/\/www.europesays.com\/es\/wp-json\/wp\/v2\/posts\/151516","targetHints":{"allow":["GET"]}}],"collection":[{"href":"https:\/\/www.europesays.com\/es\/wp-json\/wp\/v2\/posts"}],"about":[{"href":"https:\/\/www.europesays.com\/es\/wp-json\/wp\/v2\/types\/post"}],"author":[{"embeddable":true,"href":"https:\/\/www.europesays.com\/es\/wp-json\/wp\/v2\/users\/2"}],"replies":[{"embeddable":true,"href":"https:\/\/www.europesays.com\/es\/wp-json\/wp\/v2\/comments?post=151516"}],"version-history":[{"count":0,"href":"https:\/\/www.europesays.com\/es\/wp-json\/wp\/v2\/posts\/151516\/revisions"}],"wp:featuredmedia":[{"embeddable":true,"href":"https:\/\/www.europesays.com\/es\/wp-json\/wp\/v2\/media\/151517"}],"wp:attachment":[{"href":"https:\/\/www.europesays.com\/es\/wp-json\/wp\/v2\/media?parent=151516"}],"wp:term":[{"taxonomy":"category","embeddable":true,"href":"https:\/\/www.europesays.com\/es\/wp-json\/wp\/v2\/categories?post=151516"},{"taxonomy":"post_tag","embeddable":true,"href":"https:\/\/www.europesays.com\/es\/wp-json\/wp\/v2\/tags?post=151516"}],"curies":[{"name":"wp","href":"https:\/\/api.w.org\/{rel}","templated":true}]}}