{"id":151518,"date":"2025-10-01T21:59:08","date_gmt":"2025-10-01T21:59:08","guid":{"rendered":"https:\/\/www.europesays.com\/es\/151518\/"},"modified":"2025-10-01T21:59:08","modified_gmt":"2025-10-01T21:59:08","slug":"renato-empata-para-el-villarreal-un-duelo-sin-tregua-ante-la-juventus-futbol-deportes","status":"publish","type":"post","link":"https:\/\/www.europesays.com\/es\/151518\/","title":{"rendered":"Renato empata para el Villarreal un duelo sin tregua ante la Juventus | F\u00fatbol | Deportes"},"content":{"rendered":"<p class=\"\">\u201cPido perd\u00f3n a mis compa\u00f1eros porque he perdido un bal\u00f3n\u201d, dijo Dani Parejo, cruzado de brazos, \u201cpero somos humanos y alguna vez fallamos\u201d. El capit\u00e1n del Villarreal hizo acto de contrici\u00f3n al cabo de un duelo trepidante en La Cer\u00e1mica. Un partido que comenz\u00f3 controlando el Villarreal hasta que un error de Parejo, que le entreg\u00f3 la pelota a Concei\u00e7ao, puso en bandeja el 1-2 y oblig\u00f3 a sus compa\u00f1eros a intentar la remontada por la v\u00eda heroica. Logr\u00f3 el empate Renato Veiga de cabeza, a la salida de un c\u00f3rner en el minuto 90, tras <a href=\"https:\/\/elpais.com\/deportes\/futbol\/2025-10-01\/la-juventus-pone-a-prueba-el-optimismo-de-marcelino.html\" target=\"_self\" rel=\"nofollow noopener\" title=\"https:\/\/elpais.com\/deportes\/futbol\/2025-10-01\/la-juventus-pone-a-prueba-el-optimismo-de-marcelino.html\">un largo asedio que premi\u00f3 la contumacia del equipo de Marcelino<\/a>. Despu\u00e9s de un gran esfuerzo, el Villarreal atrap\u00f3 su primer punto en esta Champions.<\/p>\n<p>                                                                                                                                                                                                                                                                                <img decoding=\"async\" title=\"Villarreal\" loading=\"lazy\" src=\"https:\/\/www.europesays.com\/es\/wp-content\/uploads\/2025\/10\/19.png\"  width=\"80\" height=\"80\" data-error-image=\"https:\/\/static.prisa.com\/aside\/resizer\/resize\/img\/sports\/football\/teams\/default.png?width=160&amp;height=160\"\/><\/p>\n<p>\n            2<\/p>\n<p>                                                                                                                                                                                                                                                                                                                                                                                                                                                                                                                                                                                                                                                                                                                                                                                                                                                                                                                                                                                                                                                                                                                                                                                                                                                                                                                                                                                                                                                                                                                                                                                                                                                                                                                                                                                                                                                                                                                                                                                                                                                                                                                                                                                                                                                                                                                                                                                                                                                                                                                                                                                                                                                                                                                                                                                                                                                                                                                                                                                                                                                                                                                                                                        Arnau Tenas, Rafa Mar\u00edn, Santiago Mouri\u00f1o, Renato Veiga, Alfonso Pedraza (Sergi Cardona, min. 75), Dani Parejo (Tani Oluwaseyi, min. 63), Santi Comesa\u00f1a, Pape Gueye, Georges Mikautadze (Ilias Akhomach, min. 75), Nicolas P\u00e9p\u00e9 y Tajon Buchanan (Alberto Moleiro, min. 63)<\/p>\n<p>\n            2<\/p>\n<p>                                                                                                                                                                                                                                                                                <img decoding=\"async\" title=\"Juventus\" loading=\"lazy\" src=\"https:\/\/www.europesays.com\/es\/wp-content\/uploads\/2025\/10\/29.png\"  width=\"80\" height=\"80\" data-error-image=\"https:\/\/static.prisa.com\/aside\/resizer\/resize\/img\/sports\/football\/teams\/default.png?width=160&amp;height=160\"\/><\/p>\n<p>                                                                                                                                                                                                                                                                                                                                                                                                                                                                                                                                                                                                                                                                                                                                                                                                                                                                                                                                                                                                                                                                                                                                                                                                                                                                                                                                                                                                                                                                                                                                                                                                                                                                                                                                                                                                                                                                                                                                                                                                                                                                                                                                                                                                                                                                                                                                                                                                                                                                                                                                                                                                                                                                                                                                                                                                                                                                                                                                                                                                                                                                                                                                                                                                                                                    Mattia Perin, Pierre Kalulu, Federico Gatti, Lloyd Kelly, Weston McKennie, Juan Cabal (Jo\u00e3o M\u00e1rio, min. 15), Andrea Cambiaso (Daniele Rugani, min. 78), Manuel Locatelli, Jonathan David (Dusan Vlahovic, min. 85), Kenan Yildiz (Vasilije Adzic, min. 79) y Teun Koopmeiners (Francisco Concei\u00e7\u00e3o, min. 45)<\/p>\n<p>\n            <b>Goles<\/b><br \/>\n                                                                                                        1-0 min. 17: Georges Mikautadze.                                                                                 1-1 min. 48: Federico Gatti.                                                                                 1-2 min. 55: Francisco Concei\u00e7\u00e3o.                                                                                 2-2 min. 89: Renato Veiga                    <\/p>\n<p>\n            <b>Arbitro<\/b> Istv\u00e1n Kov\u00e1cs<\/p>\n<p>Tarjetas amarillas<br \/>\n                                            Juan Cabal (min. 5),                                             Andrea Cambiaso (min. 76),                                             Ilias Chakkour (min. 84),                                             Francisco Concei\u00e7\u00e3o (min. 95)\n                <\/p>\n<p class=\"\">La Juventus, modelo secular de clase, sobriedad, continencia, orden y templanza, ha derivado en un conjunto de jugadores agitados, demasiado inseguros tras una d\u00e9cada de confusi\u00f3n institucional como para no dejarse intimidar por la puesta en escena de La Cer\u00e1mica. La calma, el saber estar, la convicci\u00f3n en la tarea y en la misi\u00f3n, correspondieron al Villarreal en la entrada a un partido que el pueblo acogi\u00f3 con la emoci\u00f3n de las fiestas equinocciales. El equipo castellonense se encontr\u00f3 en su elemento en el regreso de la Champions, y, sobre todo, desde que Tudor envi\u00f3 a sus hombres a presionar m\u00e1s arriba de lo que acostumbran. Cada minuto del equipo italiano, instalado en su dudoso bloque medio, era un minuto consagrado a la felicidad de Parejo y su cuadrilla de corredores \u00e1vidos de atacar la espalda de Gatti.<\/p>\n<p class=\"\">Con Comesa\u00f1a entre l\u00edneas para apoyar los ataques vertiginosos de P\u00e9p\u00e9 en acciones r\u00e1pidas y sencillas, los defensas y los pivotes de la Juventus comenzaron a angustiarse. Sent\u00edan que cualquier paso en falso provocar\u00eda un contragolpe destructivo del Villarreal. Fue exactamente lo que sucedi\u00f3 cuando Parejo se asoci\u00f3 con Comesa\u00f1a, que se instal\u00f3 entre los centrales solo para bajar al mediocampo en un desmarque fulgurante que volvi\u00f3 a habilitar a Parejo, esta vez con el horizonte despejado. Con Kelly fuera de zona en persecuci\u00f3n de Comesa\u00f1a, el mediocampista madrile\u00f1o encontr\u00f3 libre a <a href=\"https:\/\/elpais.com\/deportes\/eurocopa-futbol\/2024-06-27\/georges-mikautadze-el-goleador-desconocido-de-la-eurocopa.html\" target=\"_self\" rel=\"nofollow noopener\" title=\"https:\/\/elpais.com\/deportes\/eurocopa-futbol\/2024-06-27\/georges-mikautadze-el-goleador-desconocido-de-la-eurocopa.html\">Mikautadze, listo y veloz para marcarle el pase a Parejo<\/a>. El georgiano se plant\u00f3 en el \u00e1rea metido entre los centrales, y con la ayuda de P\u00e9p\u00e9, atento para asociarse, abri\u00f3 el marcador.<\/p>\n<p class=\"\">El 1-0 inflam\u00f3 al p\u00fabico, reafirm\u00f3 la confianza de los jugadores locales, y provoc\u00f3 un estado de revuelta en los visitantes. La desesperaci\u00f3n de verse derrotados a\u00f1adi\u00f3 a Yildiz y sus compa\u00f1eros el punto de convicci\u00f3n que necesitaban para salir del estupor. Donde antes predominaban las faltas t\u00e1cticas y las interrupciones, comenzaron a sucederse las intercepciones limpias y las transiciones. El descontrol fue patente. Pedraza aprovech\u00f3 un desajuste defensivo para poner a prueba a Perin, que no pudo blocar el trallazo. El bal\u00f3n peg\u00f3 en el palo. <\/p>\n<p class=\"\">El Villarreal pudo matar el partido en la primera mitad. No lo hizo. Tudor quit\u00f3 a Koopmeiners y cuando la Juve sali\u00f3 del vestuario lo hizo con la dinamita que le proporcion\u00f3 Chico Concei\u00e7ao. El extremo comenz\u00f3 por desbordar a Pedraza por la derecha y su asistencia a David en el segundo palo no se convirti\u00f3 en el empate porque el estadounidense, solo en el segundo palo, remat\u00f3 con el pie equivocado. Subida a la ola de Concei\u00e7ao, la Juventus se instal\u00f3 en el \u00e1rea del gol norte y comenz\u00f3 a facturar. <\/p>\n<p class=\"\">Gatti, con una chilena inveros\u00edmil, remat\u00f3 el saque de banda que pein\u00f3 Kelly. Fue el 1-1. Antesala de una crisis inesperada que comenz\u00f3 cuando P\u00e9p\u00e9 <a href=\"https:\/\/elpais.com\/deportes\/2021-11-23\/dani-parejo-nunca-deje-de-jugar-y-de-aprender-en-la-calle.html\" target=\"_self\" rel=\"nofollow noopener\" title=\"https:\/\/elpais.com\/deportes\/2021-11-23\/dani-parejo-nunca-deje-de-jugar-y-de-aprender-en-la-calle.html\">dej\u00f3 solo a Parejo para que fusilara a Perin<\/a>. El mediocentro la mand\u00f3 a la grada y la frustraci\u00f3n que sinti\u00f3 al fallar el 2-1 lo desencaj\u00f3. En la siguiente jugada entreg\u00f3 el bal\u00f3n a Renato sin percatarse de que Concei\u00e7ao estaba emboscado. El robo precipit\u00f3 el 1-2 y transform\u00f3 el escenario por completo. Forzados una lucha inesperada por remontar, los jugadores del Villarreal no decepcionaron. A fuerza de empuje y ambici\u00f3n, se llevaron el empate con el gol de Renato.<\/p>\n","protected":false},"excerpt":{"rendered":"\u201cPido perd\u00f3n a mis compa\u00f1eros porque he perdido un bal\u00f3n\u201d, dijo Dani Parejo, cruzado de brazos, \u201cpero somos&hellip;\n","protected":false},"author":2,"featured_media":151519,"comment_status":"","ping_status":"","sticky":false,"template":"","format":"standard","meta":{"footnotes":""},"categories":[93],"tags":[1241,1540,168,1539,25,24,282,1538,15829,23,167,9607],"class_list":{"0":"post-151518","1":"post","2":"type-post","3":"status-publish","4":"format-standard","5":"has-post-thumbnail","7":"category-deportes","8":"tag-champions-league","9":"tag-competiciones","10":"tag-deportes","11":"tag-entrenadores","12":"tag-es","13":"tag-espana","14":"tag-futbol","15":"tag-futbolistas","16":"tag-juventus","17":"tag-spain","18":"tag-sports","19":"tag-villarreal-cf"},"share_on_mastodon":{"url":"","error":""},"_links":{"self":[{"href":"https:\/\/www.europesays.com\/es\/wp-json\/wp\/v2\/posts\/151518","targetHints":{"allow":["GET"]}}],"collection":[{"href":"https:\/\/www.europesays.com\/es\/wp-json\/wp\/v2\/posts"}],"about":[{"href":"https:\/\/www.europesays.com\/es\/wp-json\/wp\/v2\/types\/post"}],"author":[{"embeddable":true,"href":"https:\/\/www.europesays.com\/es\/wp-json\/wp\/v2\/users\/2"}],"replies":[{"embeddable":true,"href":"https:\/\/www.europesays.com\/es\/wp-json\/wp\/v2\/comments?post=151518"}],"version-history":[{"count":0,"href":"https:\/\/www.europesays.com\/es\/wp-json\/wp\/v2\/posts\/151518\/revisions"}],"wp:featuredmedia":[{"embeddable":true,"href":"https:\/\/www.europesays.com\/es\/wp-json\/wp\/v2\/media\/151519"}],"wp:attachment":[{"href":"https:\/\/www.europesays.com\/es\/wp-json\/wp\/v2\/media?parent=151518"}],"wp:term":[{"taxonomy":"category","embeddable":true,"href":"https:\/\/www.europesays.com\/es\/wp-json\/wp\/v2\/categories?post=151518"},{"taxonomy":"post_tag","embeddable":true,"href":"https:\/\/www.europesays.com\/es\/wp-json\/wp\/v2\/tags?post=151518"}],"curies":[{"name":"wp","href":"https:\/\/api.w.org\/{rel}","templated":true}]}}