{"id":151526,"date":"2025-10-01T22:05:24","date_gmt":"2025-10-01T22:05:24","guid":{"rendered":"https:\/\/www.europesays.com\/es\/151526\/"},"modified":"2025-10-01T22:05:24","modified_gmt":"2025-10-01T22:05:24","slug":"por-eso-era-el-mejor-orador-del-congreso","status":"publish","type":"post","link":"https:\/\/www.europesays.com\/es\/151526\/","title":{"rendered":"por eso era el mejor orador del Congreso"},"content":{"rendered":"<p>Todav\u00eda resuenan por el Pa\u00eds Vasco <a href=\"https:\/\/www.huffingtonpost.es\/virales\/para-inaki-lopez-hecho-ayuso-ana-rosa-quintana-lo-ultimo-politica-mal.html\" target=\"_blank\" rel=\"nofollow noopener\">las declaraciones de Isabel D\u00edaz Ayuso<\/a> de este lunes en El programa de Ana Rosa, en Telecinco. All\u00ed, la presidenta de la Comunidad de Madrid acus\u00f3 al lehendakari, Imanol Pradales, del PNV, de incitar a la violencia contra ella al usar un antiguo lema de ETA, algo que no es verdad.\u00a0<\/p>\n<p>\u00abEl lehendakari me mand\u00f3 <a href=\"https:\/\/www.huffingtonpost.es\/virales\/aimar-bretos-arrasa-desmontar-dos-minutos-amenaza-denuncio-ayuso-eso-mentira.html\" target=\"_blank\" rel=\"nofollow noopener\">un recado un tanto preocupante<\/a> porque lo de <b>&#8216;Ayuso entzun, pim pam pum&#8217;, que es lo que vino a decir y es lo que se dec\u00eda anta\u00f1o<\/b>, me parece preocupante. Y este es socio del Gobierno tambi\u00e9n\u00bb, dijo Ayuso en Telecinco.\u00a0<\/p>\n<p>Como bien le recordaron a la dirigente del PP, lo que realmente dijo el lehendakari fue\u00a0\u00abAyuso entzun, Euskadi euskaldun\u00bb, algo as\u00ed como \u00abAyuso, escucha, Euskadi habla euskera\u00bb o \u00abEuskadi es vasca\u00bb.<\/p>\n<p>Pradales tambi\u00e9n ha querido responder a Ayuso. El dirigente vasco considera <b>\u00abindignante e inaceptable\u00bb<\/b> que la presidenta de la Comunidad de Madrid haya manipulado \u00abburdamente\u00bb sus palabras para denunciar amenazas, le ha pedido respeto a Euskadi, a su lengua y su identidad, y ha censurado que haga \u00abantipol\u00edtica\u00bb: \u00abNo todo vale\u00bb.<\/p>\n<p>\u00abYo estaba haciendo una defensa del euskera y una petici\u00f3n p\u00fablica de respeto hacia nuestra lengua y, sinceramente, si le incomod\u00f3, lo siento. Ahora bien, en pol\u00edtica no todo vale, en la vida no todo vale. Yo creo que lo que escuchamos ayer en boca de la se\u00f1ora Ayuso en esa entrevista, lo primero es muy triste, porque es una forma de entender la pol\u00edtica que yo no comparto en absoluto\u00bb, ha afirmado en Radio Popular.\u00a0<\/p>\n<p>A las cr\u00edticas a Ayuso se ha sumado el presidente del PNV, Aitor Esteban, conocido por Madrid por su oratoria durante su etapa como diputado en el Congreso durante varias legislaturas.\u00a0<\/p>\n<p>\u00abPor si alguien ten\u00eda alguna duda: no es ignorancia, es mala fe. Es su forma de hacer pol\u00edtica. Nosotros y nosotras representamos otra manera, muy distinta, de hacer pol\u00edtica y siempre estamos y estaremos en la defensa de nuestro Pa\u00eds, de nuestra lengua y nuestra identidad. Aurrera, Lehendakari!\u00bb, ha espetado Esteban en X.\u00a0<\/p>\n","protected":false},"excerpt":{"rendered":"Todav\u00eda resuenan por el Pa\u00eds Vasco las declaraciones de Isabel D\u00edaz Ayuso de este lunes en El programa&hellip;\n","protected":false},"author":2,"featured_media":151527,"comment_status":"","ping_status":"","sticky":false,"template":"","format":"standard","meta":{"footnotes":""},"categories":[8],"tags":[41504,17,18,25,24,13,14,11,3515,19,20,9,10,15,16,23,12,21,22],"class_list":{"0":"post-151526","1":"post","2":"type-post","3":"status-publish","4":"format-standard","5":"has-post-thumbnail","7":"category-espana","8":"tag-aitor-esteban","9":"tag-breaking-news","10":"tag-breakingnews","11":"tag-es","12":"tag-espana","13":"tag-featured-news","14":"tag-featurednews","15":"tag-headlines","16":"tag-isabel-diaz-ayuso","17":"tag-latest-news","18":"tag-latestnews","19":"tag-news","20":"tag-noticias","21":"tag-noticias-destacadas","22":"tag-noticiasdestacadas","23":"tag-spain","24":"tag-titulares","25":"tag-ultimas-noticias","26":"tag-ultimasnoticias"},"share_on_mastodon":{"url":"","error":""},"_links":{"self":[{"href":"https:\/\/www.europesays.com\/es\/wp-json\/wp\/v2\/posts\/151526","targetHints":{"allow":["GET"]}}],"collection":[{"href":"https:\/\/www.europesays.com\/es\/wp-json\/wp\/v2\/posts"}],"about":[{"href":"https:\/\/www.europesays.com\/es\/wp-json\/wp\/v2\/types\/post"}],"author":[{"embeddable":true,"href":"https:\/\/www.europesays.com\/es\/wp-json\/wp\/v2\/users\/2"}],"replies":[{"embeddable":true,"href":"https:\/\/www.europesays.com\/es\/wp-json\/wp\/v2\/comments?post=151526"}],"version-history":[{"count":0,"href":"https:\/\/www.europesays.com\/es\/wp-json\/wp\/v2\/posts\/151526\/revisions"}],"wp:featuredmedia":[{"embeddable":true,"href":"https:\/\/www.europesays.com\/es\/wp-json\/wp\/v2\/media\/151527"}],"wp:attachment":[{"href":"https:\/\/www.europesays.com\/es\/wp-json\/wp\/v2\/media?parent=151526"}],"wp:term":[{"taxonomy":"category","embeddable":true,"href":"https:\/\/www.europesays.com\/es\/wp-json\/wp\/v2\/categories?post=151526"},{"taxonomy":"post_tag","embeddable":true,"href":"https:\/\/www.europesays.com\/es\/wp-json\/wp\/v2\/tags?post=151526"}],"curies":[{"name":"wp","href":"https:\/\/api.w.org\/{rel}","templated":true}]}}