{"id":151528,"date":"2025-10-01T22:06:09","date_gmt":"2025-10-01T22:06:09","guid":{"rendered":"https:\/\/www.europesays.com\/es\/151528\/"},"modified":"2025-10-01T22:06:09","modified_gmt":"2025-10-01T22:06:09","slug":"el-once-del-psg-con-el-centro-del-campo-de-siempre-y-un-ataque-nuevo","status":"publish","type":"post","link":"https:\/\/www.europesays.com\/es\/151528\/","title":{"rendered":"El once del PSG, con el centro del campo de siempre y un ataque nuevo"},"content":{"rendered":"<p data-gtm-element-container=\"modulo-texto-link\" class=\"paragraph\">La bajas por lesi\u00f3n de <strong>Ousmane Demb\u00e9l\u00e9, D\u00e9sir\u00e9 Dou\u00e9,\u00a0Khvicha Kvaratskhelia y Marquinhos<\/strong>, principalmente porque los tres primeros suelen formar un tridente titular con el exazulgrana de &#8216;falso &#8216;9&#8217;, condicionaron la alineaci\u00f3n de <strong>Luis Enrique<\/strong> ante el Bar\u00e7a en el Estadi Ol\u00edmpic Llu\u00eds Companys de Montju\u00efc. Finalmente pudo contar con <strong>Fabi\u00e1n Ruiz y Vitinha <\/strong>pese a las molestias con las que llegaban, pero <strong>Joao Neves<\/strong>, anunciado en principio, no se sinti\u00f3 bien en el calentamiento reci\u00e9n salido de lesi\u00f3n y dej\u00f3 su plaza a <strong>Za\u00efre-Emery<\/strong>.<\/p>\n<p data-gtm-element-container=\"modulo-texto-link\" class=\"paragraph\">Finalmente, el t\u00e9cnico asturiano se decant\u00f3 por el siguiente once: <strong>Chevalier; Hakimi, Pacho, Zabarnyi, Nuno Mendes; Fabi\u00e1n Ruiz, Vitinha, Za\u00efre-Emery; Mbaye, Mayulu y Barcola<\/strong>.<\/p>\n<p data-gtm-element-container=\"modulo-texto-link\" class=\"paragraph\">Destaca la presencia de los j\u00f3venes <strong>Ibrahim Mbaye<\/strong> (extremo de 17 a\u00f1os) y<strong> Senny Mayulu<\/strong> (mediapunta de 19), quienes ya fueron titulares el pasado s\u00e1bado en Ligue 1 ante el Auxerre.<\/p>\n<p>    Lee tambi\u00e9n<\/p>\n<p data-gtm-element-container=\"modulo-texto-link\" class=\"paragraph\">En el banquillo se quedan los porteros <strong>Safonov y Renato Mar\u00edn<\/strong>, los defensas <strong>Beraldo <\/strong>y<strong> Lucas Hern\u00e1ndez<\/strong>, los centrocampistas <strong>Joao Neves\u00a0y Jangeal<\/strong> y los delanteros <strong>Kang-In Lee, Ndjantou y Gonz\u00e7alo Ramos<\/strong>.<\/p>\n","protected":false},"excerpt":{"rendered":"La bajas por lesi\u00f3n de Ousmane Demb\u00e9l\u00e9, D\u00e9sir\u00e9 Dou\u00e9,\u00a0Khvicha Kvaratskhelia y Marquinhos, principalmente porque los tres primeros suelen&hellip;\n","protected":false},"author":2,"featured_media":151529,"comment_status":"","ping_status":"","sticky":false,"template":"","format":"standard","meta":{"footnotes":""},"categories":[5],"tags":[17,18,25,24,13,14,11,19,20,9,10,15,16,23,12,21,22],"class_list":{"0":"post-151528","1":"post","2":"type-post","3":"status-publish","4":"format-standard","5":"has-post-thumbnail","7":"category-titulares","8":"tag-breaking-news","9":"tag-breakingnews","10":"tag-es","11":"tag-espana","12":"tag-featured-news","13":"tag-featurednews","14":"tag-headlines","15":"tag-latest-news","16":"tag-latestnews","17":"tag-news","18":"tag-noticias","19":"tag-noticias-destacadas","20":"tag-noticiasdestacadas","21":"tag-spain","22":"tag-titulares","23":"tag-ultimas-noticias","24":"tag-ultimasnoticias"},"share_on_mastodon":{"url":"","error":""},"_links":{"self":[{"href":"https:\/\/www.europesays.com\/es\/wp-json\/wp\/v2\/posts\/151528","targetHints":{"allow":["GET"]}}],"collection":[{"href":"https:\/\/www.europesays.com\/es\/wp-json\/wp\/v2\/posts"}],"about":[{"href":"https:\/\/www.europesays.com\/es\/wp-json\/wp\/v2\/types\/post"}],"author":[{"embeddable":true,"href":"https:\/\/www.europesays.com\/es\/wp-json\/wp\/v2\/users\/2"}],"replies":[{"embeddable":true,"href":"https:\/\/www.europesays.com\/es\/wp-json\/wp\/v2\/comments?post=151528"}],"version-history":[{"count":0,"href":"https:\/\/www.europesays.com\/es\/wp-json\/wp\/v2\/posts\/151528\/revisions"}],"wp:featuredmedia":[{"embeddable":true,"href":"https:\/\/www.europesays.com\/es\/wp-json\/wp\/v2\/media\/151529"}],"wp:attachment":[{"href":"https:\/\/www.europesays.com\/es\/wp-json\/wp\/v2\/media?parent=151528"}],"wp:term":[{"taxonomy":"category","embeddable":true,"href":"https:\/\/www.europesays.com\/es\/wp-json\/wp\/v2\/categories?post=151528"},{"taxonomy":"post_tag","embeddable":true,"href":"https:\/\/www.europesays.com\/es\/wp-json\/wp\/v2\/tags?post=151528"}],"curies":[{"name":"wp","href":"https:\/\/api.w.org\/{rel}","templated":true}]}}