{"id":15153,"date":"2025-07-31T00:57:08","date_gmt":"2025-07-31T00:57:08","guid":{"rendered":"https:\/\/www.europesays.com\/es\/15153\/"},"modified":"2025-07-31T00:57:08","modified_gmt":"2025-07-31T00:57:08","slug":"jose-morente-llama-a-ir-a-los-toros-con-ilusion-para-vivir-el-milagro-del-toreo","status":"publish","type":"post","link":"https:\/\/www.europesays.com\/es\/15153\/","title":{"rendered":"Jos\u00e9 Morente llama a ir a los toros con \u00abilusi\u00f3n\u00bb para \u00abvivir el milagro del toreo\u00bb"},"content":{"rendered":"<p>El arquitecto y aficionado Jos\u00e9 Morente ha hecho esta noche un llamamiento a acudir a las plazas de toros en general y a la de  &#8230; M\u00e1laga en particular con \u00abilusi\u00f3n\u00bb para \u00abvivir el milagro del toreo\u00bb durante el preg\u00f3n de la feria taurina de la capital celebrado en los jardines del Colegio de la Arquitectura T\u00e9cnica y que cumple su XXI edici\u00f3n. <\/p>\n<p class=\"v-p\">\u00abA los toros, en M\u00e1laga, no se va a sufrir, se va a emocionarse, a disfrutar, a vivir el milagro del toreo con la ilusi\u00f3n de un ni\u00f1o y el saber de un anciano\u00bb, ha afirmado Morente durante una disertaci\u00f3n amena, con toques de humor, trufada de an\u00e9cdotas y did\u00e1ctica, donde ha dejado patente sus profundos conocimientos hist\u00f3ricos y t\u00e9cnicos sobre la tauromaquia. <\/p>\n<p class=\"v-p\">El actual gerente de la Gerencia Municipal de Urbanismo (GMU) ha hecho un recorrido por la evoluci\u00f3n del torero deteni\u00e9ndose en la figura de Paquiro, quien en el siglo XIX fue el encargado de organizar el toreo estableciendo el papel de las cuadrillas y los roles que cada uno deb\u00eda tener en el ruedo e impulsando la reglamentaci\u00f3n. En este punto, el pregonero ha destacado que M\u00e1laga fue la pionera en aplicar un reglamento taurino en su plaza en 1847 bajo el impulso del entones gobernador civil Melchor Ord\u00f3\u00f1ez. <\/p>\n<p>Repaso por la historia<\/p>\n<p class=\"v-p\">En esa visita oral a las p\u00e1ginas de la historia taurina de la capital, Jos\u00e9 Morente se detuvo en las diferentes plazas que tuvo la ciudad desde que en 1492 se celebr\u00f3 el primer festejo en la plaza de las Cuatro Calles (hoy de la Constituci\u00f3n) y ha reflexionado sobre la evoluci\u00f3n de las suertes taurinas y de c\u00f3mo la de varas y la estocada, que en sus or\u00edgenes eran las esenciales, han cedido ese protagonismo a d\u00eda de hoy a las de capote y muleta. <\/p>\n<p class=\"v-p\">Sobre el gran protagonista de la tauromaquia, Morente ha defendido un toro \u00ab\u00e1gil, atl\u00e9tico y bien proporcionado\u00bb y ha denunciado que se ha ido sacando al toro de tipo lo que ha sido motivo de la desaparici\u00f3n de encastes y ganader\u00edas. \u00abHemos creado un elefante con cuernos, pero el toro lo que tiene que estar es vareado\u00bb, ha remarcado. <\/p>\n<p class=\"v-p\">El autor del blog &#8216;La raz\u00f3n incorp\u00f3rea&#8217;, donde escribe sobre toros y flamenco y dos de sus referentes en estos \u00e1mbitos (el diestro Joselito y el cantaor Antonio de Mairena), ha invitado al p\u00fablico a que confeccionase su cartel estrella entre toreros que ha mencionado porque dejaron huella en M\u00e1laga como Manolo Segura, Antonio Ord\u00f3\u00f1ez, Paquirri, El Monaguillo, Jos\u00e9 Mar\u00eda Manzanares, Paco Ojeda, Paco Camino, Antonio Jos\u00e9 Gal\u00e1n, Miguel M\u00e1rquez, Curro Romero, Rafael de Paula, Javier Conde, Jos\u00e9 Tom\u00e1s, El Juli, Fortes o Morante. Sobre sus preferencias, el pregonero s\u00f3lo se ha mojado al decantarse por la ganader\u00eda de Pablo Romero.<\/p>\n<p><img decoding=\"async\" loading=\"lazy\" src=\"https:\/\/www.europesays.com\/es\/wp-content\/uploads\/2025\/07\/toros-U01723535712bUO-748x524@Diario Sur.JPG\" class=\"v-a-img\" width=\"748\" height=\"524\" alt=\"Las autoridades asistentes al acto.\" data-voc-vtm-id=\"in-text-traffic\"\/><\/p>\n<p>Las autoridades asistentes al acto.<\/p>\n<p>\u00f1ito salas<\/p>\n<p><img loading=\"lazy\" decoding=\"async\" src=\"https:\/\/www.europesays.com\/es\/wp-content\/uploads\/2025\/07\/toros-U01723535712bUO-748x524@Diario Sur.JPG\" class=\"v-mdl__img-z\" width=\"748\" height=\"524\" alt=\"\"\/><\/p>\n<p class=\"v-p\">En cuanto a los toreros, Jos\u00e9 Morente se ha detenido en los diestros que forman la base de la pr\u00f3xima feria taurina de la capital por actuar dos tardes. De Fortes ha dicho que es quien a d\u00eda de hoy \u00abhace el toreo m\u00e1s puro\u00bb en las plazas, mientras que de Morante de la Puebla ha destacado que es \u00abun torero m\u00e1gico que ha tra\u00eddo a la fiesta una nueva \u00e9poca con un concepto antiguo y a\u00f1ejo reviviendo suertes olvidadas con un duende nuevo\u00bb. <\/p>\n<p class=\"v-p\">Morente se ha detenido tambi\u00e9n en analizar y contrastar los diferentes ambientes y comportamientos de los p\u00fablicos en plazas como Pamplona (definida por el bullicio), Sevilla (marcada por el silencio) y Madrid (donde predomina la exigencia) para poner en valor que M\u00e1laga tiene un estilo propio: \u00abUn p\u00fablico que va a los toros con alegr\u00eda, desde el paseo por El Parque hasta el respeto en la plaza, sabiendo ver, sentir y valorar el toreo desde el alma\u00bb. <\/p>\n<p class=\"v-p\">El pregonero ha hecho una firme defensa de la tauromaquia como expresi\u00f3n culta y popular, respaldada por la historia, la literatura y las artes y ha reivindicado el legado intelectual y art\u00edstico del toreo \u00abfrente a los intentos revisionistas de la historia\u00bb, donde ha criticado los intentos de borrar a la figura de Ignacio S\u00e1nchez Mej\u00eda de los actos con motivo del centenario de la Generaci\u00f3n del 27, de la que el torero sevillano fue el impulsor. <\/p>\n<p>\nReivindica la tauromaquia como una expresi\u00f3n culta y popular y denuncia los intentos \u00abrevisionistas de la historia\u00bb\n<\/p>\n<p class=\"v-p\">El alcalde de M\u00e1laga, Francisco de la Torre, ha sido el encargado de presentar al pregonero, a quien ha definido como un \u00absuper experto, que sabe much\u00edsimo de toros y que tiene pasi\u00f3n por el toreo\u00bb. <\/p>\n<p class=\"v-p\">El acto lo ha abierto la presidenta del Colegio de la Arquitectura T\u00e9cnica, Leonor Mu\u00f1oz Pastrana, quien ha estado acompa\u00f1ada en la mesa presidencial por la delegada de la Junta en M\u00e1laga, Patricia Navarro, el subdelegado del Gobierno en la provincia, Javier Salas, y la diputada de Fomento de la Diputaci\u00f3n, Nieves Atencia, quienes en sus intervenciones han hecho una defensa de la tauromaquia y sus valores.<\/p>\n<p class=\"v-p\">La parte musical ha corrido a cargo de la Banda Municipal de M\u00fasica que ha interpretado de forma magistral los pasodobles &#8216;Gallito&#8217; y, especialmente, &#8216;La Concha Flamenca&#8217;, que ha levantado de sus asientos al numeroso p\u00fablico asistente. <\/p>\n","protected":false},"excerpt":{"rendered":"El arquitecto y aficionado Jos\u00e9 Morente ha hecho esta noche un llamamiento a acudir a las plazas de&hellip;\n","protected":false},"author":2,"featured_media":15154,"comment_status":"","ping_status":"","sticky":false,"template":"","format":"standard","meta":{"footnotes":""},"categories":[277],"tags":[373,168,25,24,3814,2467,8500,10095,7341,23,167,374,444,1284],"class_list":{"0":"post-15153","1":"post","2":"type-post","3":"status-publish","4":"format-standard","5":"has-post-thumbnail","7":"category-toreo","8":"tag-bullfighting","9":"tag-deportes","10":"tag-es","11":"tag-espana","12":"tag-ilusion","13":"tag-jose","14":"tag-llama","15":"tag-milagro","16":"tag-morente","17":"tag-spain","18":"tag-sports","19":"tag-toreo","20":"tag-toros","21":"tag-vivir"},"share_on_mastodon":{"url":"","error":""},"_links":{"self":[{"href":"https:\/\/www.europesays.com\/es\/wp-json\/wp\/v2\/posts\/15153","targetHints":{"allow":["GET"]}}],"collection":[{"href":"https:\/\/www.europesays.com\/es\/wp-json\/wp\/v2\/posts"}],"about":[{"href":"https:\/\/www.europesays.com\/es\/wp-json\/wp\/v2\/types\/post"}],"author":[{"embeddable":true,"href":"https:\/\/www.europesays.com\/es\/wp-json\/wp\/v2\/users\/2"}],"replies":[{"embeddable":true,"href":"https:\/\/www.europesays.com\/es\/wp-json\/wp\/v2\/comments?post=15153"}],"version-history":[{"count":0,"href":"https:\/\/www.europesays.com\/es\/wp-json\/wp\/v2\/posts\/15153\/revisions"}],"wp:featuredmedia":[{"embeddable":true,"href":"https:\/\/www.europesays.com\/es\/wp-json\/wp\/v2\/media\/15154"}],"wp:attachment":[{"href":"https:\/\/www.europesays.com\/es\/wp-json\/wp\/v2\/media?parent=15153"}],"wp:term":[{"taxonomy":"category","embeddable":true,"href":"https:\/\/www.europesays.com\/es\/wp-json\/wp\/v2\/categories?post=15153"},{"taxonomy":"post_tag","embeddable":true,"href":"https:\/\/www.europesays.com\/es\/wp-json\/wp\/v2\/tags?post=15153"}],"curies":[{"name":"wp","href":"https:\/\/api.w.org\/{rel}","templated":true}]}}