{"id":151530,"date":"2025-10-01T22:07:39","date_gmt":"2025-10-01T22:07:39","guid":{"rendered":"https:\/\/www.europesays.com\/es\/151530\/"},"modified":"2025-10-01T22:07:39","modified_gmt":"2025-10-01T22:07:39","slug":"comenzo-la-parte-final-de-las-virgenes-en-este-2025","status":"publish","type":"post","link":"https:\/\/www.europesays.com\/es\/151530\/","title":{"rendered":"Comenz\u00f3 la parte final de Las V\u00edrgenes en este 2025"},"content":{"rendered":"<p>Con la disputa de la primera fecha de la fase final, dio comienzo el torneo que cerrara este a\u00f1o deportivo en el complejo de Las Canchitas.<\/p>\n<p><img loading=\"lazy\" decoding=\"async\" class=\"alignnone size-full wp-image-94401\" src=\"https:\/\/toquedeportivo.com\/wp-content\/uploads\/2025\/09\/LAS-VIRGENES-6\u00b0_40.jpg\" alt=\"\" width=\"711\" height=\"400\"\/><img loading=\"lazy\" decoding=\"async\" class=\"alignnone  wp-image-68297\" src=\"https:\/\/www.europesays.com\/es\/wp-content\/uploads\/2025\/08\/cameruccio.jpg\" alt=\"\" width=\"805\" height=\"131\"\/><img loading=\"lazy\" decoding=\"async\" class=\"alignnone size-full wp-image-94400\" src=\"https:\/\/toquedeportivo.com\/wp-content\/uploads\/2025\/09\/LAS-VIRGENES-6\u00b0_39.jpg\" alt=\"\" width=\"711\" height=\"400\"\/><\/p>\n<p>Una tarde llena de goles, amigos, familia y buena onda, en que los equipos se sacaron chispas, se llenaron de situaciones de gol, y brindaron buenos espect\u00e1culos.<\/p>\n<p><img loading=\"lazy\" decoding=\"async\" class=\"alignnone size-full wp-image-94399\" src=\"https:\/\/toquedeportivo.com\/wp-content\/uploads\/2025\/09\/LAS-VIRGENES-6\u00b0_38.jpg\" alt=\"\" width=\"710\" height=\"400\"\/><img loading=\"lazy\" decoding=\"async\" class=\"alignnone size-full wp-image-67193\" src=\"https:\/\/www.europesays.com\/es\/wp-content\/uploads\/2025\/08\/robertino-1.jpg\" alt=\"\" width=\"1200\" height=\"160\"  \/><img loading=\"lazy\" decoding=\"async\" class=\"alignnone size-full wp-image-94427\" src=\"https:\/\/toquedeportivo.com\/wp-content\/uploads\/2025\/09\/LAS-VIRGENES-6\u00b0_66.jpg\" alt=\"\" width=\"710\" height=\"400\"\/><\/p>\n<p>En la zona campeonato de los Libres, Buenos Muchachos pic\u00f3 en punta y en soledad, al ganarle a Los Moyos por la m\u00ednima, y aprovechar el empate del campe\u00f3n, Distintos y Vimar 1 a 1, como as\u00ed tambi\u00e9n el otro empate de la tarde, en el mejor partido sin duads del s\u00e1bado entre Cameruccio Motos y Punto Carnes, quienes finalizaron pardas en cuatro. Delanteros picantes y defensores atornillados, sellaron el combo perfecto para que se llenaran a goles.<\/p>\n<p><img loading=\"lazy\" decoding=\"async\" class=\"alignnone size-full wp-image-94365\" src=\"https:\/\/toquedeportivo.com\/wp-content\/uploads\/2025\/09\/LAS-VIRGENES-6\u00b0_4.jpg\" alt=\"\" width=\"710\" height=\"400\"\/><img loading=\"lazy\" decoding=\"async\" class=\"size-full wp-image-84234 aligncenter\" src=\"https:\/\/www.europesays.com\/es\/wp-content\/uploads\/2025\/08\/eltrevol.jpg\" alt=\"\" width=\"431\" height=\"260\"\/><img loading=\"lazy\" decoding=\"async\" class=\"alignnone size-full wp-image-94363\" src=\"https:\/\/toquedeportivo.com\/wp-content\/uploads\/2025\/09\/LAS-VIRGENES-6\u00b0_2.jpg\" alt=\"\" width=\"711\" height=\"400\"\/><\/p>\n<p>Agregamos un pedido a quien encuentre dos pares de manos con guantes que se habr\u00edan perdido en el transcurso del partido.<\/p>\n<p><img loading=\"lazy\" decoding=\"async\" class=\"alignnone size-full wp-image-94373\" src=\"https:\/\/toquedeportivo.com\/wp-content\/uploads\/2025\/09\/LAS-VIRGENES-6\u00b0_12.jpg\" alt=\"\" width=\"708\" height=\"400\"\/><img loading=\"lazy\" decoding=\"async\" class=\"alignnone  wp-image-68094\" src=\"https:\/\/www.europesays.com\/es\/wp-content\/uploads\/2025\/08\/Radiadores.jpg\" alt=\"\" width=\"712\" height=\"116\"\/><img loading=\"lazy\" decoding=\"async\" class=\"alignnone size-full wp-image-94374\" src=\"https:\/\/toquedeportivo.com\/wp-content\/uploads\/2025\/09\/LAS-VIRGENES-6\u00b0_13.jpg\" alt=\"\" width=\"711\" height=\"400\"\/><\/p>\n<p>En la zona BAJA de los Libres, comenzamos con tres l\u00edderes. Concluencia que gole\u00f3 a El Rejunte 5-0, Transporte Bautista que derrot\u00f3 a Chak por la m\u00ednima, y TM 413, el campe\u00f3n que le gan\u00f3 a Real Envido por 3 a 1.<\/p>\n<p><img loading=\"lazy\" decoding=\"async\" class=\"alignnone size-full wp-image-94422\" src=\"https:\/\/toquedeportivo.com\/wp-content\/uploads\/2025\/09\/LAS-VIRGENES-6\u00b0_61.jpg\" alt=\"\" width=\"711\" height=\"400\"\/><img loading=\"lazy\" decoding=\"async\" class=\"alignnone size-full wp-image-69584\" src=\"https:\/\/www.europesays.com\/es\/wp-content\/uploads\/2025\/08\/1755704016_386_layunta.gif\" alt=\"\" width=\"1000\" height=\"250\"\/><img loading=\"lazy\" decoding=\"async\" class=\"alignnone size-full wp-image-94419\" src=\"https:\/\/toquedeportivo.com\/wp-content\/uploads\/2025\/09\/LAS-VIRGENES-6\u00b0_58.jpg\" alt=\"\" width=\"710\" height=\"400\"\/><\/p>\n<p>De esta manera los tres ganadores se suben a la cima de la tabla en la primera fecha del certamen.<\/p>\n<p><img loading=\"lazy\" decoding=\"async\" class=\"alignnone size-full wp-image-94396\" src=\"https:\/\/toquedeportivo.com\/wp-content\/uploads\/2025\/09\/LAS-VIRGENES-6\u00b0_35.jpg\" alt=\"\" width=\"710\" height=\"400\"\/><img loading=\"lazy\" decoding=\"async\" class=\"alignnone size-full wp-image-84235\" src=\"https:\/\/www.europesays.com\/es\/wp-content\/uploads\/2025\/10\/TAVANERA.jpg\" alt=\"\" width=\"1280\" height=\"640\"  \/><img loading=\"lazy\" decoding=\"async\" class=\"alignnone size-full wp-image-94405\" src=\"https:\/\/toquedeportivo.com\/wp-content\/uploads\/2025\/09\/LAS-VIRGENES-6\u00b0_44.jpg\" alt=\"\" width=\"711\" height=\"400\"\/><\/p>\n<p>En S\u00faper \u00abV\u00bb zona campeonato, con sorpresas en sus integrantes, FAS Electricidad arranc\u00f3 con el pie derecho y le gan\u00f3 a Intratables 3 a 1 para ponerse arriba en el debut. Lo acompa\u00f1a uno de los candidatos, Los Chelos que venci\u00f3 a De Primera 2 a 0.<\/p>\n<p><img loading=\"lazy\" decoding=\"async\" class=\"alignnone size-full wp-image-94390\" src=\"https:\/\/toquedeportivo.com\/wp-content\/uploads\/2025\/09\/LAS-VIRGENES-6\u00b0_29.jpg\" alt=\"\" width=\"708\" height=\"400\"\/><img loading=\"lazy\" decoding=\"async\" class=\"size-full wp-image-68096 aligncenter\" src=\"https:\/\/www.europesays.com\/es\/wp-content\/uploads\/2025\/08\/c960dac7-9c36-464b-8005-9406c8e81b87-e1647375164868.jpg\" alt=\"\" width=\"300\" height=\"369\"\/><img loading=\"lazy\" decoding=\"async\" class=\"alignnone size-full wp-image-94409\" src=\"https:\/\/toquedeportivo.com\/wp-content\/uploads\/2025\/09\/LAS-VIRGENES-6\u00b0_48.jpg\" alt=\"\" width=\"711\" height=\"400\"\/><\/p>\n<p>Por su parte en la zona LENTA, Fletes Celso gole\u00f3 a Diet\u00e9tica 5 a 2 y comenz\u00f3 el torneo como candidato al t\u00edtulo. Por su parte, Bombas Barchiesi derrot\u00f3 a Diagn\u00f3stico M\u00e9dico 1 a 0 y se suma a la cabeza de la tabla.<\/p>\n<p><img loading=\"lazy\" decoding=\"async\" class=\"alignnone size-full wp-image-94364\" src=\"https:\/\/toquedeportivo.com\/wp-content\/uploads\/2025\/09\/LAS-VIRGENES-6\u00b0_3.jpg\" alt=\"\" width=\"710\" height=\"400\"\/><img loading=\"lazy\" decoding=\"async\" class=\"alignnone size-full wp-image-89706\" src=\"https:\/\/www.europesays.com\/es\/wp-content\/uploads\/2025\/08\/981c117f-8b00-4da8-8302-55f48ef583a2.jpg\" alt=\"\" width=\"900\" height=\"1600\"  \/><img loading=\"lazy\" decoding=\"async\" class=\"alignnone size-full wp-image-94362\" src=\"https:\/\/toquedeportivo.com\/wp-content\/uploads\/2025\/09\/LAS-VIRGENES-6\u00b0.jpg\" alt=\"\" width=\"710\" height=\"400\"\/><\/p>\n<p>Ralentizamos el comentario, para pasar a los Seniors, donde Claus el puntero cay\u00f3 ante Radiadores Jos\u00e9 2 a 1, pero sigue en lo m\u00e1s alto. Detr\u00e1s, Toledo Electricidad que venci\u00f3 a Acopio Indisur 3 a 0, el azul que no encuentra el rumbo y sigue sosteniendo la tabla.<\/p>\n<p><img loading=\"lazy\" decoding=\"async\" class=\"alignnone size-full wp-image-94428\" src=\"https:\/\/toquedeportivo.com\/wp-content\/uploads\/2025\/09\/LAS-VIRGENES-6\u00b0_67.jpg\" alt=\"\" width=\"710\" height=\"400\"\/><img loading=\"lazy\" decoding=\"async\" class=\"alignnone size-full wp-image-70438\" src=\"https:\/\/www.europesays.com\/es\/wp-content\/uploads\/2025\/08\/banner_abogados.jpg\" alt=\"\" width=\"960\" height=\"960\"  \/><img loading=\"lazy\" decoding=\"async\" class=\"alignnone size-full wp-image-94426\" src=\"https:\/\/toquedeportivo.com\/wp-content\/uploads\/2025\/09\/LAS-VIRGENES-6\u00b0_65.jpg\" alt=\"\" width=\"710\" height=\"400\"\/><\/p>\n<p>Finalmente, Lubricentro Lubricar que le gan\u00f3 a Materiales 9 de Julio 2 a 0 para quedar a tiro de los dos de arriba.<\/p>\n<p><img loading=\"lazy\" decoding=\"async\" class=\"alignnone size-full wp-image-94417\" src=\"https:\/\/toquedeportivo.com\/wp-content\/uploads\/2025\/09\/LAS-VIRGENES-6\u00b0_56.jpg\" alt=\"\" width=\"708\" height=\"400\"\/><img loading=\"lazy\" decoding=\"async\" class=\"alignnone size-full wp-image-83984\" src=\"https:\/\/www.europesays.com\/es\/wp-content\/uploads\/2025\/08\/goma_sur.jpg\" alt=\"\" width=\"1280\" height=\"957\"  \/><img loading=\"lazy\" decoding=\"async\" class=\"alignnone size-full wp-image-94413\" src=\"https:\/\/toquedeportivo.com\/wp-content\/uploads\/2025\/09\/LAS-VIRGENES-6\u00b0_52.jpg\" alt=\"\" width=\"710\" height=\"400\"\/><\/p>\n<p>Pasamos a los Veteranos zona campeonato, Goma Sur se flore\u00f3 en el Interzonal ante un equipo de la zona LENTA al golear a Fletes Celso 6-1, el segundo set lo jugar\u00edan entre semana.<\/p>\n<p><img loading=\"lazy\" decoding=\"async\" class=\"alignnone size-full wp-image-94380\" src=\"https:\/\/toquedeportivo.com\/wp-content\/uploads\/2025\/09\/LAS-VIRGENES-6\u00b0_19.jpg\" alt=\"\" width=\"710\" height=\"400\"\/><img loading=\"lazy\" decoding=\"async\" class=\"alignnone size-full wp-image-80287\" src=\"https:\/\/www.europesays.com\/es\/wp-content\/uploads\/2025\/08\/60166f71-d7e7-4c6e-b2a0-6e16b607edaa.jpg\" alt=\"\" width=\"800\" height=\"399\"  \/><img loading=\"lazy\" decoding=\"async\" class=\"alignnone size-full wp-image-94371\" src=\"https:\/\/toquedeportivo.com\/wp-content\/uploads\/2025\/09\/LAS-VIRGENES-6\u00b0_10.jpg\" alt=\"\" width=\"710\" height=\"400\"\/><\/p>\n<p>Otro que la rompi\u00f3 toda fue Demuru Seguro al aplastar a Firuletes por 5 a 0. Se sum\u00f3 a la punta La Vinoteca que le gan\u00f3 ajustadamente en un gran partido a la UEC por 3 a 2.<\/p>\n<p><img loading=\"lazy\" decoding=\"async\" class=\"alignnone size-full wp-image-94412\" src=\"https:\/\/toquedeportivo.com\/wp-content\/uploads\/2025\/09\/LAS-VIRGENES-6\u00b0_51.jpg\" alt=\"\" width=\"710\" height=\"400\"\/><img loading=\"lazy\" decoding=\"async\" class=\"alignnone size-full wp-image-86115\" src=\"https:\/\/www.europesays.com\/es\/wp-content\/uploads\/2025\/08\/7e9fd542-22e1-4162-9972-ebbb7f5be4e7.jpeg\" alt=\"\" width=\"640\" height=\"640\"  \/><img loading=\"lazy\" decoding=\"async\" class=\"alignnone size-full wp-image-94410\" src=\"https:\/\/toquedeportivo.com\/wp-content\/uploads\/2025\/09\/LAS-VIRGENES-6\u00b0_49.jpg\" alt=\"\" width=\"711\" height=\"400\"\/><\/p>\n<p>En la zona del ABISMO, no hubo vencedores ni vencidos, salvo claro, Fletes Celso que cay\u00f3 en el Interzonal. ASAMI y Hay Equipo igualaron 1 a 1, mientras que Radiadores Jos\u00e9 y Lubricantes Lucas terminaron empatando 2 a 2.<\/p>\n<p><img loading=\"lazy\" decoding=\"async\" class=\"alignnone size-full wp-image-94394\" src=\"https:\/\/toquedeportivo.com\/wp-content\/uploads\/2025\/09\/LAS-VIRGENES-6\u00b0_33.jpg\" alt=\"\" width=\"710\" height=\"400\"\/><img loading=\"lazy\" decoding=\"async\" class=\"size-full wp-image-89702 aligncenter\" src=\"https:\/\/www.europesays.com\/es\/wp-content\/uploads\/2025\/08\/1755704011_727_Sin-titulo-1.jpg\" alt=\"\" width=\"550\" height=\"690\"\/><img loading=\"lazy\" decoding=\"async\" class=\"alignnone size-full wp-image-94384\" src=\"https:\/\/toquedeportivo.com\/wp-content\/uploads\/2025\/09\/LAS-VIRGENES-6\u00b0_23.jpg\" alt=\"\" width=\"710\" height=\"400\"\/><\/p>\n<p>Por Fabi\u00e1n Segura\/Toquedeportivo.com<\/p>\n<p><img loading=\"lazy\" decoding=\"async\" class=\"alignnone size-full wp-image-94388\" src=\"https:\/\/toquedeportivo.com\/wp-content\/uploads\/2025\/09\/LAS-VIRGENES-6\u00b0_27.jpg\" alt=\"\" width=\"711\" height=\"400\"\/><img loading=\"lazy\" decoding=\"async\" class=\"alignnone size-full wp-image-93487\" src=\"https:\/\/www.europesays.com\/es\/wp-content\/uploads\/2025\/08\/0366582b-67ad-47dd-8651-4353b2e7dc24.jpg\" alt=\"\" width=\"1024\" height=\"1536\"  \/><img loading=\"lazy\" decoding=\"async\" class=\"alignnone size-full wp-image-94379\" src=\"https:\/\/toquedeportivo.com\/wp-content\/uploads\/2025\/09\/LAS-VIRGENES-6\u00b0_18.jpg\" alt=\"\" width=\"713\" height=\"400\"\/><img loading=\"lazy\" decoding=\"async\" class=\"size-full wp-image-89713 aligncenter\" src=\"https:\/\/www.europesays.com\/es\/wp-content\/uploads\/2025\/08\/barchiesi2.jpg\" alt=\"\" width=\"634\" height=\"357\"\/><img loading=\"lazy\" decoding=\"async\" class=\"alignnone size-full wp-image-94385\" src=\"https:\/\/toquedeportivo.com\/wp-content\/uploads\/2025\/09\/LAS-VIRGENES-6\u00b0_24.jpg\" alt=\"\" width=\"713\" height=\"400\"\/><\/p>\n<p>Goleadores<\/p>\n<p>Libres Campeonato: Juli\u00e1n Gil (Cameruccio Motos) 10 goles<\/p>\n<p>Libres BAJA: Leonardo G\u00f3mez y Bruno P\u00e9rez (TM413) 4 goles<\/p>\n<p>S\u00faper \u00abV\u00bb Campeonato: S. Dume (De Primera), D. Corvalan y O. Salvagiotto (FAS) 3 goles<\/p>\n<p>S\u00faper \u00abV\u00bb LENTA: H. Mart\u00ednez\u00a0 (Fletes Celso) y J. Cervera (UEC) 4 goles<\/p>\n<p>Seniors: O. Camacho (Adamo Video) 6 goles<\/p>\n<p>Veteranos Campeonato: Facundo Pasten (Goma Sur SRL) 6 goles<\/p>\n<p>Veteranos ABISMO: Federico Pugno (Hay Equipo) 5 goles<\/p>\n<p><img loading=\"lazy\" decoding=\"async\" class=\"alignnone size-full wp-image-94391\" src=\"https:\/\/toquedeportivo.com\/wp-content\/uploads\/2025\/09\/LAS-VIRGENES-6\u00b0_30.jpg\" alt=\"\" width=\"710\" height=\"400\"\/><img loading=\"lazy\" decoding=\"async\" class=\"alignnone size-full wp-image-90378\" src=\"https:\/\/www.europesays.com\/es\/wp-content\/uploads\/2025\/08\/INDISUR-FINAL.png\" alt=\"\" width=\"4750\" height=\"605\"  \/><img loading=\"lazy\" decoding=\"async\" class=\"alignnone size-full wp-image-94374\" src=\"https:\/\/toquedeportivo.com\/wp-content\/uploads\/2025\/09\/LAS-VIRGENES-6\u00b0_13.jpg\" alt=\"\" width=\"711\" height=\"400\"\/><img loading=\"lazy\" decoding=\"async\" class=\"alignnone size-full wp-image-92319\" src=\"https:\/\/www.europesays.com\/es\/wp-content\/uploads\/2025\/08\/fda4779f-8577-464a-84a8-82c4d94bdcc4.jpg\" alt=\"\" width=\"1600\" height=\"810\"  \/><img loading=\"lazy\" decoding=\"async\" class=\"alignnone size-full wp-image-94393\" src=\"https:\/\/toquedeportivo.com\/wp-content\/uploads\/2025\/09\/LAS-VIRGENES-6\u00b0_32.jpg\" alt=\"\" width=\"710\" height=\"400\"\/><img loading=\"lazy\" decoding=\"async\" class=\"alignnone size-full wp-image-91302\" src=\"https:\/\/www.europesays.com\/es\/wp-content\/uploads\/2025\/08\/alimento-para-perro_Mesa-de-trabajo-1-scaled.png\" alt=\"\" width=\"2560\" height=\"567\"  \/><\/p>\n<p>Posiciones<\/p>\n<p><img loading=\"lazy\" decoding=\"async\" class=\"size-full wp-image-94341 alignleft\" src=\"https:\/\/www.europesays.com\/es\/wp-content\/uploads\/2025\/10\/image002-10.png\" alt=\"\" width=\"311\" height=\"902\"\/><\/p>\n<p>Pr\u00f3xima fecha (7\u00b0)<br \/>\nLibres Campeonato<\/p>\n<p>Punto Carnes vs. Vimar (1\u00b0)<\/p>\n<p>Cameruccio Motos vs. B. Muchachos (2\u00b0)<\/p>\n<p>Los Moyos vs. Distintos (3\u00b0)<\/p>\n<p>Libres BAJA<\/p>\n<p>Real Envido vs. Confluencia (1\u00b0)<\/p>\n<p>TM 413 vs. T. Bautista (2\u00b0)<\/p>\n<p>Chak vs. El Rejunte (3\u00b0)<\/p>\n<p>S\u00faper \u00abV\u00bb Campeonato<\/p>\n<p>Los Chelos vs. M. Colombatti (1\u00b0)<\/p>\n<p>De Primera vs. Intratables (3\u00b0)<\/p>\n<p>S\u00faper \u00abV\u00bb LENTA<\/p>\n<p>Fletes Celso vs. UEC (1\u00b0)<\/p>\n<p>Diet\u00e9tica vs. Barchiesi Bombas (2\u00b0)<\/p>\n<p>Seniors<\/p>\n<p>Lubricentro Lubricar vs. Radiadores Jos\u00e9 (1\u00b0)<\/p>\n<p>Toledo Electricidad vs. Adamo (2\u00b0)<\/p>\n<p>M. 9 de Julio vs. Acopio Indisur (3\u00b0)<\/p>\n<p>Veteranos Campeonato<\/p>\n<p>La Vinoteca vs. Demuru Seguro (1\u00b0)<\/p>\n<p>UEC vs. Demuru Seguro (2\u00b0)<\/p>\n<p>Veteranos ABISMO<\/p>\n<p>Radiadores Jos\u00e9 vs. Fletes Celso (2\u00b0)<\/p>\n<p>Lubricantes Lucas vs. Hay Equipo (3\u00b0)<\/p>\n<p>Interzonal<\/p>\n<p>Firuletes vs. ASAMI (3\u00b0)<img loading=\"lazy\" decoding=\"async\" class=\"alignnone size-full wp-image-90966\" src=\"https:\/\/www.europesays.com\/es\/wp-content\/uploads\/2025\/08\/942ce22b-dcb2-4431-8524-e404f0c6996a.jpg\" alt=\"\" width=\"1165\" height=\"1280\"  \/><\/p>\n<p><img loading=\"lazy\" decoding=\"async\" class=\"alignnone size-full wp-image-94367\" src=\"https:\/\/toquedeportivo.com\/wp-content\/uploads\/2025\/09\/LAS-VIRGENES-6\u00b0_6.jpg\" alt=\"\" width=\"710\" height=\"400\"\/><img loading=\"lazy\" decoding=\"async\" class=\"alignnone size-full wp-image-91626\" src=\"https:\/\/www.europesays.com\/es\/wp-content\/uploads\/2025\/08\/GOMERIA-scaled.png\" alt=\"\" width=\"2560\" height=\"567\"  \/><img loading=\"lazy\" decoding=\"async\" class=\"alignnone size-full wp-image-94369\" src=\"https:\/\/toquedeportivo.com\/wp-content\/uploads\/2025\/09\/LAS-VIRGENES-6\u00b0_8.jpg\" alt=\"\" width=\"708\" height=\"400\"\/><img loading=\"lazy\" decoding=\"async\" class=\"alignnone size-full wp-image-94431\" src=\"https:\/\/www.europesays.com\/es\/wp-content\/uploads\/2025\/10\/IMG_3755.jpg\" alt=\"\" width=\"800\" height=\"450\"  \/><img loading=\"lazy\" decoding=\"async\" class=\"alignnone size-full wp-image-91765\" src=\"https:\/\/www.europesays.com\/es\/wp-content\/uploads\/2025\/08\/843db896-d103-4350-933b-6b01660412d6.jpg\" alt=\"\" width=\"1080\" height=\"1080\"  \/><\/p>\n<p>Galer\u00eda de imagen<\/p>\n<p><a target=\"_blank\" href=\"https:\/\/wa.link\/aqk96o\" title=\"fas_2\" rel=\"nofollow noopener\"><img decoding=\"async\" src=\"https:\/\/www.europesays.com\/es\/wp-content\/uploads\/2025\/10\/fas_2.gif\" title=\"fas_2\"\/><\/a><\/p>\n","protected":false},"excerpt":{"rendered":"Con la disputa de la primera fecha de la fase final, dio comienzo el torneo que cerrara este&hellip;\n","protected":false},"author":2,"featured_media":151531,"comment_status":"","ping_status":"","sticky":false,"template":"","format":"standard","meta":{"footnotes":""},"categories":[278],"tags":[376,168,25,24,375,23,167],"class_list":{"0":"post-151530","1":"post","2":"type-post","3":"status-publish","4":"format-standard","5":"has-post-thumbnail","7":"category-balonmano","8":"tag-balonmano","9":"tag-deportes","10":"tag-es","11":"tag-espana","12":"tag-handball","13":"tag-spain","14":"tag-sports"},"share_on_mastodon":{"url":"","error":""},"_links":{"self":[{"href":"https:\/\/www.europesays.com\/es\/wp-json\/wp\/v2\/posts\/151530","targetHints":{"allow":["GET"]}}],"collection":[{"href":"https:\/\/www.europesays.com\/es\/wp-json\/wp\/v2\/posts"}],"about":[{"href":"https:\/\/www.europesays.com\/es\/wp-json\/wp\/v2\/types\/post"}],"author":[{"embeddable":true,"href":"https:\/\/www.europesays.com\/es\/wp-json\/wp\/v2\/users\/2"}],"replies":[{"embeddable":true,"href":"https:\/\/www.europesays.com\/es\/wp-json\/wp\/v2\/comments?post=151530"}],"version-history":[{"count":0,"href":"https:\/\/www.europesays.com\/es\/wp-json\/wp\/v2\/posts\/151530\/revisions"}],"wp:featuredmedia":[{"embeddable":true,"href":"https:\/\/www.europesays.com\/es\/wp-json\/wp\/v2\/media\/151531"}],"wp:attachment":[{"href":"https:\/\/www.europesays.com\/es\/wp-json\/wp\/v2\/media?parent=151530"}],"wp:term":[{"taxonomy":"category","embeddable":true,"href":"https:\/\/www.europesays.com\/es\/wp-json\/wp\/v2\/categories?post=151530"},{"taxonomy":"post_tag","embeddable":true,"href":"https:\/\/www.europesays.com\/es\/wp-json\/wp\/v2\/tags?post=151530"}],"curies":[{"name":"wp","href":"https:\/\/api.w.org\/{rel}","templated":true}]}}