{"id":151532,"date":"2025-10-01T22:09:10","date_gmt":"2025-10-01T22:09:10","guid":{"rendered":"https:\/\/www.europesays.com\/es\/151532\/"},"modified":"2025-10-01T22:09:10","modified_gmt":"2025-10-01T22:09:10","slug":"la-debutante-mas-joven-en-la-ufc","status":"publish","type":"post","link":"https:\/\/www.europesays.com\/es\/151532\/","title":{"rendered":"la debutante m\u00e1s joven en la UFC"},"content":{"rendered":"<p>Con 19 a\u00f1os, 8 meses y 24 d\u00edas, Alice Pereira se convirti\u00f3 en la peleadora m\u00e1s joven en competir en la UFC.<\/p>\n<p>CORPRENSA<img style=\"position:absolute;top:0;left:0;width:100%;height:100%;object-fit:cover\" alt=\"Alice \u2018Golden Girl\u2019 rompe r\u00e9cord: la debutante m\u00e1s joven en la UFC\" src=\"https:\/\/www.europesays.com\/es\/wp-content\/uploads\/2025\/10\/3R6VS47XABFFLGRAGMGLP5KGNU.jpg\" fetchpriority=\"high\" decoding=\"async\" loading=\"eager\"\/>Alice firm\u00f3 con UFC tras un invicto de 6-0 y apenas 16 meses de carrera profesional en MMA.<\/p>\n<p> Escuchar audio noticia <\/p>\n<p>En un deporte donde la experiencia suele pesar m\u00e1s que la juventud, Alice \u201cGolden Girl\u201d Pereira decidi\u00f3 romper el molde. <\/p>\n<blockquote class=\"twitter-tweet\" data-media-max-width=\"560\">\n<p lang=\"en\" dir=\"ltr\">Shout out Alice Pereira\u203c\ufe0f Set to become youngest female UFC fighter ever at age 19 years, 8 months and 24 days at UFC Noche \ud83c\udde7\ud83c\uddf7\ud83c\uddf2\ud83c\uddfd\ud83c\uddf2\ud83c\uddfd <a rel=\"external nofollow noopener\" href=\"https:\/\/twitter.com\/hashtag\/UFCNoche?src=hash&amp;ref_src=twsrc%5Etfw\" target=\"_blank\">#UFCNoche<\/a> <a rel=\"external nofollow noopener\" href=\"https:\/\/twitter.com\/hashtag\/UFC?src=hash&amp;ref_src=twsrc%5Etfw\" target=\"_blank\">#UFC<\/a> <a rel=\"external nofollow\" href=\"https:\/\/t.co\/PH9V2ydrRR\">pic.twitter.com\/PH9V2ydrRR<\/a><\/p>\n<p>\u2014 Hoop Kings Vegas (@HoopKingsLV) <a rel=\"external nofollow noopener\" href=\"https:\/\/twitter.com\/HoopKingsLV\/status\/1966631752711237698?ref_src=twsrc%5Etfw\" target=\"_blank\">September 12, 2025<\/a><\/p><\/blockquote>\n<p>El pasado 13 de septiembre de 2025, en la cartelera de <b>Noche UFC en San Antonio<\/b>, <b>la brasile\u00f1a se convirti\u00f3 en la peleadora m\u00e1s joven en competir en la empresa, con apenas<\/b> <b>19 a\u00f1os, 8 meses y 24 d\u00edas<\/b>. Una marca que deja atr\u00e1s el r\u00e9cord de la surcoreana Chan Mi Jeon, quien era un mes mayor cuando debut\u00f3 en 2017.<\/p>\n<blockquote class=\"twitter-tweet\" data-media-max-width=\"560\">\n<p lang=\"fr\" dir=\"ltr\">D\u00e9but rat\u00e9 pour Alice Pereira \ud83c\udde7\ud83c\uddf7 (5-1) qui s\u2019incline par split d\u00e9cision face \u00e0 Montserrat Rendon \ud83c\uddf2\ud83c\uddfd (7-1) !<a rel=\"external nofollow noopener\" href=\"https:\/\/twitter.com\/hashtag\/NocheUFC?src=hash&amp;ref_src=twsrc%5Etfw\" target=\"_blank\">#NocheUFC<\/a> <a rel=\"external nofollow\" href=\"https:\/\/t.co\/xfOqWR2hP9\">pic.twitter.com\/xfOqWR2hP9<\/a><\/p>\n<p>\u2014 5\u1d49\u1d50\u1d49 Round (@Le5emeRound) <a rel=\"external nofollow noopener\" href=\"https:\/\/twitter.com\/Le5emeRound\/status\/1966952880965120272?ref_src=twsrc%5Etfw\" target=\"_blank\">September 13, 2025<\/a><\/p><\/blockquote>\n<p>Aunque su primera pelea en el Oct\u00e1gono termin\u00f3 en una derrota ajustada por <b>decisi\u00f3n dividida<\/b> ante la experimentada mexicana Montserrat Rend\u00f3n, su equipo tiene fe en su potencial. Su m\u00e1nager, <b>Lucas Lutkus<\/b>, no dud\u00f3 en compararla con el basquetbolista Giannis Antetokounmpo. <b>\u201cCuando Giannis lleg\u00f3 a la NBA era muy joven, pero los Bucks confiaron en \u00e9l y lo dejaron crecer. Eso mismo haremos con Alice en la UFC\u201d, <\/b>escribi\u00f3 en redes sociales.<\/p>\n<p>CORPRENSA<img decoding=\"async\" src=\"https:\/\/www.europesays.com\/es\/wp-content\/uploads\/2025\/10\/TYXMMH5CBFBEBIZDQRLFHCV7WE.jpg\" alt=\"Alice \u2018Golden Girl\u2019 rompe r\u00e9cord: la debutante m\u00e1s joven en la UFC\" loading=\"lazy\"\/>La brasile\u00f1a hizo historia como la mujer m\u00e1s joven en subir al Oct\u00e1gono.<\/p>\n<p>El caso de Pereira es particular, comenz\u00f3 a entrenar artes marciales en 2022 y un a\u00f1o despu\u00e9s ya estaba peleando profesionalmente. <b>En apenas 16 meses acumul\u00f3 un r\u00e9cord de 6-0,<\/b> con triunfos que llamaron la atenci\u00f3n del UFC. Uno de ellos, contra Karla Lacerda, fue el detonante, con un nocaut que convenci\u00f3 a su equipo de que estaba lista para competir al m\u00e1ximo nivel.<\/p>\n<p>Aunque debutar tan pronto es riesgoso, <b>Lutkus recuerda ejemplos positivos en su escuadra, como Luana Santos y Ailin P\u00e9rez<\/b>, quienes tambi\u00e9n llegaron con poca experiencia y hoy se consolidan dentro de la compa\u00f1\u00eda.<\/p>\n<blockquote class=\"instagram-media\" data-instgrm-captioned=\"\" data-instgrm-permalink=\"https:\/\/www.instagram.com\/reel\/DOquhQHEYb3\/?utm_source=ig_embed&amp;utm_campaign=loading\" data-instgrm-version=\"14\" style=\" background:#FFF; border:0; border-radius:3px; box-shadow:0 0 1px 0 rgba(0,0,0,0.5),0 1px 10px 0 rgba(0,0,0,0.15); margin: 1px; max-width:540px; min-width:326px; padding:0; width:99.375%; width:-webkit-calc(100% - 2px); width:calc(100% - 2px);\"\/>\n<p><b>Alice, que no tiene parentesco con<\/b> <b>Alex \u201cPoatan\u201d Pereira<\/b>, pero ya dej\u00f3 una huella en el octagono. Y aunque todav\u00eda falta mucho camino, su historia apenas comienza. <b>Si algo qued\u00f3 claro en San Antonio es que la \u201cGolden Girl\u201d tiene madera para brillar.<\/b><\/p>\n<p><script async src=\"https:\/\/platform.twitter.com\/widgets.js\" charset=\"utf-8\"><\/script><script async src=\"\/\/www.instagram.com\/embed.js\"><\/script><\/p>\n","protected":false},"excerpt":{"rendered":"Con 19 a\u00f1os, 8 meses y 24 d\u00edas, Alice Pereira se convirti\u00f3 en la peleadora m\u00e1s joven en&hellip;\n","protected":false},"author":2,"featured_media":151533,"comment_status":"","ping_status":"","sticky":false,"template":"","format":"standard","meta":{"footnotes":""},"categories":[276],"tags":[45893,168,25,24,45894,45896,38233,45895,23,167,343],"class_list":{"0":"post-151532","1":"post","2":"type-post","3":"status-publish","4":"format-standard","5":"has-post-thumbnail","7":"category-ufc","8":"tag-alice-pereira","9":"tag-deportes","10":"tag-es","11":"tag-espana","12":"tag-golden-girl-ufc","13":"tag-montserrat-rendon","14":"tag-noche-ufc-2025","15":"tag-peleadora-mas-joven-ufc","16":"tag-spain","17":"tag-sports","18":"tag-ufc"},"share_on_mastodon":{"url":"","error":""},"_links":{"self":[{"href":"https:\/\/www.europesays.com\/es\/wp-json\/wp\/v2\/posts\/151532","targetHints":{"allow":["GET"]}}],"collection":[{"href":"https:\/\/www.europesays.com\/es\/wp-json\/wp\/v2\/posts"}],"about":[{"href":"https:\/\/www.europesays.com\/es\/wp-json\/wp\/v2\/types\/post"}],"author":[{"embeddable":true,"href":"https:\/\/www.europesays.com\/es\/wp-json\/wp\/v2\/users\/2"}],"replies":[{"embeddable":true,"href":"https:\/\/www.europesays.com\/es\/wp-json\/wp\/v2\/comments?post=151532"}],"version-history":[{"count":0,"href":"https:\/\/www.europesays.com\/es\/wp-json\/wp\/v2\/posts\/151532\/revisions"}],"wp:featuredmedia":[{"embeddable":true,"href":"https:\/\/www.europesays.com\/es\/wp-json\/wp\/v2\/media\/151533"}],"wp:attachment":[{"href":"https:\/\/www.europesays.com\/es\/wp-json\/wp\/v2\/media?parent=151532"}],"wp:term":[{"taxonomy":"category","embeddable":true,"href":"https:\/\/www.europesays.com\/es\/wp-json\/wp\/v2\/categories?post=151532"},{"taxonomy":"post_tag","embeddable":true,"href":"https:\/\/www.europesays.com\/es\/wp-json\/wp\/v2\/tags?post=151532"}],"curies":[{"name":"wp","href":"https:\/\/api.w.org\/{rel}","templated":true}]}}