{"id":151534,"date":"2025-10-01T22:11:14","date_gmt":"2025-10-01T22:11:14","guid":{"rendered":"https:\/\/www.europesays.com\/es\/151534\/"},"modified":"2025-10-01T22:11:14","modified_gmt":"2025-10-01T22:11:14","slug":"alcaraz-se-hace-con-el-octavo-titulo-de-la-temporada-tras-batir-a-fritz-en-tokio-el-pais-expres","status":"publish","type":"post","link":"https:\/\/www.europesays.com\/es\/151534\/","title":{"rendered":"Alcaraz se hace con el octavo t\u00edtulo de la temporada tras batir a Fritz en Tokio | El PA\u00cdS Expr\u00e9s"},"content":{"rendered":"<p><img fetchpriority=\"high\" decoding=\"auto\" class=\"_re  a_m-h\" height=\"276\"  width=\"414\"  src=\"https:\/\/www.europesays.com\/es\/wp-content\/uploads\/2025\/10\/DICH37EVRNLUTI2B5LOV4MAPV4.jpg\" loading=\"eager\"\/>epa12416777 Carlos Alcaraz of Spain poses with his trophy after winning the final match against Taylor Fritz of the USA at the Japan Open tennis tournament in Tokyo, Japan, 30 September 2025. EPA\/KIYOSHI OTA&#13;<br \/>\nKIYOSHI OTA (EFE)<\/p>\n<p class=\"\">Carlos Alcaraz ha conseguido batir al n\u00famero 5 del mundo, Taylor Fritz, en la final del Torneo de Tokio, acumulando su octavo t\u00edtulo de la temporada.<\/p>\n<ul>\n<li>El murciano, que suma 67 victorias este curso, se ha impuesto por doble 6-4 en poco m\u00e1s de una hora y media de partido.<\/li>\n<\/ul>\n<p class=\"\"><b>Hace historia. <\/b>Solo cinco jugadores hab\u00edan conseguido alcanzar ocho t\u00edtulos en una temporada durante los 25 \u00faltimos a\u00f1os: Roger Federer, Rafa Nadal, Novak Djokovic, Andy Murray y Jannik Sinner.<\/p>\n<ul>\n<li>A excepci\u00f3n de Barcelona y Wimbledon, batido en ambos casos en la final, todo lo que ha disputado hasta ahora ha acabado en victoria.<\/li>\n<\/ul>\n<p class=\"\"><b>Y se consolida como el n\u00famero 1 del mundo. <\/b>Su m\u00e1ximo rival es Jannik Sinner: el italiano, dos a\u00f1os mayor (24), fue inferior en cuatro de los cinco duelos que ambos han disputado este a\u00f1o, y en siete de los ocho en los que se han medido desde 2024.<\/p>\n<p class=\"\">\u00a9Foto: Kiyoshi Ota (EFE)<\/p>\n<p class=\"\"><a href=\"https:\/\/elpais.com\/deportes\/tenis\/2025-09-30\/alcaraz-disuelve-a-fritz-se-corona-en-tokio-y-abrillanta-un-curso-excepcional.html\" target=\"_self\" rel=\"nofollow noopener\" title=\"https:\/\/elpais.com\/deportes\/tenis\/2025-09-30\/alcaraz-disuelve-a-fritz-se-corona-en-tokio-y-abrillanta-un-curso-excepcional.html\">Si quieres saber m\u00e1s, puedes leer aqu\u00ed<\/a>.<\/p>\n","protected":false},"excerpt":{"rendered":"epa12416777 Carlos Alcaraz of Spain poses with his trophy after winning the final match against Taylor Fritz of&hellip;\n","protected":false},"author":2,"featured_media":151535,"comment_status":"","ping_status":"","sticky":false,"template":"","format":"standard","meta":{"footnotes":""},"categories":[274],"tags":[545,168,25,24,544,1478,23,167,16390,327,326],"class_list":{"0":"post-151534","1":"post","2":"type-post","3":"status-publish","4":"format-standard","5":"has-post-thumbnail","7":"category-tenis","8":"tag-carlos-alcaraz","9":"tag-deportes","10":"tag-es","11":"tag-espana","12":"tag-jannik-sinner","13":"tag-murcia","14":"tag-spain","15":"tag-sports","16":"tag-taylor-fritz","17":"tag-tenis","18":"tag-tennis"},"share_on_mastodon":{"url":"","error":""},"_links":{"self":[{"href":"https:\/\/www.europesays.com\/es\/wp-json\/wp\/v2\/posts\/151534","targetHints":{"allow":["GET"]}}],"collection":[{"href":"https:\/\/www.europesays.com\/es\/wp-json\/wp\/v2\/posts"}],"about":[{"href":"https:\/\/www.europesays.com\/es\/wp-json\/wp\/v2\/types\/post"}],"author":[{"embeddable":true,"href":"https:\/\/www.europesays.com\/es\/wp-json\/wp\/v2\/users\/2"}],"replies":[{"embeddable":true,"href":"https:\/\/www.europesays.com\/es\/wp-json\/wp\/v2\/comments?post=151534"}],"version-history":[{"count":0,"href":"https:\/\/www.europesays.com\/es\/wp-json\/wp\/v2\/posts\/151534\/revisions"}],"wp:featuredmedia":[{"embeddable":true,"href":"https:\/\/www.europesays.com\/es\/wp-json\/wp\/v2\/media\/151535"}],"wp:attachment":[{"href":"https:\/\/www.europesays.com\/es\/wp-json\/wp\/v2\/media?parent=151534"}],"wp:term":[{"taxonomy":"category","embeddable":true,"href":"https:\/\/www.europesays.com\/es\/wp-json\/wp\/v2\/categories?post=151534"},{"taxonomy":"post_tag","embeddable":true,"href":"https:\/\/www.europesays.com\/es\/wp-json\/wp\/v2\/tags?post=151534"}],"curies":[{"name":"wp","href":"https:\/\/api.w.org\/{rel}","templated":true}]}}