{"id":151536,"date":"2025-10-01T22:12:10","date_gmt":"2025-10-01T22:12:10","guid":{"rendered":"https:\/\/www.europesays.com\/es\/151536\/"},"modified":"2025-10-01T22:12:10","modified_gmt":"2025-10-01T22:12:10","slug":"ciclobreves-espana-octubre-2025-ciclo21","status":"publish","type":"post","link":"https:\/\/www.europesays.com\/es\/151536\/","title":{"rendered":"Ciclobreves Espa\u00f1a octubre 2025 &#8211; Ciclo21"},"content":{"rendered":"<p class=\"post-meta\">\nen <a href=\"https:\/\/www.ciclo21.com\/category\/destacada\/\" rel=\"category tag nofollow noopener\" target=\"_blank\">Destacada<\/a>, <a href=\"https:\/\/www.ciclo21.com\/category\/espana\/\" rel=\"category tag nofollow noopener\" target=\"_blank\">Espa\u00f1a<\/a>, <a href=\"https:\/\/www.ciclo21.com\/category\/espana\/noticias\/\" rel=\"category tag nofollow noopener\" target=\"_blank\">Noticias ESP<\/a><br \/>\n01\/10\/2025\n<\/p>\n<p><a href=\"https:\/\/www.ciclo21.com\/ciclobreves-internacionales-diciembre-2024\/\" target=\"_blank\" rel=\"noopener nofollow\"><strong>Ciclobreves 2024<\/strong><\/a> \/ <a href=\"https:\/\/www.ciclo21.com\/ciclobreves-espana-enero-2025\/\" target=\"_blank\" rel=\"noopener nofollow\"><strong>Enero<\/strong><\/a> \/ <a href=\"https:\/\/www.ciclo21.com\/ciclobreves-espana-2025-28feb\/\" target=\"_blank\" rel=\"noopener nofollow\"><strong>Febrero<\/strong><\/a> \/ <a href=\"https:\/\/www.ciclo21.com\/ciclobreves-espana-marzo-2025\/\" target=\"_blank\" rel=\"noopener nofollow\"><strong>Marzo <\/strong><\/a><strong>\/ <a href=\"https:\/\/www.ciclo21.com\/ciclobreves-espana-abril-2025-30ab\/\" target=\"_blank\" rel=\"noopener nofollow\">Abril<\/a> \/ <a href=\"https:\/\/www.ciclo21.com\/ciclobreves-espana-mayo-2025-29\/\" target=\"_blank\" rel=\"noopener nofollow\">Mayo<\/a> \/ <a href=\"https:\/\/www.ciclo21.com\/ciclobreves-espana-junio-2025-30jun\/\" target=\"_blank\" rel=\"noopener nofollow\">Junio<\/a> \/ <a href=\"https:\/\/www.ciclo21.com\/ciclobreves-espana-julio-2025-21jul\/\" target=\"_blank\" rel=\"noopener nofollow\">Julio<\/a> \/ <a href=\"https:\/\/www.ciclo21.com\/ciclobreves-espana-agosto-2025-28\/\" target=\"_blank\" rel=\"noopener nofollow\">Agosto<\/a> \/ <a href=\"https:\/\/www.ciclo21.com\/ciclobreves-espana-septiembre-2025-29sep\/\" target=\"_blank\" rel=\"noopener nofollow\">Septiembre<\/a>\u00a0<\/strong><\/p>\n<p style=\"text-align: justify;\"><strong>1 octubre.\u00a0<\/strong>El <strong>Burgos Burpellet BH<\/strong> perder\u00e1 a uno de sus escaladores para la parte final de la temporada. <strong>Josh Burnett<\/strong> <strong>sufri\u00f3 una ca\u00edda<\/strong> en la 4\u00aa etapa del <strong>Tour de Langkawi<\/strong> que le oblig\u00f3 a abandonar con un fuerte golpe en el codo y el hombro izquierdo. Tras ser trasladado al hospital y someterse a las pruebas radiol\u00f3gicas pertinentes, se confirm\u00f3 que el neozeland\u00e9s sufre una <strong>fractura en la cabeza del radio del brazo izquierdo<\/strong> y se perder\u00e1 lo que resta de temporada. Es la segunda lesi\u00f3n de la temporada para Burnett, que en abril tambi\u00e9n sufri\u00f3 una dura ca\u00edda en el Tour de Turqu\u00eda, que le apart\u00f3 dos meses de la competici\u00f3n.<\/p>\n<p><a href=\"https:\/\/www.ciclo21.com\/tag\/ciclobreves\/\" rel=\"tag nofollow noopener\" target=\"_blank\">CICLOBREVES<\/a> <a href=\"https:\/\/www.ciclo21.com\/tag\/ciclobreves-espana\/\" rel=\"tag nofollow noopener\" target=\"_blank\">ciclobreves espa\u00f1a<\/a>\t\t2025-10-01<\/p>\n","protected":false},"excerpt":{"rendered":"en Destacada, Espa\u00f1a, Noticias ESP 01\/10\/2025 Ciclobreves 2024 \/ Enero \/ Febrero \/ Marzo \/ Abril \/ Mayo&hellip;\n","protected":false},"author":2,"featured_media":151537,"comment_status":"","ping_status":"","sticky":false,"template":"","format":"standard","meta":{"footnotes":""},"categories":[273],"tags":[313,11935,5736,312,168,25,24,23,167],"class_list":{"0":"post-151536","1":"post","2":"type-post","3":"status-publish","4":"format-standard","5":"has-post-thumbnail","7":"category-ciclismo","8":"tag-ciclismo","9":"tag-ciclobreves","10":"tag-ciclobreves-espana","11":"tag-cycling","12":"tag-deportes","13":"tag-es","14":"tag-espana","15":"tag-spain","16":"tag-sports"},"share_on_mastodon":{"url":"","error":""},"_links":{"self":[{"href":"https:\/\/www.europesays.com\/es\/wp-json\/wp\/v2\/posts\/151536","targetHints":{"allow":["GET"]}}],"collection":[{"href":"https:\/\/www.europesays.com\/es\/wp-json\/wp\/v2\/posts"}],"about":[{"href":"https:\/\/www.europesays.com\/es\/wp-json\/wp\/v2\/types\/post"}],"author":[{"embeddable":true,"href":"https:\/\/www.europesays.com\/es\/wp-json\/wp\/v2\/users\/2"}],"replies":[{"embeddable":true,"href":"https:\/\/www.europesays.com\/es\/wp-json\/wp\/v2\/comments?post=151536"}],"version-history":[{"count":0,"href":"https:\/\/www.europesays.com\/es\/wp-json\/wp\/v2\/posts\/151536\/revisions"}],"wp:featuredmedia":[{"embeddable":true,"href":"https:\/\/www.europesays.com\/es\/wp-json\/wp\/v2\/media\/151537"}],"wp:attachment":[{"href":"https:\/\/www.europesays.com\/es\/wp-json\/wp\/v2\/media?parent=151536"}],"wp:term":[{"taxonomy":"category","embeddable":true,"href":"https:\/\/www.europesays.com\/es\/wp-json\/wp\/v2\/categories?post=151536"},{"taxonomy":"post_tag","embeddable":true,"href":"https:\/\/www.europesays.com\/es\/wp-json\/wp\/v2\/tags?post=151536"}],"curies":[{"name":"wp","href":"https:\/\/api.w.org\/{rel}","templated":true}]}}