{"id":151538,"date":"2025-10-01T22:13:07","date_gmt":"2025-10-01T22:13:07","guid":{"rendered":"https:\/\/www.europesays.com\/es\/151538\/"},"modified":"2025-10-01T22:13:07","modified_gmt":"2025-10-01T22:13:07","slug":"red-bull-podria-recuperar-a-uno-de-sus-viejos-pilotos-para-ser-companero-de-verstappen-en-2026","status":"publish","type":"post","link":"https:\/\/www.europesays.com\/es\/151538\/","title":{"rendered":"Red Bull podr\u00eda recuperar a uno de sus viejos pilotos para ser compa\u00f1ero de Verstappen en 2026"},"content":{"rendered":"<p class=\"L6-news-detail__text\">Red Bull sigue haciendo casting para su segundo asiento. Con <b>Max Verstappen<\/b> ya confirmado, el asiento de <b>Yuki Tsunoda<\/b> est\u00e1 vacante. Aunque no han confirmado la marcha del japon\u00e9s, mucho tendr\u00e1 que mejorar sus resultados para convencer a <b>Helmut Marko<\/b> en las carreras que quedan.<\/p>\n<p class=\"L6-news-detail__text\">Lo natural ser\u00eda que <b>Isack Hadjar<\/b>, que est\u00e1 brillando en Racing Bulls, se quede con ese asiento. Pero la historia podr\u00eda cambiar.<\/p>\n<p class=\"L6-news-detail__text\">Ha informado &#8216;Motorsport&#8217; en la previa del <b><a title=\"Gran Premio de Singapur\" href=\"https:\/\/www.lasexta.com\/noticias\/deportes\/motor\/formula1\/gran-premio-singapur-2025-horario-donde-ver-entrenamientos-clasificacion-carrera_2025092968da7d4c3ce0ad1de88a8524.html\" target=\"_blank\" rel=\"nofollow noopener\">Gran Premio de Singapur<\/a><\/b> que Red Bull quiere fichar a <b>Alex Albon<\/b>, piloto que ya en su momento despidieron.<\/p>\n<p class=\"L6-news-detail__text\"><b>Las primeras conversaciones ya se habr\u00edan producid<\/b>o para convencerle para 2026, cuando entre en vigor el nuevo reglamento de la F\u00f3rmula 1.<\/p>\n<p class=\"L6-news-detail__text\">El accionariado tailand\u00e9s est\u00e1 insistiendo en el fichaje de su compatriota. Y <b>Chalerm Yoovidhya<\/b>, accionista tailand\u00e9s del equipo, <b>estar\u00eda dispuesto a pagar la cl\u00e1usula.<\/b><\/p>\n<p class=\"L6-news-detail__text\">A finales de la temporada 2020 Red Bull decidi\u00f3 prescindir de Albon y colocar en su lugar a <b>Sergio P\u00e9rez<\/b>. Ahora, cinco a\u00f1os despu\u00e9s, podr\u00eda volver a tomar su puesto de nuevo junto a Max Verstappen.<\/p>\n<p class=\"L6-support-news-video__title\">Entrevista &#8216;Jugones&#8217;<\/p>\n<p>            <a href=\"https:\/\/www.lasexta.com\/noticias\/deportes\/motor\/marc-marquez-lograr-noveno-mundial-volver-quedar-paz-conmigo-mismo_2025092968dadd0af10d3f0678252184.html\" class=\"L6-news__link\" rel=\"nofollow noopener\" target=\"_blank\"><br \/>\n                Marc M\u00e1rquez, tras lograr el noveno mundial: \u00abVolver para quedar en paz conmigo mismo&#8230;\u00bb<\/p>\n<p class=\"recirculation-video-desc\">Marc atiende a &#8216;Jugones&#8217; despu\u00e9s de proclamarse campe\u00f3n de MotoGP en el Gran Premio de Jap\u00f3n. Este martes entrevista completa a partir de las 15.10 en laSexta.<\/p>\n<p>            <\/a><\/p>\n","protected":false},"excerpt":{"rendered":"Red Bull sigue haciendo casting para su segundo asiento. Con Max Verstappen ya confirmado, el asiento de Yuki&hellip;\n","protected":false},"author":2,"featured_media":1982,"comment_status":"","ping_status":"","sticky":false,"template":"","format":"standard","meta":{"footnotes":""},"categories":[270],"tags":[168,25,24,306,271,272,23,167],"class_list":{"0":"post-151538","1":"post","2":"type-post","3":"status-publish","4":"format-standard","5":"has-post-thumbnail","7":"category-formula-1","8":"tag-deportes","9":"tag-es","10":"tag-espana","11":"tag-f1","12":"tag-formula-1","13":"tag-formula1","14":"tag-spain","15":"tag-sports"},"share_on_mastodon":{"url":"","error":""},"_links":{"self":[{"href":"https:\/\/www.europesays.com\/es\/wp-json\/wp\/v2\/posts\/151538","targetHints":{"allow":["GET"]}}],"collection":[{"href":"https:\/\/www.europesays.com\/es\/wp-json\/wp\/v2\/posts"}],"about":[{"href":"https:\/\/www.europesays.com\/es\/wp-json\/wp\/v2\/types\/post"}],"author":[{"embeddable":true,"href":"https:\/\/www.europesays.com\/es\/wp-json\/wp\/v2\/users\/2"}],"replies":[{"embeddable":true,"href":"https:\/\/www.europesays.com\/es\/wp-json\/wp\/v2\/comments?post=151538"}],"version-history":[{"count":0,"href":"https:\/\/www.europesays.com\/es\/wp-json\/wp\/v2\/posts\/151538\/revisions"}],"wp:featuredmedia":[{"embeddable":true,"href":"https:\/\/www.europesays.com\/es\/wp-json\/wp\/v2\/media\/1982"}],"wp:attachment":[{"href":"https:\/\/www.europesays.com\/es\/wp-json\/wp\/v2\/media?parent=151538"}],"wp:term":[{"taxonomy":"category","embeddable":true,"href":"https:\/\/www.europesays.com\/es\/wp-json\/wp\/v2\/categories?post=151538"},{"taxonomy":"post_tag","embeddable":true,"href":"https:\/\/www.europesays.com\/es\/wp-json\/wp\/v2\/tags?post=151538"}],"curies":[{"name":"wp","href":"https:\/\/api.w.org\/{rel}","templated":true}]}}