{"id":151539,"date":"2025-10-01T22:14:08","date_gmt":"2025-10-01T22:14:08","guid":{"rendered":"https:\/\/www.europesays.com\/es\/151539\/"},"modified":"2025-10-01T22:14:08","modified_gmt":"2025-10-01T22:14:08","slug":"los-mihitas-buscan-letra-a-el-ultimo-mohicano-del-carpena","status":"publish","type":"post","link":"https:\/\/www.europesays.com\/es\/151539\/","title":{"rendered":"Los Mihitas buscan letra a &#8216;El \u00daltimo Mohicano&#8217; del Carpena"},"content":{"rendered":"<p><a href=\"https:\/\/www.merchanendirecto.es\/wp-content\/uploads\/2025\/10\/9507c600-6428-4905-bd85-7cff525e60ae_16-9-aspect-ratio_1600w_0.webp\" data-caption=\"Aficionados de AEK y Unicaja, en Atenas \/\/ BCL.\" rel=\"nofollow noopener\" target=\"_blank\"><img loading=\"lazy\" decoding=\"async\" width=\"696\" height=\"392\" class=\"entry-thumb td-modal-image\" src=\"https:\/\/www.europesays.com\/es\/wp-content\/uploads\/2025\/10\/9507c600-6428-4905-bd85-7cff525e60ae_16-9-aspect-ratio_1600w_0-696x392.webp.webp\"   alt=\"\" title=\"Los Mihitas buscan letra a 'El \u00daltimo Mohicano' del Carpena\"\/><\/a>Aficionados de AEK y Unicaja, en Atenas \/\/ BCL.<\/p>\n<p>El viaje a <strong>Atenas<\/strong>, que otorg\u00f3 la <strong>segunda Basketball Champions League<\/strong> de los <strong>cajistas<\/strong>, trajo bajo el brazo un <strong>nuevo c\u00e1ntico<\/strong> para la <strong>Marea Verde<\/strong>. Las <strong>semifinales<\/strong> ante el <strong>AEK<\/strong> curtieron a los de <strong>Ibon Navarro<\/strong> en <strong>aguante<\/strong> de <strong>presi\u00f3n<\/strong>. Los <strong>aficionados atenienses<\/strong> resonaban en <strong>Grecia<\/strong>, entre otros, cantando una versi\u00f3n de <strong>\u201cEl \u00faltimo mohicano\u201d<\/strong>. La <strong>charanga<\/strong> que acompa\u00f1a habitualmente al conjunto de <strong>Los Guindos<\/strong> observ\u00f3 potencial y adopt\u00f3 la sinton\u00eda para el <strong>equipo malague\u00f1o<\/strong>. Ahora, <strong>los Mihitas buscan letra a \u2018El \u00daltimo Mohicano\u2019 del Carpena<\/strong> a cambio de una <strong>camiseta<\/strong> del <strong>Unicaja<\/strong>.<\/p>\n<p>La sinton\u00eda de la pel\u00edcula de 1992, inspirada en el momento de guerra entre Inglaterra y Francia por las colonias en Norteam\u00e9rica, obtuvo el Oscar a la mejor banda sonora. El grader\u00edo del <strong>AEK<\/strong> intimidante repiti\u00f3 en varias, y largas, ocasiones el <strong>c\u00e1ntico<\/strong> de esta <strong>versi\u00f3n<\/strong>. <strong>Los Mihitas<\/strong>, atentos en la semifinal, se presentaron en el duelo decisivo ante el Galatasaray tocando la sinton\u00eda, que uni\u00f3 a los griegos en la animaci\u00f3n.<\/p>\n<blockquote class=\"instagram-media\" data-instgrm-captioned=\"\" data-instgrm-permalink=\"https:\/\/www.instagram.com\/reel\/DPPjwCxjFhv\/?utm_source=ig_embed&amp;utm_campaign=loading\" data-instgrm-version=\"14\" style=\" background:#FFF; border:0; border-radius:3px; box-shadow:0 0 1px 0 rgba(0,0,0,0.5),0 1px 10px 0 rgba(0,0,0,0.15); margin: 1px; max-width:540px; min-width:326px; padding:0; width:99.375%; width:-webkit-calc(100% - 2px); width:calc(100% - 2px);\"\/>\n<p><strong>Condiciones:<\/strong><\/p>\n<p>A trav\u00e9s de sus <strong>redes sociales<\/strong>, <strong>Los Mihitas<\/strong> han lanzado un reto a los <strong>aficionados<\/strong>. Los <strong>cajistas<\/strong> podr\u00e1n <strong>enviar<\/strong> sus <strong>propuestas<\/strong> y <strong>conseguir a cambio<\/strong> una <strong>camiseta<\/strong> del <strong>Unicaja<\/strong> cortes\u00eda del Club. Las <strong>condiciones<\/strong> son claras: <strong>seguir<\/strong> en <strong>Instagram<\/strong> a <strong>@mihitasbaloncesto<\/strong> y al <strong>@unicajabaloncesto<\/strong>, <strong>mencionar<\/strong> a un amigo o amiga en comentarios y <strong>enviar un MD<\/strong> (mensaje directo) con la <strong>letra<\/strong> antes del <strong>viernes 3 de octubre a las 23:59h<\/strong>.<\/p>\n<p>El <strong>s\u00e1bado<\/strong>, antes del mediod\u00eda, <strong>Los Mihitas<\/strong> publicar\u00e1n qui\u00e9n ha sido el\/la <strong>ganador\/a<\/strong> a trav\u00e9s de stories, y har\u00e1n entrega del <strong>premio<\/strong> durante el <strong>descanso<\/strong> del <strong>partido<\/strong> del <strong>s\u00e1bado<\/strong> frente a <strong>Bilbao Basket<\/strong>.<\/p>\n<p><script async src=\"\/\/www.instagram.com\/embed.js\"><\/script><\/p>\n","protected":false},"excerpt":{"rendered":"Aficionados de AEK y Unicaja, en Atenas \/\/ BCL. El viaje a Atenas, que otorg\u00f3 la segunda Basketball&hellip;\n","protected":false},"author":2,"featured_media":151540,"comment_status":"","ping_status":"","sticky":false,"template":"","format":"standard","meta":{"footnotes":""},"categories":[269],"tags":[299,298,168,25,24,23,167,9231],"class_list":{"0":"post-151539","1":"post","2":"type-post","3":"status-publish","4":"format-standard","5":"has-post-thumbnail","7":"category-baloncesto","8":"tag-baloncesto","9":"tag-basketball","10":"tag-deportes","11":"tag-es","12":"tag-espana","13":"tag-spain","14":"tag-sports","15":"tag-unicaja-malaga"},"share_on_mastodon":{"url":"","error":""},"_links":{"self":[{"href":"https:\/\/www.europesays.com\/es\/wp-json\/wp\/v2\/posts\/151539","targetHints":{"allow":["GET"]}}],"collection":[{"href":"https:\/\/www.europesays.com\/es\/wp-json\/wp\/v2\/posts"}],"about":[{"href":"https:\/\/www.europesays.com\/es\/wp-json\/wp\/v2\/types\/post"}],"author":[{"embeddable":true,"href":"https:\/\/www.europesays.com\/es\/wp-json\/wp\/v2\/users\/2"}],"replies":[{"embeddable":true,"href":"https:\/\/www.europesays.com\/es\/wp-json\/wp\/v2\/comments?post=151539"}],"version-history":[{"count":0,"href":"https:\/\/www.europesays.com\/es\/wp-json\/wp\/v2\/posts\/151539\/revisions"}],"wp:featuredmedia":[{"embeddable":true,"href":"https:\/\/www.europesays.com\/es\/wp-json\/wp\/v2\/media\/151540"}],"wp:attachment":[{"href":"https:\/\/www.europesays.com\/es\/wp-json\/wp\/v2\/media?parent=151539"}],"wp:term":[{"taxonomy":"category","embeddable":true,"href":"https:\/\/www.europesays.com\/es\/wp-json\/wp\/v2\/categories?post=151539"},{"taxonomy":"post_tag","embeddable":true,"href":"https:\/\/www.europesays.com\/es\/wp-json\/wp\/v2\/tags?post=151539"}],"curies":[{"name":"wp","href":"https:\/\/api.w.org\/{rel}","templated":true}]}}