{"id":151541,"date":"2025-10-01T22:15:09","date_gmt":"2025-10-01T22:15:09","guid":{"rendered":"https:\/\/www.europesays.com\/es\/151541\/"},"modified":"2025-10-01T22:15:09","modified_gmt":"2025-10-01T22:15:09","slug":"la-aficion-del-athletic-si-es-de-champions-exhibicion-de-apoyo-al-equipo-en-dortmund","status":"publish","type":"post","link":"https:\/\/www.europesays.com\/es\/151541\/","title":{"rendered":"La afici\u00f3n del Athletic s\u00ed es de Champions: exhibici\u00f3n de apoyo al equipo en Dortmund"},"content":{"rendered":"<p>La afici\u00f3n del Athletic demostr\u00f3 que es de Champions en el primer desplazamiento de la Liga de Campeones de esta temporada. Desde primera hora de  &#8230; la ma\u00f1ana, en una jornada en la que el sol acompa\u00f1\u00f3 desde el amanecer, sin casi nubes, el centro de Dortmund se visti\u00f3 de rojo y blanco para dar cobijo a las cerca de 4.000 personas que se plantaron en esta localidad germana de algo menos de 600.000 habitantes. Todos con su camiseta del equipo de Ernesto Valverde, su bufanda\u2026 Perfectamente conjuntados para asistir a un encuentro para el que todav\u00eda quedaban once horas y con una kalejira por delante que result\u00f3 espectacular.<\/p>\n<p class=\"v-p\">Por eso, algunas se sentaban a desayunar con un caf\u00e9 y alg\u00fan dulce. Otros paseaban y hac\u00edan tiempo para beber las primeras cervezas. Aunque los m\u00e1s animados ya tomaban asiento en las terrazas de Alten Markt, el punto de encuentro de la hinchada vizca\u00edna, y ped\u00edan sus birras. Eso s\u00ed, todas las bebidas se serv\u00edan en vaso de pl\u00e1stico para evitar posibles incidentes. Pero daba igual. \u00abHemos venido a beber, a cantar y a darlo todo. Y por supuesto a ganar\u00bb, comentaban Marian, Miguel y Javi, tres amigos de Rekalde con experiencia en viajes continentales del Athletic.<\/p>\n<p class=\"v-p\">En esos primeros momentos, cuando se produc\u00edan los encuentros entre amigos, las conversaciones giraban siempre alrededor del mismo tema: la forma en la que se hab\u00eda llegado a Dortmund. Hab\u00eda de todo. Pero seguro que pocos har\u00e1n de vuelta un viaje tan completo como el de Mikel, Markel, Unai y Juan, cuatro amigos de Getxo que disfrutaban del sol y la cerveza en una de las terrazas de Alten Markt. \u00abNada m\u00e1s acabar el partido cogemos a las 2.30 un tren a Colonia, luego un avi\u00f3n a Tirana, en Albania, vamos a Venecia y de all\u00ed a Santander. Y cogemos un bus para ir a Bilbao\u00bb, cuentan con una sonrisa.<\/p>\n<p class=\"v-p\">Son de los primeros que han llegado. Antes de las once de la ma\u00f1ana, al mismo tiempo que al lado del Signal Iduna Park se jugaba un partido de walking football con Gurpegui como capit\u00e1n del Athletic y la plantaci\u00f3n de un roble en se\u00f1al de hermanamiento entre ambos equipos y ciudades. Pero volvamos al centro. Desde la once, Alten Markt se ha convertido en una sitio reservado para la hinchada del Athletic, de la que formaban parte \u00d3scar de Marcos, Markel Susaeta o Mikel.San Jos\u00e9. Poco a poco, la plaza ha cogido dos colores, el rojo y el blanco. Hacia el mediod\u00eda, era casi imposible andar por este lugar y hab\u00eda gente que se ten\u00eda que quedar en las calles que daban acceso. No obstante, faltaba una pizca de chispa.<\/p>\n<p><a class=\"v-a-link\" href=\"https:\/\/www.elcorreo.com\/athletic\/imagenes-ambiente-previo-borussia-dortmundathletic-20251001123254-ga.html\" data-voc-vtm-id=\"in-text-traffic\" title=\"\" aria-label=\"Imagen\" rel=\"nofollow noopener\" target=\"_blank\"><br \/>\n<img decoding=\"async\" loading=\"lazy\" src=\"https:\/\/www.europesays.com\/es\/wp-content\/uploads\/2025\/10\/ambiente-14-kZTE--650x455@El Correo.jpg\" class=\"v-a-img\" width=\"650\" height=\"455\" alt=\"\" data-voc-vtm-id=\"in-text-traffic\"\/><\/p>\n<p><\/a><\/p>\n<p class=\"v-p\">\u00abHay ambiente, pero no como en otras ocasiones. A estas horas (las dos) en Manchester ya hab\u00eda una fiesta considerable. Aunque seguro que a medida que avance la tarde y llegue la hora del partido habr\u00e1 m\u00e1s ambiente\u00bb, pronosticaban Leire y \u00c1ngel, hija y padre, que acud\u00edan \u00abilusionados\u00bb con el partido. Es cierto que alg\u00fan aficionado se lanz\u00f3 a poner una bufanda de Txapeldunak, un gorro y una bandera en la estatua que presid\u00eda Alten Markt, se pod\u00eda ver a hinchas vestidos con el traje b\u00e1varo de la Oktoberkfest&#8230; Tambi\u00e9n hab\u00eda c\u00e1nticos, bufandeos e incluso bromas cuando pasaban aficionados alemanes \u2013 \u00abuno del Dortmund, uno del Dortmund, aqu\u00ed hay uno del Dortmund\u00bb, le dec\u00edan-, pero la caldera todav\u00eda no estaba en plena ebullici\u00f3n. <\/p>\n<p class=\"v-p\">Faltaba tiempo. Que se acercara la hora del encuentro. Entonces s\u00ed. A partir de las cuatro, casi sin espacio para caminar, estall\u00f3 la fiesta. Todos los c\u00e1nticos habituales, el lo, lo, lo Athletic Club, el reportorio rojiblanco sali\u00f3 a relucir. Por fin. No pod\u00eda faltar el \u00abfamoso Athletic\u00bb de Muniain. Los hinchas locales miraban at\u00f3nitos lo que suced\u00eda y se sacaban fotos con los visitantes. Se cruzaban y no pasaba nada. Todo en hermandad. Sin incidentes.<\/p>\n<p>Kalejira<\/p>\n<p class=\"v-p\">De repente, lleg\u00f3 la explosi\u00f3n. La kalejira organizada por \u00cd\u00f1igo Cabacas Herri Harmaila. Ah\u00ed la afici\u00f3n explot\u00f3. Parec\u00eda que la gente esperaba una se\u00f1al, un &#8216;ya&#8217;, para romperse. Una serpiente rojiblanca recorri\u00f3 Dortmund durante casi dos horas. Hubo todo tipo de c\u00e1nticos. <\/p>\n<p class=\"v-p\">Porque hubo un momento en el que la polic\u00eda que escoltaba a la afici\u00f3n -hab\u00eda cuatro furgonetas por delante, otras tantas por detr\u00e1s y decenas de antidisturbios &#8211; inform\u00f3 por megafon\u00eda de que no se pod\u00edan ense\u00f1ar la bandera palestina dentro del estadio. La respuesta fue gritar \u00abPalestina, askatu\u00bb y \u00abfree Palestina\u00bb. Tambi\u00e9n se escucharon gritos contra la presidente de la Comunidad de Madrid, Isabel D\u00edaz Ayuso. <\/p>\n<p class=\"v-p\">Aunque las 3.500 personas que acudieron a la convocatoria se dejaron la voz en animar al Athletic. A por todas. \u00abQue se nos oiga\u00bb. Vaya si se les oy\u00f3. De hecho, los hinchas del Dortmund que se cruzaban se quedaban admirados del paseo. Tras casi dos horas, la fiesta se traslad\u00f3 al estadio. \u00abGoazen Athleeeetic\u00bb.<\/p>\n","protected":false},"excerpt":{"rendered":"La afici\u00f3n del Athletic demostr\u00f3 que es de Champions en el primer desplazamiento de la Liga de Campeones&hellip;\n","protected":false},"author":2,"featured_media":151542,"comment_status":"","ping_status":"","sticky":false,"template":"","format":"standard","meta":{"footnotes":""},"categories":[268],"tags":[3437,2182,11681,168,25,24,280,282,281,23,167],"class_list":{"0":"post-151541","1":"post","2":"type-post","3":"status-publish","4":"format-standard","5":"has-post-thumbnail","7":"category-futbol","8":"tag-aficion","9":"tag-athletic","10":"tag-champions","11":"tag-deportes","12":"tag-es","13":"tag-espana","14":"tag-football","15":"tag-futbol","16":"tag-soccer","17":"tag-spain","18":"tag-sports"},"share_on_mastodon":{"url":"","error":""},"_links":{"self":[{"href":"https:\/\/www.europesays.com\/es\/wp-json\/wp\/v2\/posts\/151541","targetHints":{"allow":["GET"]}}],"collection":[{"href":"https:\/\/www.europesays.com\/es\/wp-json\/wp\/v2\/posts"}],"about":[{"href":"https:\/\/www.europesays.com\/es\/wp-json\/wp\/v2\/types\/post"}],"author":[{"embeddable":true,"href":"https:\/\/www.europesays.com\/es\/wp-json\/wp\/v2\/users\/2"}],"replies":[{"embeddable":true,"href":"https:\/\/www.europesays.com\/es\/wp-json\/wp\/v2\/comments?post=151541"}],"version-history":[{"count":0,"href":"https:\/\/www.europesays.com\/es\/wp-json\/wp\/v2\/posts\/151541\/revisions"}],"wp:featuredmedia":[{"embeddable":true,"href":"https:\/\/www.europesays.com\/es\/wp-json\/wp\/v2\/media\/151542"}],"wp:attachment":[{"href":"https:\/\/www.europesays.com\/es\/wp-json\/wp\/v2\/media?parent=151541"}],"wp:term":[{"taxonomy":"category","embeddable":true,"href":"https:\/\/www.europesays.com\/es\/wp-json\/wp\/v2\/categories?post=151541"},{"taxonomy":"post_tag","embeddable":true,"href":"https:\/\/www.europesays.com\/es\/wp-json\/wp\/v2\/tags?post=151541"}],"curies":[{"name":"wp","href":"https:\/\/api.w.org\/{rel}","templated":true}]}}