{"id":151543,"date":"2025-10-01T22:16:10","date_gmt":"2025-10-01T22:16:10","guid":{"rendered":"https:\/\/www.europesays.com\/es\/151543\/"},"modified":"2025-10-01T22:16:10","modified_gmt":"2025-10-01T22:16:10","slug":"el-mundo-televisivo-se-reunio-para-celebrar-el-25-aniversario-de-vertele","status":"publish","type":"post","link":"https:\/\/www.europesays.com\/es\/151543\/","title":{"rendered":"el mundo televisivo se reuni\u00f3 para celebrar el 25 aniversario de verTele"},"content":{"rendered":"<p class=\"article-text\">\n        La fiesta <strong>25 aniversario<\/strong> de <strong>verTele <\/strong>reuni\u00f3 la noche de este martes 30 de septiembre en Madrid al mundo de la TV.\n    <\/p>\n<p class=\"article-text\">\n        Directivos, presentadores, productores, plataformas, actores, actrices, colaboradores y periodistas televisivos celebramos el 25 cumplea\u00f1os de verTele en un photocall y un evento que depar\u00f3 fotos como estas captadas por Miguel \u00c1ngel Moya Rodr\u00edguez y Jos\u00e9 Fern\u00e1ndez-Pacheco.\n    <\/p>\n","protected":false},"excerpt":{"rendered":"La fiesta 25 aniversario de verTele reuni\u00f3 la noche de este martes 30 de septiembre en Madrid al&hellip;\n","protected":false},"author":2,"featured_media":151544,"comment_status":"","ping_status":"","sticky":false,"template":"","format":"standard","meta":{"footnotes":""},"categories":[174],"tags":[4495,9807,16218,255,146,147,25,24,256,38026,3013,6187,23,28932,45897],"class_list":{"0":"post-151543","1":"post","2":"type-post","3":"status-publish","4":"format-standard","5":"has-post-thumbnail","7":"category-famosos","8":"tag-4495","9":"tag-aniversario","10":"tag-celebrar","11":"tag-celebrities","12":"tag-entertainment","13":"tag-entretenimiento","14":"tag-es","15":"tag-espana","16":"tag-famosos","17":"tag-fotogaleria","18":"tag-mundo","19":"tag-reunio","20":"tag-spain","21":"tag-televisivo","22":"tag-vertele"},"share_on_mastodon":{"url":"","error":""},"_links":{"self":[{"href":"https:\/\/www.europesays.com\/es\/wp-json\/wp\/v2\/posts\/151543","targetHints":{"allow":["GET"]}}],"collection":[{"href":"https:\/\/www.europesays.com\/es\/wp-json\/wp\/v2\/posts"}],"about":[{"href":"https:\/\/www.europesays.com\/es\/wp-json\/wp\/v2\/types\/post"}],"author":[{"embeddable":true,"href":"https:\/\/www.europesays.com\/es\/wp-json\/wp\/v2\/users\/2"}],"replies":[{"embeddable":true,"href":"https:\/\/www.europesays.com\/es\/wp-json\/wp\/v2\/comments?post=151543"}],"version-history":[{"count":0,"href":"https:\/\/www.europesays.com\/es\/wp-json\/wp\/v2\/posts\/151543\/revisions"}],"wp:featuredmedia":[{"embeddable":true,"href":"https:\/\/www.europesays.com\/es\/wp-json\/wp\/v2\/media\/151544"}],"wp:attachment":[{"href":"https:\/\/www.europesays.com\/es\/wp-json\/wp\/v2\/media?parent=151543"}],"wp:term":[{"taxonomy":"category","embeddable":true,"href":"https:\/\/www.europesays.com\/es\/wp-json\/wp\/v2\/categories?post=151543"},{"taxonomy":"post_tag","embeddable":true,"href":"https:\/\/www.europesays.com\/es\/wp-json\/wp\/v2\/tags?post=151543"}],"curies":[{"name":"wp","href":"https:\/\/api.w.org\/{rel}","templated":true}]}}