{"id":151545,"date":"2025-10-01T22:18:28","date_gmt":"2025-10-01T22:18:28","guid":{"rendered":"https:\/\/www.europesays.com\/es\/151545\/"},"modified":"2025-10-01T22:18:28","modified_gmt":"2025-10-01T22:18:28","slug":"tesoros-de-maria-elena-walsh-y-sara-facio-viajan-a-la-caja-de-las-letras-del-cervantes","status":"publish","type":"post","link":"https:\/\/www.europesays.com\/es\/151545\/","title":{"rendered":"Tesoros de Mar\u00eda Elena Walsh y Sara Facio viajan a la Caja de las Letras del Cervantes"},"content":{"rendered":"<p class=\"com-paragraph  --capital --s\">Una tortuga de malaquita, seleccionada entre miles de r\u00e9plicas de Manuelita que <strong>Mar\u00eda Elena Walsh <\/strong>recibi\u00f3 de regalo a lo largo de su vida. Un ejemplar artesanal de edici\u00f3n \u00fanica, titulado <strong>Mar\u00eda Elena Dixit<\/strong>, que compila las ideas y opiniones de la autora sobre temas como la pena de muerte, la censura durante la dictadura, el feminismo y la no violencia. Una copia del manuscrito de la letra de <strong>\u201cComo la cigarra\u201d<\/strong>. Dos ediciones (una antigua y una reciente) de <strong>El reino del rev\u00e9s<\/strong>, que reflejan la vigencia de la obra infantil de la poeta y compositora y los cambios sociales y est\u00e9ticos reflejados a lo largo de 65 a\u00f1os. <strong>Esos materiales del legado de Walsh formar\u00e1n parte de la \u201cCaja de las letras\u201d, un gran tesoro cultural de la humanidad que preserva el Instituto Cervantes de Madrid en una b\u00f3veda ubicada en el subsuelo de su sede de la calle Alcal\u00e1. <\/strong><\/p>\n<p class=\"com-paragraph   --s\">Estos libros y objetos seleccionados por la Fundaci\u00f3n Mar\u00eda Elena Walsh Sara Facio estar\u00e1n acompa\u00f1ados por u<strong>na selecci\u00f3n de im\u00e1genes tomadas por la reconocida fot\u00f3grafa a lo largo de su carrera<\/strong>: Jorge Luis Borges asomando detr\u00e1s de un anaquel en la Biblioteca Nacional; Julio Cort\u00e1zar, muy joven y con un cigarrillo en la boca; un perfil de Miguel \u00c1ngel Asturias; un primer plano de Gabriel Garc\u00eda M\u00e1rquez y, claro, el famoso retrato de Mar\u00eda Elena, mirando a la c\u00e1mara sonriente. <\/p>\n<p class=\"com-paragraph   --s\">Hoy, en un acto en la Embajada de Espa\u00f1a, Graciela Garc\u00eda Romero, presidenta de la Fundaci\u00f3n, destac\u00f3 que este \u201creconocimiento internacional\u201d se formalizar\u00e1 el 2 de octubre en un acto en la sede madrile\u00f1a del Instituto cuando los materiales ingresen a la \u201cCaja de las letras\u201d a \u201cperpetuidad\u201d. M\u00e1s all\u00e1 de los objetos seleccionados, el legado de ambas referentes de la cultura argentina contiene \u201cel coraz\u00f3n de cada uno de nosotros\u201d y un fragmento de la vida, la infancia y la juventud de quienes se formaron con la obra de las artistas.<\/p>\n<p>Un libro de edici\u00f3n \u00fanica y una Manuelita de malaquita forman parte de los tesoros de WalshSoledad Aznarez<\/p>\n<p class=\"com-paragraph   --s\">\u201cSara y Mar\u00eda Elena han gestado una obra que son hilos de nuestro ADN, de nuestra identidad, han colaborado con nuestra construcci\u00f3n cultural argentina. Es m\u00e1s, el v\u00ednculo que las uni\u00f3 a las dos, adem\u00e1s de ser una expresi\u00f3n de \u00e9tica y libertad, tambi\u00e9n es un hecho cultural\u201d, dijo Garc\u00eda Romero. Y agreg\u00f3: \u201cEn la selecci\u00f3n de Mar\u00eda Elena no se puede soslayar su obra po\u00e9tica por lo que elegimos un libro que comprende esa obra, especialmente Oto\u00f1o imperdonable. Tampoco se puede soslayar su lucha por los Derechos Humanos, por la igualdad de las mujeres, por lo que agregamos Como la cigarra, la canci\u00f3n que los argentinos usamos como himno. Y para Sara que tiene una obra inmensa, elegimos el mundo cultural, en especial los escritores, que eran uno de sus temas preferidos. Tres grandes argentinos que cuando vieron la foto que le sac\u00f3 Sara, dijeron, \u2018esta es mi foto oficial\u2019. Y, una serie de la que Sara se enorgullec\u00eda era que le hab\u00eda sacado fotos a varios que despu\u00e9s fueron consagrados Premios Nobel. Es decir, que ella los hab\u00eda elegido antes. Y, de esos, elegimos a los escritores latinoamericanos que fueron consagrados por el premio\u201d.<\/p>\n<p>El libro \u00abMar\u00eda Elena Dixit\u00bb recorre las ideas de la gran artistaSoledad Aznarez<\/p>\n<p class=\"com-paragraph   --s\">En un sal\u00f3n colmado, donde se destaca el retrato del Rey Felipe creado por el d\u00fao Mondongo, el anfitri\u00f3n del acto fue el embajador espa\u00f1ol Joaqu\u00edn Aristegui Laborde, que estuvo acompa\u00f1ado por el consejero cultural Roberto Varela y Paula Palicio, directora del Centro Cultural de Espa\u00f1a en Buenos Aires. Particip\u00f3 tambi\u00e9n la ministra de Cultura porte\u00f1a Gabriela Ricardes, que se emocion\u00f3 hasta las l\u00e1grimas cuando se proyectaron los videos conmemorativos y se escuch\u00f3 la canci\u00f3n \u201cComo la cigarra\u201d.<\/p>\n<p>Una de las tantas tortugas que Walsh recibi\u00f3 de regalo a lo largo de su vidaSoledad Aznarez<\/p>\n<p class=\"com-paragraph   --s\">\u201cEn cada legado que se guarda en la Caja de las Letras del Instituto Cervantes va a estar presente un pedazo de todos nosotros: una mirada, una foto, una canci\u00f3n, un libro. Lo que se atesora all\u00ed es tambi\u00e9n nuestra historia colectiva, la infancia y la juventud que compartimos y que nos representa como capital cultural global. Por eso es tan significativo que Buenos Aires pueda estar representada a trav\u00e9s de sus artistas en este espacio que une y resguarda la memoria\u201d, destac\u00f3 Ricardes, que participar\u00e1 tambi\u00e9n del pr\u00f3ximo acto en Madrid. <\/p>\n<p>El ingreso oficial del legado de Mar\u00eda Elena Walsh y Sara Facio en la Caja de las Letras del Instituto Cervantes de Madrid se concretar\u00e1 el 2 de octubreSoledad Aznarez<\/p>\n<p class=\"com-paragraph   --s\">All\u00ed recibir\u00e1 ambos legados Luis Garc\u00eda Montero, director del Instituto Cervantes. La ceremonia ser\u00e1 transmitida en vivo por el canal de YouTube de la Fundaci\u00f3n Walsh Facio.<\/p>\n","protected":false},"excerpt":{"rendered":"Una tortuga de malaquita, seleccionada entre miles de r\u00e9plicas de Manuelita que Mar\u00eda Elena Walsh recibi\u00f3 de regalo&hellip;\n","protected":false},"author":2,"featured_media":151546,"comment_status":"","ping_status":"","sticky":false,"template":"","format":"standard","meta":{"footnotes":""},"categories":[172],"tags":[7542,224,45898,146,147,25,24,225,23],"class_list":{"0":"post-151545","1":"post","2":"type-post","3":"status-publish","4":"format-standard","5":"has-post-thumbnail","7":"category-libros","8":"tag-arte-y-cultura","9":"tag-books","10":"tag-cuadro-robado-mardel","11":"tag-entertainment","12":"tag-entretenimiento","13":"tag-es","14":"tag-espana","15":"tag-libros","16":"tag-spain"},"share_on_mastodon":{"url":"","error":""},"_links":{"self":[{"href":"https:\/\/www.europesays.com\/es\/wp-json\/wp\/v2\/posts\/151545","targetHints":{"allow":["GET"]}}],"collection":[{"href":"https:\/\/www.europesays.com\/es\/wp-json\/wp\/v2\/posts"}],"about":[{"href":"https:\/\/www.europesays.com\/es\/wp-json\/wp\/v2\/types\/post"}],"author":[{"embeddable":true,"href":"https:\/\/www.europesays.com\/es\/wp-json\/wp\/v2\/users\/2"}],"replies":[{"embeddable":true,"href":"https:\/\/www.europesays.com\/es\/wp-json\/wp\/v2\/comments?post=151545"}],"version-history":[{"count":0,"href":"https:\/\/www.europesays.com\/es\/wp-json\/wp\/v2\/posts\/151545\/revisions"}],"wp:featuredmedia":[{"embeddable":true,"href":"https:\/\/www.europesays.com\/es\/wp-json\/wp\/v2\/media\/151546"}],"wp:attachment":[{"href":"https:\/\/www.europesays.com\/es\/wp-json\/wp\/v2\/media?parent=151545"}],"wp:term":[{"taxonomy":"category","embeddable":true,"href":"https:\/\/www.europesays.com\/es\/wp-json\/wp\/v2\/categories?post=151545"},{"taxonomy":"post_tag","embeddable":true,"href":"https:\/\/www.europesays.com\/es\/wp-json\/wp\/v2\/tags?post=151545"}],"curies":[{"name":"wp","href":"https:\/\/api.w.org\/{rel}","templated":true}]}}