{"id":151547,"date":"2025-10-01T22:19:09","date_gmt":"2025-10-01T22:19:09","guid":{"rendered":"https:\/\/www.europesays.com\/es\/151547\/"},"modified":"2025-10-01T22:19:09","modified_gmt":"2025-10-01T22:19:09","slug":"pablo-motos-le-pregunta-a-vicente-valles-si-pedro-sanchez-aguantara-hasta-2027-su-respuesta-acaba-sorprendiendo","status":"publish","type":"post","link":"https:\/\/www.europesays.com\/es\/151547\/","title":{"rendered":"Pablo Motos le pregunta a Vicente Vall\u00e9s si Pedro S\u00e1nchez aguantar\u00e1 hasta 2027: su respuesta acaba sorprendiendo"},"content":{"rendered":"<p>El presentador de televisi\u00f3n <a href=\"https:\/\/www.huffingtonpost.es\/virales\/vicente-valles-responde-dos-cortas-contundentes-frases-pp-le-ve-incomodo-termino-genocidio-gaza.html\" rel=\"nofollow noopener\" target=\"_blank\">Vicente Vall\u00e9s ha sido el invitado de El Hormiguero<\/a> este mi\u00e9rcoles, siendo el primero en este mes de octubre. Lo hace con motivo de la publicaci\u00f3n de su nuevo libro, La caza del ejecutor, una novela de espionaje.<\/p>\n<p>Tras repasar algunas cuestiones de pol\u00edtica internacional, como la guerra entre Rusia y Ucrania y los pr\u00f3ximos movimientos que podr\u00eda hacer el pa\u00eds liderado por Vlad\u00edmir Putin, el presentador del programa, Pablo Moto<b>s, le ha preguntado directamente por la pol\u00edtica de Espa\u00f1a<\/b> y si cree que el presidente del Gobierno, <a href=\"https:\/\/www.huffingtonpost.es\/politica\/sanchez-confirma-optara-reeleccion-2027-ya-he-hablado-mi-familia-partidobr.html\" rel=\"nofollow noopener\" target=\"_blank\">Pedro S\u00e1nchez, aguantar\u00e1 hasta las pr\u00f3ximas elecciones generales de 2027.<\/a><\/p>\n<p>Ha sorprendido con su primera respuesta: <b>\u00abYo creo que Pedro S\u00e1nchez est\u00e1 en un gran momento para \u00e9l\u00bb.<\/b> Motos ha mostrado tanta sorpresa que no ha podido evitar preguntarle: \u00ab\u00bfen un gran momento?\u00bb.\u00a0<\/p>\n<p>\u00abCuando estaba en el proceso de investidura, no s\u00e9 si fue justo antes o justo despu\u00e9s, pero en esos d\u00edas, ya advirti\u00f3 en una reuni\u00f3n del Comit\u00e9 Federal del Partido Socialista que estaba dispuesto a gobernar con o sin el Parlamento. <b>Y efectivamente eso est\u00e1 haciendo<\/b>\u00ab, ha expresado Vall\u00e9s.<\/p>\n<p>\u00abCuando el Parlamento no apoya sus leyes, gobierna sin el Parlamento, cuando el Parlamento ha apoyado sus leyes, ha gobernado con el Parlamento. Hasta el punto de que hoy, d\u00eda 1 de octubre,<b> ya se tendr\u00eda que haber presentado hace 24 horas l<\/b>os presupuestos generales del Estado y por tercer a\u00f1o consecutivo no se han presentado\u00bb, ha razonado.<\/p>\n<p>Para el periodista, es posible que se presenten, y si se presentan, es posible que se aprueben o no. \u00abPero ni siquiera se han presentado en tiempo y forma, que es cuando correspond\u00eda hacerlo. Y todo sigue para adelante. El hecho de que el gobierno ya haya anunciado que, aunque no haya presupuestos, seguir\u00e1n gobernando, <b>hace que sus socios, los de investidura, sean perfectamente prescindibles<\/b>\u00ab, ha opinado.<\/p>\n","protected":false},"excerpt":{"rendered":"El presentador de televisi\u00f3n Vicente Vall\u00e9s ha sido el invitado de El Hormiguero este mi\u00e9rcoles, siendo el primero&hellip;\n","protected":false},"author":2,"featured_media":151548,"comment_status":"","ping_status":"","sticky":false,"template":"","format":"standard","meta":{"footnotes":""},"categories":[171],"tags":[146,147,25,24,5812,2959,23,214,45665],"class_list":{"0":"post-151547","1":"post","2":"type-post","3":"status-publish","4":"format-standard","5":"has-post-thumbnail","7":"category-tv","8":"tag-entertainment","9":"tag-entretenimiento","10":"tag-es","11":"tag-espana","12":"tag-pablo-motos","13":"tag-pedro-sanchez","14":"tag-spain","15":"tag-tv","16":"tag-vicente-valles"},"share_on_mastodon":{"url":"","error":""},"_links":{"self":[{"href":"https:\/\/www.europesays.com\/es\/wp-json\/wp\/v2\/posts\/151547","targetHints":{"allow":["GET"]}}],"collection":[{"href":"https:\/\/www.europesays.com\/es\/wp-json\/wp\/v2\/posts"}],"about":[{"href":"https:\/\/www.europesays.com\/es\/wp-json\/wp\/v2\/types\/post"}],"author":[{"embeddable":true,"href":"https:\/\/www.europesays.com\/es\/wp-json\/wp\/v2\/users\/2"}],"replies":[{"embeddable":true,"href":"https:\/\/www.europesays.com\/es\/wp-json\/wp\/v2\/comments?post=151547"}],"version-history":[{"count":0,"href":"https:\/\/www.europesays.com\/es\/wp-json\/wp\/v2\/posts\/151547\/revisions"}],"wp:featuredmedia":[{"embeddable":true,"href":"https:\/\/www.europesays.com\/es\/wp-json\/wp\/v2\/media\/151548"}],"wp:attachment":[{"href":"https:\/\/www.europesays.com\/es\/wp-json\/wp\/v2\/media?parent=151547"}],"wp:term":[{"taxonomy":"category","embeddable":true,"href":"https:\/\/www.europesays.com\/es\/wp-json\/wp\/v2\/categories?post=151547"},{"taxonomy":"post_tag","embeddable":true,"href":"https:\/\/www.europesays.com\/es\/wp-json\/wp\/v2\/tags?post=151547"}],"curies":[{"name":"wp","href":"https:\/\/api.w.org\/{rel}","templated":true}]}}