{"id":151549,"date":"2025-10-01T22:21:11","date_gmt":"2025-10-01T22:21:11","guid":{"rendered":"https:\/\/www.europesays.com\/es\/151549\/"},"modified":"2025-10-01T22:21:11","modified_gmt":"2025-10-01T22:21:11","slug":"fuego-y-ceniza-trae-de-vuelta-a-un-personaje-muy-querido-de-la-primera-pelicula","status":"publish","type":"post","link":"https:\/\/www.europesays.com\/es\/151549\/","title":{"rendered":"Fuego y ceniza trae de vuelta a un personaje muy querido de la primera pel\u00edcula"},"content":{"rendered":"<p>Avatar: Fuego y ceniza ha desvelado el regreso de un querido personaje de la primera pel\u00edcula que muchos fans echaron en falta durante los eventos de la anterior entrega.<\/p>\n<p>El pr\u00f3ximo mes de diciembre toca regresar a <strong>Pandora<\/strong> con el estreno en cines de <a href=\"https:\/\/www.hobbyconsolas.com\/noticias\/avatar-fuego-ceniza-abre-boca-fans-nuevo-trailer-esperada-secuela-james-cameron-1485312\" title=\"Avatar: Fuego y ceniza abre boca a los fans con un nuevo tr\u00e1iler de la esperada secuela de James Cameron\" rel=\"nofollow noopener\" target=\"_blank\">Avatar: Fuego y ceniza<\/a>, la tercera <strong>pel\u00edcula<\/strong> de la ambiciosa saga de ciencia ficci\u00f3n que dirige <a href=\"https:\/\/www.hobbyconsolas.com\/listas\/5-motivos-james-cameron-sigue-siendo-directores-importantes-1169326\" title=\"5 motivos por lo que James Cameron sigue siendo uno de los directores m\u00e1s importantes\" rel=\"nofollow noopener\" target=\"_blank\">James Cameron<\/a>.<\/p>\n<p>La nueva entrega introducir\u00e1 cierta complejidad moral al presentar como villana a Varang, l\u00edder del clan Mangkwan, una tribu menos pac\u00edfica que <strong>ha rechazado a Eywa y busca usar la violencia para causar problemas a los h\u00e9roes de Pandora<\/strong>.<\/p>\n<p>Pero <a href=\"https:\/\/www.hobbyconsolas.com\/listas\/cine-despues-verano-grandes-estrenos-septiembre-finales-ano-mortal-kombat-2-wicked-2-avatar-3-mucho-1479770\" title=\"Cine para despu\u00e9s del verano: grandes estrenos desde septiembre a finales de a\u00f1o: Mortal Kombat 2, Wicked 2, Avatar 3 y mucho m\u00e1s\" rel=\"nofollow noopener\" target=\"_blank\">Sully<\/a> no estar\u00e1 solo en esta nueva lucha, ya que el \u00faltimo tr\u00e1iler de la pel\u00edcula ha desvelado el regreso de un querido personaje al que no ve\u00edamos desde la primera entrega de la franquicia.<\/p>\n<p><img alt=\"Estas son las mejores tablets para ver pel\u00edculas y series\" loading=\"lazy\" width=\"127\" height=\"74\" decoding=\"async\" data-nimg=\"1\" style=\"color:transparent\"  src=\"https:\/\/www.europesays.com\/es\/wp-content\/uploads\/2025\/09\/1758754989_727_teclast-m30-pro-2165281.jpg\"\/>Estas son las mejores tablets para ver pel\u00edculas y series<\/p>\n<p>Si sueles ver series cuando viajas o en varias partes de casa, estas tablets pueden ser buenas compa\u00f1eras para el consumo de entretenimiento.<\/p>\n<p><a class=\"product-button\" href=\"https:\/\/www.hobbyconsolas.com\/reportajes\/estas-son-mejores-tablets-ver-peliculas-series-estes-donde-estes-800065\" title=\"Estas son las mejores tablets para ver pel\u00edculas y series\" data-gacat=\"Tarjetas\" data-gaact=\"impresion-tarjeta\" target=\"_blank\" rel=\"noreferrer nofollow noopener\">Ver listado<\/a>Avatar: Fuego y ceniza trae de vuelta a Toruk<\/p>\n<p>El nuevo tr\u00e1iler de Avatar: Fuego y ceniza ha desvelado varios puntos importantes, como por ejemplo que Spider ser\u00e1 capaz de respirar libremente en <a href=\"https:\/\/www.hobbyconsolas.com\/noticias\/reestreno-avatar-sentido-agua-incluira-tres-clips-ineditos-fuego-ceniza-pero-no-podras-ver-todos-1485449\" title=\"El reestreno de Avatar: El sentido del agua incluir\u00e1 tres clips in\u00e9ditos de Fuego y ceniza, pero no podr\u00e1s ver todos\" rel=\"nofollow noopener\" target=\"_blank\">Pandora<\/a>, algo que sin duda cambiar\u00e1 el panorama del planeta de forma dr\u00e1stica.<\/p>\n<p>Pero <strong>sin duda una de las revelaciones m\u00e1s impactantes para los fans de la franquicia es el regreso de Toruk<\/strong>, el gran leonopteryx que se convirti\u00f3 en la montura de Jake <strong>Sully<\/strong> durante los eventos de la primera pel\u00edcula.<\/p>\n<p>Toruk es una enorme bestia de la que tan solo cinco Na&#8217;vi han sido capaces de domarla. Es por ello que, cuando Jake consigue montarla, se gana el respeto inmediato de todos los clanes.<\/p>\n<p>Tras la derrota de la RDA en la primera pel\u00edcula, Jake ya no ten\u00eda la necesidad urgente de seguir montando a Toruk, por lo que se despide de la criatura. En <a href=\"https:\/\/www.hobbyconsolas.com\/reviews\/critica-avatar-sentido-agua-espectacular-viaje-vuelta-pandora-1166884\" title=\"Cr\u00edtica de Avatar: El sentido del agua, un espectacular viaje de vuelta a Pandora, ya en Disney+\" rel=\"nofollow noopener\" target=\"_blank\">Avatar: El sentido del agua<\/a> no vemos al gran leonopteryx debido a que Jake y su familia tratan de mantener un perfil bajo despu\u00e9s de que Quaritch comenzara a cazarlos.<\/p>\n<p>Ahora que Toruk est\u00e1 de vuelta, parece que las cosas se pondr\u00e1n a\u00fan m\u00e1s emocionantes en Avatar: Fuego y ceniza, donde <strong>volver\u00e1 a asociarse con Sully para lidiar con los miembros del Pueblo de las Cenizas<\/strong>.<\/p>\n<p>Avatar: Fuego y ceniza se estrena en las salas de cine de Espa\u00f1a el pr\u00f3ximo <strong>19 de diciembre de 2025<\/strong>. \u00bfQu\u00e9 te parece que Toruk est\u00e9 de regreso en la nueva <a href=\"https:\/\/www.hobbyconsolas.com\/listas\/7-peliculas-han-reestrenado-aniversarios-homenajes-porque-mejor-cine-ve-pantalla-grande-1383904\" title=\"7 pel\u00edculas que se han reestrenado en aniversarios y homenajes porque el mejor cine se ve en pantalla grande\" rel=\"nofollow noopener\" target=\"_blank\">pel\u00edcula<\/a> de <strong>James Cameron<\/strong>?<\/p>\n<p>Conoce <a href=\"https:\/\/www.hobbyconsolas.com\/como-trabajamos\" title=\"&quot;C\u00f3mo trabajamos en HobbyConsolas&quot;\" target=\"_blank\" rel=\"nofollow noopener\">c\u00f3mo trabajamos<\/a> en HobbyConsolas.<\/p>\n","protected":false},"excerpt":{"rendered":"Avatar: Fuego y ceniza ha desvelado el regreso de un querido personaje de la primera pel\u00edcula que muchos&hellip;\n","protected":false},"author":2,"featured_media":129656,"comment_status":"","ping_status":"","sticky":false,"template":"","format":"standard","meta":{"footnotes":""},"categories":[169],"tags":[177,146,147,25,24,176,175,23],"class_list":{"0":"post-151549","1":"post","2":"type-post","3":"status-publish","4":"format-standard","5":"has-post-thumbnail","7":"category-cine","8":"tag-cine","9":"tag-entertainment","10":"tag-entretenimiento","11":"tag-es","12":"tag-espana","13":"tag-film","14":"tag-movies","15":"tag-spain"},"share_on_mastodon":{"url":"","error":""},"_links":{"self":[{"href":"https:\/\/www.europesays.com\/es\/wp-json\/wp\/v2\/posts\/151549","targetHints":{"allow":["GET"]}}],"collection":[{"href":"https:\/\/www.europesays.com\/es\/wp-json\/wp\/v2\/posts"}],"about":[{"href":"https:\/\/www.europesays.com\/es\/wp-json\/wp\/v2\/types\/post"}],"author":[{"embeddable":true,"href":"https:\/\/www.europesays.com\/es\/wp-json\/wp\/v2\/users\/2"}],"replies":[{"embeddable":true,"href":"https:\/\/www.europesays.com\/es\/wp-json\/wp\/v2\/comments?post=151549"}],"version-history":[{"count":0,"href":"https:\/\/www.europesays.com\/es\/wp-json\/wp\/v2\/posts\/151549\/revisions"}],"wp:featuredmedia":[{"embeddable":true,"href":"https:\/\/www.europesays.com\/es\/wp-json\/wp\/v2\/media\/129656"}],"wp:attachment":[{"href":"https:\/\/www.europesays.com\/es\/wp-json\/wp\/v2\/media?parent=151549"}],"wp:term":[{"taxonomy":"category","embeddable":true,"href":"https:\/\/www.europesays.com\/es\/wp-json\/wp\/v2\/categories?post=151549"},{"taxonomy":"post_tag","embeddable":true,"href":"https:\/\/www.europesays.com\/es\/wp-json\/wp\/v2\/tags?post=151549"}],"curies":[{"name":"wp","href":"https:\/\/api.w.org\/{rel}","templated":true}]}}