{"id":151551,"date":"2025-10-01T22:24:10","date_gmt":"2025-10-01T22:24:10","guid":{"rendered":"https:\/\/www.europesays.com\/es\/151551\/"},"modified":"2025-10-01T22:24:10","modified_gmt":"2025-10-01T22:24:10","slug":"munter-y-el-amor-de-kandinsky-de-markus-rosenmuller-v-o-s-e","status":"publish","type":"post","link":"https:\/\/www.europesays.com\/es\/151551\/","title":{"rendered":"\u00abM\u00fcnter y el amor de Kandinsky\u00bb, de Markus Rosenm\u00fcller (V.O.S.E.)"},"content":{"rendered":"<p>Gabriele M\u00fcnter conoci\u00f3 a Wassily Kandinsky cuando a\u00fan so\u00f1aba con abrirse camino en el arte. Entre pinceles, viajes y el car\u00e1cter inquieto de un genio atormentado, naci\u00f3 una pasi\u00f3n que los uni\u00f3 como amantes y como c\u00f3mplices creativos. Una mujer que am\u00f3 con entrega, que inspir\u00f3 y protegi\u00f3 un legado art\u00edstico, y que, aun as\u00ed, fue relegada al olvido. Un retrato de deseo, traici\u00f3n y resistencia, pero tambi\u00e9n de la fuerza silenciosa de quien se niega a desaparecer de la historia. Una historia de amor y desamor que cambi\u00f3 para siempre la historia del arte.<\/p>\n<p>Direcci\u00f3n: Markus Rosenm\u00fcller<br \/>Reparto: Felix Klare, Marianne S\u00e4gebrecht, Monika Gossmann, Vanessa Loibl, Vladimir Brulakov<br \/>Duraci\u00f3n: 121 min.<br \/>Calificaci\u00f3n: No recomendada para menores de 12 a\u00f1os<br \/>G\u00e9nero: Arte, Drama, Pintura, Romance<br \/>Nacionalidad: Alemania<br \/>Idioma: Alem\u00e1n, Ingl\u00e9s<br \/>Estreno: 03 de Octubre de 2025<br \/>Distribuidora: SURTSEY FILMS<\/p>\n","protected":false},"excerpt":{"rendered":"Gabriele M\u00fcnter conoci\u00f3 a Wassily Kandinsky cuando a\u00fan so\u00f1aba con abrirse camino en el arte. Entre pinceles, viajes&hellip;\n","protected":false},"author":2,"featured_media":150744,"comment_status":"","ping_status":"","sticky":false,"template":"","format":"standard","meta":{"footnotes":""},"categories":[91],"tags":[146,147,25,24,23],"class_list":{"0":"post-151551","1":"post","2":"type-post","3":"status-publish","4":"format-standard","5":"has-post-thumbnail","7":"category-entretenimiento","8":"tag-entertainment","9":"tag-entretenimiento","10":"tag-es","11":"tag-espana","12":"tag-spain"},"share_on_mastodon":{"url":"","error":""},"_links":{"self":[{"href":"https:\/\/www.europesays.com\/es\/wp-json\/wp\/v2\/posts\/151551","targetHints":{"allow":["GET"]}}],"collection":[{"href":"https:\/\/www.europesays.com\/es\/wp-json\/wp\/v2\/posts"}],"about":[{"href":"https:\/\/www.europesays.com\/es\/wp-json\/wp\/v2\/types\/post"}],"author":[{"embeddable":true,"href":"https:\/\/www.europesays.com\/es\/wp-json\/wp\/v2\/users\/2"}],"replies":[{"embeddable":true,"href":"https:\/\/www.europesays.com\/es\/wp-json\/wp\/v2\/comments?post=151551"}],"version-history":[{"count":0,"href":"https:\/\/www.europesays.com\/es\/wp-json\/wp\/v2\/posts\/151551\/revisions"}],"wp:featuredmedia":[{"embeddable":true,"href":"https:\/\/www.europesays.com\/es\/wp-json\/wp\/v2\/media\/150744"}],"wp:attachment":[{"href":"https:\/\/www.europesays.com\/es\/wp-json\/wp\/v2\/media?parent=151551"}],"wp:term":[{"taxonomy":"category","embeddable":true,"href":"https:\/\/www.europesays.com\/es\/wp-json\/wp\/v2\/categories?post=151551"},{"taxonomy":"post_tag","embeddable":true,"href":"https:\/\/www.europesays.com\/es\/wp-json\/wp\/v2\/tags?post=151551"}],"curies":[{"name":"wp","href":"https:\/\/api.w.org\/{rel}","templated":true}]}}